{"id":110851,"date":"2025-11-20T19:04:13","date_gmt":"2025-11-20T19:04:13","guid":{"rendered":"https:\/\/www.europesays.com\/pl\/110851\/"},"modified":"2025-11-20T19:04:13","modified_gmt":"2025-11-20T19:04:13","slug":"maciej-pela-przerwal-milczenie-tak-skomentowal-czulosci-agnieszki-kaczorowskiej-w-tancu-z-gwiazdami","status":"publish","type":"post","link":"https:\/\/www.europesays.com\/pl\/110851\/","title":{"rendered":"Maciej Pela przerwa\u0142 milczenie. Tak skomentowa\u0142 czu\u0142o\u015bci Agnieszki Kaczorowskiej w &#8222;Ta\u0144cu z gwiazdami&#8221;"},"content":{"rendered":"<p class=\"Paragraph_desktopParagraph__U31Gm\"><a href=\"https:\/\/plejada.pl\/maciej-pela\" id=\"6650df90-8fba-4e7a-a3d9-69efcf9d54b7\" rel=\"nofollow noopener\" target=\"_blank\">Maciej Pela<\/a> otwarcie przyzna\u0142, \u017ce nie mia\u0142 okazji \u015bledzi\u0107 wyst\u0119p\u00f3w Agnieszki Kaczorowskiej i Marcina Rogacewicza w programie <a href=\"https:\/\/plejada.pl\/taniec-z-gwiazdami-program-tv\" id=\"8c26375e-3ea3-43d1-832e-b6a6bd10005d\" rel=\"nofollow noopener\" target=\"_blank\">&#8222;Taniec z gwiazdami&#8221;<\/a>. Jak zauwa\u017cy\u0142, powodem by\u0142 napi\u0119ty grafik i obowi\u0105zki rodzinne. &#8222;Co drug\u0105 niedziel\u0119 mam c\u00f3rki pod opiek\u0105, a jak nie mam, to jestem albo w pracy, albo na si\u0142owni. M\u00f3j dzie\u0144 jest dosy\u0107 mocno napi\u0119ty&#8221; \u2014 wyja\u015bni\u0142 w podca\u015bcie &#8222;Galaktyka Plotek&#8221;.<\/p>\n<p>Maciej Pela o zachowaniu Kaczorowskiej w &#8222;Ta\u0144cu z gwiazdami&#8221;. &#8222;To jest ich \u017cycie&#8221; <\/p>\n<p class=\"Paragraph_desktopParagraph__U31Gm\">Tancerz podkre\u015bli\u0142, \u017ce format tanecznego show Polsatu, nie wpisuje si\u0119 w jego zainteresowania. Sam wychowa\u0142 si\u0119 na innym stylu tanecznym, dlatego zdecydowanie bli\u017cszy jego serce jest program &#8222;You Can Dance&#8221;.<\/p>\n<p class=\"Paragraph_desktopParagraph__U31Gm\">Pela, cho\u0107 nie ogl\u0105da\u0142 &#8222;Ta\u0144ca z gwiazdami&#8221; przyzna\u0142, \u017ce fragmenty wyst\u0119p\u00f3w by\u0142ej \u017cony i jej obecnego partnera wy\u015bwietla\u0142y si\u0119 mu w mediach spo\u0142eczno\u015bciowych.<\/p>\n<blockquote>\n<p class=\"Paragraph_desktopParagraph__U31Gm\">Algorytm podrzuca roleczki, nie roleczki. (&#8230;) No i okej, podrzuca. Czasami si\u0119 co\u015b wy\u015bwietli jak scrolluj\u0119, a czasem nie <\/p>\n<\/blockquote>\n<p class=\"Paragraph_desktopParagraph__U31Gm\">\u2014 t\u0142umaczy\u0142, podkre\u015blaj\u0105c, \u017ce takie tre\u015bci nie wywo\u0142uj\u0105 u niego wi\u0119kszych emocji. &#8222;Wy\u015bwietla si\u0119 i id\u0119 dalej&#8221; \u2014 podsumowa\u0142.<\/p>\n<p class=\"Paragraph_desktopParagraph__U31Gm\"><a href=\"https:\/\/plejada.pl\/agnieszka-kaczorowska\" id=\"a05dfbc5-3dac-418c-ba0f-3ec423afd923\" rel=\"nofollow noopener\" target=\"_blank\">Agnieszka Kaczorowska<\/a> i Marcin Rogacewicz w trakcie programu nie unikali okazywania sobie czu\u0142o\u015bci, co wzbudzi\u0142o sporo emocji w\u015br\u00f3d widz\u00f3w. Maciej Pela, zapytany o swoje zdanie na ten temat, zachowa\u0142 neutralno\u015b\u0107. &#8222;To nie jest moja sprawa. To jest ich \u017cycie, ich zwi\u0105zek i trzymam kciuki. Niech sobie \u017cyj\u0105, jak chc\u0105&#8221; \u2014 doda\u0142 na koniec.<\/p>\n<p><img decoding=\"async\" class=\"Image_image__0tuHp Image_autoHeight__f2n87 \" height=\"587\" width=\"391\" src=\"https:\/\/www.europesays.com\/pl\/wp-content\/uploads\/2025\/11\/4hak9kpTURBXy80YTQyMWUwYTRlMmM1YWI0ZWIzYzE0ZGZiZmVhNDE4OC5qcGeSlQLNA6wAwsOVAgDNAkvCw94AA6EwAaExAaEzw.jpeg\" alt=\"Maciej Pela\" loading=\"lazy\" \/>Dariusz Ga\u0142\u0105zka \/ AKPA<\/p>\n<p>Maciej Pela<\/p>\n<p><img decoding=\"async\" class=\"Image_image__0tuHp Image_autoHeight__f2n87 \" height=\"587\" width=\"878\" src=\"https:\/\/www.europesays.com\/pl\/wp-content\/uploads\/2025\/11\/ws-k9kpTURBXy9lYjFkZTk1MmYxZDFlZjQ2OTk3Y2E5OWJhYTlkNzdmNy5qcGeSlQLNA6wAwsOVAgDNAkvCw94AA6EwAaExAaEzw.jpeg\" alt=\"Agnieszka Kaczorowska i Marcin Rogacewicz (7. odcinek)\" loading=\"lazy\" \/>Andras Szilagyi \/ MW Media<\/p>\n<p>Agnieszka Kaczorowska i Marcin Rogacewicz (7. odcinek)<\/p>\n<p class=\"Paragraph_desktopParagraph__U31Gm\">Dzi\u0119kujemy, \u017ce przeczyta\u0142a\u015b\/e\u015b nasz artyku\u0142 do ko\u0144ca. W serwisie Plejada.pl ka\u017cdego dnia piszemy o najwa\u017cniejszych wydarzeniach show-biznesowych. B\u0105d\u017a na bie\u017c\u0105co! <a rel=\"nofollow noopener\" href=\"https:\/\/profile.google.com\/cp\/Cg0vZy8xMWJ6X19wdHBx\" id=\"634b9086-98e5-4d2a-a2a8-da5aca252c09\" target=\"_blank\">Obserwuj<\/a> Plejad\u0119 w Google. Odwied\u017a nas tak\u017ce na <a rel=\"nofollow noopener\" href=\"https:\/\/www.facebook.com\/plejadapl\" id=\"e58d91df-01cf-44a4-bafd-54cb597da680\" target=\"_blank\">Facebooku<\/a>, <a rel=\"nofollow noopener\" href=\"https:\/\/www.instagram.com\/plejadapl\/\" id=\"678f8edc-8652-42f3-ae78-730fd65086ed\" target=\"_blank\">Instagramie<\/a>, <a rel=\"nofollow noopener\" href=\"https:\/\/www.youtube.com\/c\/plejada\" id=\"d1f8fcbb-3e6d-40e8-b790-0ce2771541fb\" target=\"_blank\">YouTubie<\/a> oraz <a rel=\"nofollow noopener\" href=\"https:\/\/www.tiktok.com\/@plejada_pl\" id=\"be715dee-a8ed-43a4-8887-f43cdce61ac5\" target=\"_blank\">TikToku<\/a>.<\/p>\n<p class=\"Paragraph_desktopParagraph__U31Gm\">Chcesz podzieli\u0107 si\u0119 ciekawym newsem lub zaproponowa\u0107 temat? Skontaktuj si\u0119 z nami, pisz\u0105c maila na adres: <a href=\"https:\/\/www.onet.pl\/styl-zycia\/plejada\/maciej-pela-przerwal-milczenie-tak-skomentowal-czulosci-agnieszki-kaczorowskiej-w\/mailto:plejada@redakcjaonet.pl\" id=\"63bd79d1-b53b-4cbf-af08-876cbd122c2f\" rel=\"nofollow noopener\" target=\"_blank\">plejada@redakcjaon<\/a><a rel=\"nofollow noopener\" href=\"http:\/\/et.pl\" id=\"9824d3a4-b4e0-4fd7-a3f7-cb632f2e4a1a\" target=\"_blank\">et.pl<\/a>.<\/p>\n<p><script async src=\"\/\/www.instagram.com\/embed.js\"><\/script><script async src=\"\/\/www.tiktok.com\/embed.js\"><\/script><\/p>\n","protected":false},"excerpt":{"rendered":"Maciej Pela otwarcie przyzna\u0142, \u017ce nie mia\u0142 okazji \u015bledzi\u0107 wyst\u0119p\u00f3w Agnieszki Kaczorowskiej i Marcina Rogacewicza w programie &#8222;Taniec&hellip;\n","protected":false},"author":2,"featured_media":110852,"comment_status":"","ping_status":"","sticky":false,"template":"","format":"standard","meta":{"footnotes":""},"categories":[22],"tags":[172,122,67,261,2156,3462,53,52,68,51,55,42,38,40,39,41,123,47,1863,65,50],"class_list":{"0":"post-110851","1":"post","2":"type-post","3":"status-publish","4":"format-standard","5":"has-post-thumbnail","7":"category-rozrywka","8":"tag-agnieszka_kaczorowska","9":"tag-entertainment","10":"tag-intextvideo_splayer","11":"tag-kultura","12":"tag-maciej_pela","13":"tag-marcin_rogacewicz","14":"tag-new_header","15":"tag-onet3","16":"tag-onet3d","17":"tag-onet3d_2i","18":"tag-phx","19":"tag-pl","20":"tag-poland","21":"tag-polish","22":"tag-polska","23":"tag-polski","24":"tag-rozrywka","25":"tag-screening_general","26":"tag-taniec_z_gwiazdami_program_tv","27":"tag-update_me","28":"tag-v2021"},"share_on_mastodon":{"url":"https:\/\/pubeurope.com\/@pl\/115583586569463390","error":""},"_links":{"self":[{"href":"https:\/\/www.europesays.com\/pl\/wp-json\/wp\/v2\/posts\/110851","targetHints":{"allow":["GET"]}}],"collection":[{"href":"https:\/\/www.europesays.com\/pl\/wp-json\/wp\/v2\/posts"}],"about":[{"href":"https:\/\/www.europesays.com\/pl\/wp-json\/wp\/v2\/types\/post"}],"author":[{"embeddable":true,"href":"https:\/\/www.europesays.com\/pl\/wp-json\/wp\/v2\/users\/2"}],"replies":[{"embeddable":true,"href":"https:\/\/www.europesays.com\/pl\/wp-json\/wp\/v2\/comments?post=110851"}],"version-history":[{"count":0,"href":"https:\/\/www.europesays.com\/pl\/wp-json\/wp\/v2\/posts\/110851\/revisions"}],"wp:featuredmedia":[{"embeddable":true,"href":"https:\/\/www.europesays.com\/pl\/wp-json\/wp\/v2\/media\/110852"}],"wp:attachment":[{"href":"https:\/\/www.europesays.com\/pl\/wp-json\/wp\/v2\/media?parent=110851"}],"wp:term":[{"taxonomy":"category","embeddable":true,"href":"https:\/\/www.europesays.com\/pl\/wp-json\/wp\/v2\/categories?post=110851"},{"taxonomy":"post_tag","embeddable":true,"href":"https:\/\/www.europesays.com\/pl\/wp-json\/wp\/v2\/tags?post=110851"}],"curies":[{"name":"wp","href":"https:\/\/api.w.org\/{rel}","templated":true}]}}