{"id":111006,"date":"2025-11-20T21:08:12","date_gmt":"2025-11-20T21:08:12","guid":{"rendered":"https:\/\/www.europesays.com\/pl\/111006\/"},"modified":"2025-11-20T21:08:12","modified_gmt":"2025-11-20T21:08:12","slug":"marek-migalski-ma-nowotwor-zabral-glos-po-operacji-jestem-po-usunieciu-esicy","status":"publish","type":"post","link":"https:\/\/www.europesays.com\/pl\/111006\/","title":{"rendered":"Marek Migalski ma nowotw\u00f3r. Zabra\u0142 g\u0142os po operacji: jestem po usuni\u0119ciu esicy"},"content":{"rendered":"<p class=\"ods-c-paragraph \"><a href=\"https:\/\/wiadomosci.onet.pl\/marek-migalski\" id=\"7bf56790-89be-4440-ba1f-cadcd7bef0fe\" rel=\"nofollow noopener\" target=\"_blank\">Marek Migalski<\/a> ujawni\u0142 niedawno, \u017ce zdiagnozowano u niego <a href=\"https:\/\/plejada.pl\/newsy\/znany-politolog-trafil-do-szpitala-lekarz-od-razu-zauwazyl\/55vm5xc\" id=\"37bdf88d-496a-4385-a54a-7b989b03c9bd\" rel=\"nofollow noopener\" target=\"_blank\">z\u0142o\u015bliwy nowotw\u00f3r jelita grubego<\/a>. Jak wyja\u015bni\u0142, choroba zosta\u0142a wykryta zupe\u0142nie przypadkowo, podczas rutynowej kolonoskopii. Nie mia\u0142 \u017cadnych objaw\u00f3w. Lekarz, kt\u00f3ry wykonywa\u0142 badanie, zauwa\u017cy\u0142 jednak zmiany onkologiczne wymagaj\u0105ce pilnej operacji. Marek Migalski opisa\u0142 w sieci moment, w kt\u00f3rym dowiedzia\u0142 si\u0119 o chorobie:<\/p>\n<blockquote class=\"ods-o-quota\">\n<p class=\"ods-o-quota__paragraph\">Wszystko zacz\u0119\u0142o si\u0119 kilka tygodni temu, gdy poszed\u0142em na kolonoskopi\u0119. Nic mnie nie bola\u0142o, ale postanowi\u0142em zbada\u0107 si\u0119 &#8222;just in case&#8221;. Mia\u0142em nadziej\u0119, \u017ce po badaniu us\u0142ysz\u0119, i\u017c mam pi\u0119kne, czyste wn\u0119trze i \u017ce widzimy si\u0119 za dziesi\u0119\u0107 lat \u2013 wszak prawie nie jem mi\u0119sa, jestem aktywny sportowo, zajadam si\u0119 warzywami i owocami<\/p>\n<\/blockquote>\n<p class=\"ods-c-paragraph \"> \u2013 pisa\u0142 w swoim obszernym wpisie politolog i profesor Uniwersytetu \u015al\u0105skiego. <\/p>\n<p>Dalszy ci\u0105g artyku\u0142u pod materia\u0142em wideo<\/p>\n<p> Jakie nowotw\u00f3r zdiagnozowano u Marka Migalskiego? <\/p>\n<p> Jak si\u0119 czuje Marek Migalski po operacji? <\/p>\n<p> Gdzie odby\u0142a si\u0119 operacja Marka Migalskiego? <\/p>\n<p> Kiedy Marek Migalski ma wr\u00f3ci\u0107 do domu? <\/p>\n<p>  Marek Migalski zachorowa\u0142 na nowotw\u00f3r. Jest ju\u017c po operacji: jestem ju\u017c po usuni\u0119ciu esicy<\/p>\n<p class=\"ods-c-paragraph \">Marek Migalski poinformowa\u0142 wtedy r\u00f3wnie\u017c, \u017ce czeka go zabieg usuni\u0119cia du\u017cej cz\u0119\u015bci esicy, czyli fragmentu jelita grubego. Doda\u0142, \u017ce jego nowotw\u00f3r wykryto we wczesnym stadium i ma on &#8222;nisk\u0105 emisyjno\u015b\u0107&#8221;, co daje szans\u0119 na wzgl\u0119dnie szybki powr\u00f3t do normalno\u015bci po operacji, rehabilitacji i \u2013 je\u015bli b\u0119dzie konieczna \u2013 chemioterapii. W czwartkowy wiecz\u00f3r politolog opublikowa\u0142 kolejny, jeszcze bardziej osobisty wpis, do\u0142\u0105czaj\u0105c zdj\u0119cie ze szpitalnego \u0142\u00f3\u017cka.<\/p>\n<blockquote class=\"ods-o-quota\">\n<p class=\"ods-o-quota__paragraph\">Jestem ju\u017c po usuni\u0119ciu esicy zaatakowanej przez nowotw\u00f3r. Wiele os\u00f3b pyta mnie jak si\u0119 czuj\u0119?<\/p>\n<\/blockquote>\n<p class=\"ods-c-paragraph \"> \u2013 rozpocz\u0105\u0142.<\/p>\n<p class=\"ods-c-paragraph \">Odpowied\u017a zilustrowa\u0142 d\u0142ug\u0105, mocn\u0105 anegdot\u0105 o rannym Jonesie, kt\u00f3ry \u2013 zapytany, czy strza\u0142a w p\u0142ucu bardzo boli \u2013 odpowiada: &#8222;Nie. Tylko wtedy, gdy si\u0119 \u015bmiej\u0119&#8221;. <\/p>\n<p class=\"ods-c-paragraph \">Po tej metaforze Marek Migalski doda\u0142 ju\u017c zupe\u0142nie powa\u017cnie:<\/p>\n<blockquote class=\"ods-o-quota\">\n<p class=\"ods-o-quota__paragraph\">A serio: operacja si\u0119 uda\u0142a i prawie nic mnie nie boli (obie te rzeczy zawdzi\u0119czam wspania\u0142emu zespo\u0142owi lekarsko-piel\u0119gniarskiemu szpitala \u015bw. Barbary w Sosnowcu). Za kilka dni wr\u00f3c\u0119 do domu i b\u0119d\u0119 czeka\u0142 na wyniki bada\u0144 histopatologicznych. To one ostatecznie rozstrzygn\u0105, czy jeszcze tylko dopalamy gnoja chemi\u0105 i ko\u0144czymy t\u0119 gr\u0119 w ciuciubabk\u0119, czy te\u017c jednak bawimy si\u0119 dalej<\/p>\n<\/blockquote>\n<p class=\"ods-c-paragraph \">Na ko\u0144cu Marek Migalski skierowa\u0142 do swoich obserwator\u00f3w wyj\u0105tkowo ciep\u0142e s\u0142owa: &#8222;chc\u0119 bardzo podzi\u0119kowa\u0107 za to tsunami \u017cyczliwo\u015bci, kt\u00f3re do mnie od Was sp\u0142yn\u0119\u0142o! Jestem totalnie zaskoczony i bardzo mi mi\u0142o. Spo\u0142ecze\u0144stwo wcale nie jest takie niemi\u0142e&#8221;. <\/p>\n<p>   <img decoding=\"async\" src=\"https:\/\/www.europesays.com\/pl\/wp-content\/uploads\/2025\/11\/mH7k9lBaHR0cHM6Ly9vY2RuLmV1L3B1bHNjbXMvTURBXy9iMTkzNDU2ZTQ5OTJiNTM4YjAyOThlMTEyOWNlNWY3Yi5qcGeRlQLNB.jpeg\" height=\"627\" width=\"940\" alt=\"Marek Migalski\" loading=\"lazy\" class=\"ods-c-image__img ods-c-image__img--viewport-width\"\/><\/p>\n<p>Marek MigalskiWaldemar Deska \/ PAP<\/p>\n<p class=\"ods-c-paragraph \">Dzi\u0119kujemy, \u017ce przeczyta\u0142a\u015b\/e\u015b nasz artyku\u0142 do ko\u0144ca. W serwisie Plejada.pl ka\u017cdego dnia piszemy o najwa\u017cniejszych wydarzeniach show-biznesowych. B\u0105d\u017a na bie\u017c\u0105co! <a rel=\"nofollow noopener\" href=\"https:\/\/profile.google.com\/cp\/Cg0vZy8xMWJ6X19wdHBx\" id=\"43cc8ae5-9a30-4f9d-829b-8cd7c678e5b9\" target=\"_blank\">Obserwuj<\/a> Plejad\u0119 w Google. Odwied\u017a nas tak\u017ce na <a rel=\"nofollow noopener\" href=\"https:\/\/www.facebook.com\/plejadapl\" id=\"cdea26f3-759e-4bba-af84-1133eeb566b3\" target=\"_blank\">Facebooku<\/a>, <a rel=\"nofollow noopener\" href=\"https:\/\/www.instagram.com\/plejadapl\/\" id=\"d08d6de3-267d-457f-b618-2cbf1495d388\" target=\"_blank\">Instagramie<\/a>, <a rel=\"nofollow noopener\" href=\"https:\/\/www.youtube.com\/c\/plejada\" id=\"ce80b37b-0e9b-4c8b-9a55-327590c9d81d\" target=\"_blank\">YouTubie<\/a> oraz <a rel=\"nofollow noopener\" href=\"https:\/\/www.tiktok.com\/@plejada_pl\" id=\"e9038346-1423-4de6-96e2-309b4d469ad5\" target=\"_blank\">TikToku<\/a>.<\/p>\n<p class=\"ods-c-paragraph \">Chcesz podzieli\u0107 si\u0119 ciekawym newsem lub zaproponowa\u0107 temat? Skontaktuj si\u0119 z nami, pisz\u0105c maila na adres: <a rel=\"nofollow noopener\" href=\"https:\/\/plejada.pl\/newsy\/marek-migalski-ma-nowotwor-zabral-glos-po-operacji-jestem-po-usunieciu-esicy\/mailto:plejada@redakcjaonet.pl\" id=\"ad33670c-be96-4786-9d12-3a8b42ffa0a4\" target=\"_blank\">plejada@redakcjaon<\/a><a href=\"https:\/\/et.pl\" id=\"e43b229e-0e25-4b7a-ae04-15be80705d17\" rel=\"nofollow noopener\" target=\"_blank\">et.pl<\/a>.<\/p>\n<p><script async src=\"\/\/www.instagram.com\/embed.js\"><\/script><script async src=\"\/\/www.tiktok.com\/embed.js\"><\/script><\/p>\n","protected":false},"excerpt":{"rendered":"Marek Migalski ujawni\u0142 niedawno, \u017ce zdiagnozowano u niego z\u0142o\u015bliwy nowotw\u00f3r jelita grubego. Jak wyja\u015bni\u0142, choroba zosta\u0142a wykryta zupe\u0142nie&hellip;\n","protected":false},"author":2,"featured_media":111007,"comment_status":"","ping_status":"","sticky":false,"template":"","format":"standard","meta":{"footnotes":""},"categories":[5],"tags":[32,33,36,37,27,34,35,16388,28,31,48,25,125,2095,46,529,24378,42,38,40,39,41,22486,47,29,30,26],"class_list":{"0":"post-111006","1":"post","2":"type-post","3":"status-publish","4":"format-standard","5":"has-post-thumbnail","7":"category-naglowki","8":"tag-breaking-news","9":"tag-breakingnews","10":"tag-featured-news","11":"tag-featurednews","12":"tag-headlines","13":"tag-latest-news","14":"tag-latestnews","15":"tag-marek_migalski","16":"tag-naglowki","17":"tag-najwazniejsze-artykuly","18":"tag-nat_styl","19":"tag-news","20":"tag-newsy","21":"tag-nowotwor","22":"tag-omp","23":"tag-pis","24":"tag-pjn_partia","25":"tag-pl","26":"tag-poland","27":"tag-polish","28":"tag-polska","29":"tag-polski","30":"tag-rak_jelita_grubego","31":"tag-screening_general","32":"tag-top-stories","33":"tag-topstories","34":"tag-wiadomosci"},"share_on_mastodon":{"url":"https:\/\/pubeurope.com\/@pl\/115584074067564294","error":""},"_links":{"self":[{"href":"https:\/\/www.europesays.com\/pl\/wp-json\/wp\/v2\/posts\/111006","targetHints":{"allow":["GET"]}}],"collection":[{"href":"https:\/\/www.europesays.com\/pl\/wp-json\/wp\/v2\/posts"}],"about":[{"href":"https:\/\/www.europesays.com\/pl\/wp-json\/wp\/v2\/types\/post"}],"author":[{"embeddable":true,"href":"https:\/\/www.europesays.com\/pl\/wp-json\/wp\/v2\/users\/2"}],"replies":[{"embeddable":true,"href":"https:\/\/www.europesays.com\/pl\/wp-json\/wp\/v2\/comments?post=111006"}],"version-history":[{"count":0,"href":"https:\/\/www.europesays.com\/pl\/wp-json\/wp\/v2\/posts\/111006\/revisions"}],"wp:featuredmedia":[{"embeddable":true,"href":"https:\/\/www.europesays.com\/pl\/wp-json\/wp\/v2\/media\/111007"}],"wp:attachment":[{"href":"https:\/\/www.europesays.com\/pl\/wp-json\/wp\/v2\/media?parent=111006"}],"wp:term":[{"taxonomy":"category","embeddable":true,"href":"https:\/\/www.europesays.com\/pl\/wp-json\/wp\/v2\/categories?post=111006"},{"taxonomy":"post_tag","embeddable":true,"href":"https:\/\/www.europesays.com\/pl\/wp-json\/wp\/v2\/tags?post=111006"}],"curies":[{"name":"wp","href":"https:\/\/api.w.org\/{rel}","templated":true}]}}