{"id":111021,"date":"2025-11-20T21:21:11","date_gmt":"2025-11-20T21:21:11","guid":{"rendered":"https:\/\/www.europesays.com\/pl\/111021\/"},"modified":"2025-11-20T21:21:11","modified_gmt":"2025-11-20T21:21:11","slug":"wlodzimierz-czarzasty-wypalil-z-indianskim-okrzykiem-w-tvn24-anita-werner-az-zastygla","status":"publish","type":"post","link":"https:\/\/www.europesays.com\/pl\/111021\/","title":{"rendered":"W\u0142odzimierz Czarzasty wypali\u0142 z india\u0144skim okrzykiem w TVN24. Anita Werner a\u017c zastyg\u0142a"},"content":{"rendered":"<p class=\"Paragraph_desktopParagraph__U31Gm\">Nowy marsza\u0142ek Sejmu W\u0142odzimierz Czarzasty w studiu w TVN24 m\u00f3wi\u0142 m.in. o <a href=\"https:\/\/wiadomosci.onet.pl\/kraj\/krzyki-precz-z-komuna-w-sejmie-poslowie-pis-opuscili-sale\/t0rfpcn\" id=\"09311a44-6492-4531-b3e4-c4ed9bdf6e39\" rel=\"nofollow noopener\" target=\"_blank\">okrzykach pos\u0142\u00f3w PiS &#8222;precz z komun\u0105!&#8221;<\/a>, umowie koalicyjnej oraz o zaplanowanym or\u0119dziu. W trakcie spokojnej, merytorycznej rozmowy polityk Lewicy zapewnia\u0142 o swojej lojalno\u015bci wobec koalicji rz\u0105dz\u0105cej i determinacji, by doprowadzi\u0107 j\u0105 do zwyci\u0119stwa r\u00f3wnie\u017c w kolejnych wyborach parlamentarnych.<\/p>\n<blockquote>\n<p class=\"Paragraph_desktopParagraph__U31Gm\">B\u0119d\u0119 wspiera\u0142 rz\u0105d, kt\u00f3ry r\u00f3wnie\u017c Lewica tworzy. M\u00f3wi\u0119 to jasno i precyzyjnie. Nie b\u0119d\u0119 podejmowa\u0142 \u017cadnych decyzji, kt\u00f3re b\u0119d\u0105 mog\u0142y by\u0107 interpretowane jako wahanie. Nie, to jest koalicja, w kt\u00f3r\u0105 wierz\u0119. Koalicja b\u0119dzie na pewno rz\u0105dzi\u0142a do ko\u0144ca tej kadencji i zrobi\u0119 wszystko z partnerami, \u017ceby r\u00f3wnie\u017c w nast\u0119pnej kadencji rz\u0105dzi\u0142a<\/p>\n<\/blockquote>\n<p class=\"Paragraph_desktopParagraph__U31Gm\">\u2013 deklarowa\u0142 marsza\u0142ek w &#8222;Faktach po Faktach&#8221;. <\/p>\n<ul class=\"OchatFollowUps_wrapper__1ry7X\">\n<li class=\"OchatFollowUps_item__Dhyly OchatFollowUps_itemDesktop__R6aBv\">Jak zareagowa\u0142a Anita Werner na okrzyk Czarzastego?<\/li>\n<li class=\"OchatFollowUps_item__Dhyly OchatFollowUps_itemDesktop__R6aBv\">Co powiedzia\u0142 W\u0142odzimierz Czarzasty na temat koalicji?<\/li>\n<li class=\"OchatFollowUps_item__Dhyly OchatFollowUps_itemDesktop__R6aBv\">Jakie by\u0142o znaczenie okrzyku 'howgh&#8217;?<\/li>\n<li class=\"OchatFollowUps_item__Dhyly OchatFollowUps_itemDesktop__R6aBv\">Jakie dzia\u0142ania zapowiedzia\u0142 Czarzasty na przysz\u0142o\u015b\u0107?<\/li>\n<\/ul>\n<p>W\u0142odzimierz Czarzasty wypali\u0142 z india\u0144skim okrzykiem w TVN24. Anita Werner a\u017c zastyg\u0142a <\/p>\n<p class=\"Paragraph_desktopParagraph__U31Gm\">Po tej powa\u017cnej i zdecydowanej wypowiedzi prowadz\u0105ca, <a href=\"https:\/\/plejada.pl\/anita-werner\" id=\"9eba1101-59bf-4273-9434-b375237bc66d\" rel=\"nofollow noopener\" target=\"_blank\">Anita Werner<\/a>, przygotowywa\u0142a si\u0119 do przej\u015bcia do kolejnych temat\u00f3w. <\/p>\n<blockquote>\n<p class=\"Paragraph_desktopParagraph__U31Gm\">Przejdziemy zaraz do szczeg\u00f3\u0142\u00f3w jeszcze&#8230; <\/p>\n<\/blockquote>\n<p class=\"Paragraph_desktopParagraph__U31Gm\">\u2013 zacz\u0119\u0142a, gdy w tym momencie wydarzy\u0142o si\u0119 co\u015b zupe\u0142nie niespodziewanego.<\/p>\n<p class=\"Paragraph_desktopParagraph__U31Gm\">W\u0142odzimierz Czarzasty przerwa\u0142 jej bez mrugni\u0119cia okiem i, by podkre\u015bli\u0107 wag\u0119 swoich poprzednich s\u0142\u00f3w, z szerokim u\u015bmiechem wypali\u0142:<\/p>\n<blockquote>\n<p class=\"Paragraph_desktopParagraph__U31Gm\">Howgh! Indianie tak m\u00f3wili: howgh! Pami\u0119tam \u2013 &#8222;Winnetou&#8221;, May<\/p>\n<\/blockquote>\n<p class=\"Paragraph_desktopParagraph__U31Gm\">\u2013 powiedzia\u0142 nowy marsza\u0142ek Sejmu, unosz\u0105c d\u0142o\u0144 niczym bohater powie\u015bci Karola Maya.<\/p>\n<p><img decoding=\"async\" class=\"Image_image__0tuHp Image_autoHeight__f2n87 \" height=\"524\" width=\"940\" src=\"https:\/\/www.europesays.com\/pl\/wp-content\/uploads\/2025\/11\/KVOk9kpTURBXy83YjExY2RkMDM4NWI0MDM5ZDE4NWMxYjFkNzBjZjFlOS5wbmeSlQLNA6wAwsOVAgDNAkvCw94AA6EwAaExAaEzw.jpeg\" alt=\"Anita Werner i W\u0142odzimierz Czarzasty\" loading=\"lazy\" \/>TVN 24 GO<\/p>\n<p>Anita Werner i W\u0142odzimierz Czarzasty<\/p>\n<p class=\"Paragraph_desktopParagraph__U31Gm\">Przez chwil\u0119 w studiu zapad\u0142a cisza \u2013 marsza\u0142ek \u015bmia\u0142 si\u0119 z w\u0142asnego \u017cartu, a prowadz\u0105ca potrzebowa\u0142a kilku sekund, by odzyska\u0107 g\u0142os. Po chwili Czarzasty doda\u0142 jeszcze, wci\u0105\u017c rozbawiony:<\/p>\n<blockquote>\n<p class=\"Paragraph_desktopParagraph__U31Gm\">Du\u017co czytam&#8230; Dobra, ju\u017c b\u0119d\u0119 powa\u017cny.<\/p>\n<\/blockquote>\n<p><img decoding=\"async\" class=\"Image_image__0tuHp Image_autoHeight__f2n87 \" height=\"522\" width=\"940\" src=\"https:\/\/www.europesays.com\/pl\/wp-content\/uploads\/2025\/11\/ypOk9kpTURBXy9lMmJlNzYxMmUyYTA3NjY2YmMyNDE5ZThiYzUxZGI3Mi5wbmeSlQLNA6wAwsOVAgDNAkvCw94AA6EwAaExAaEzw.jpeg\" alt=\"W\u0142odzimierz Czarzasty\" loading=\"lazy\" \/>TVN 24 GO<\/p>\n<p>W\u0142odzimierz Czarzasty<\/p>\n<p class=\"Paragraph_desktopParagraph__U31Gm\">Anita Werner, pr\u00f3buj\u0105c wej\u015b\u0107 z powrotem w rytm rozmowy, podsumowa\u0142a jedynie:<\/p>\n<blockquote>\n<p class=\"Paragraph_desktopParagraph__U31Gm\">To akurat wiem, \u017ce du\u017co pan czyta i du\u017co ksi\u0105\u017cek pan wyda\u0142 w swoim wydawnictwie<\/p>\n<\/blockquote>\n<p class=\"Paragraph_desktopParagraph__U31Gm\">\u2013 po czym wr\u00f3ci\u0142a do kolejnych pyta\u0144.<\/p>\n<p class=\"Paragraph_desktopParagraph__U31Gm\">Warto doda\u0107, \u017ce okrzyk &#8222;howgh&#8221; ma bardzo konkretne znaczenie. W kulturach rdzennych Amerykan\u00f3w s\u0142owo to u\u017cywane by\u0142o na zako\u0144czenie wypowiedzi lub jako potwierdzenie \u2013 podobnie jak &#8222;amen&#8221; czy &#8222;tak b\u0119dzie&#8221;. Oznacza &#8222;rzek\u0142em&#8221; i ma podkre\u015bla\u0107 moc i ostateczno\u015b\u0107 wyg\u0142oszonej deklaracji.<\/p>\n<p><img decoding=\"async\" class=\"Image_image__0tuHp Image_autoHeight__f2n87 \" height=\"527\" width=\"940\" src=\"https:\/\/www.europesays.com\/pl\/wp-content\/uploads\/2025\/11\/4cbk9kpTURBXy9kZWVhMzYzNzllZWQ2ZWMyMDFlMzY4ODNhMTRkMWZmYy5wbmeSlQLNA6wAwsOVAgDNAkvCw94AA6EwAaExAaEzw.jpeg\" alt=\"Anita Werner\" loading=\"lazy\" \/>TVN 24 GO<\/p>\n<p>Anita Werner<\/p>\n<p class=\"Paragraph_desktopParagraph__U31Gm\">Dzi\u0119kujemy, \u017ce przeczyta\u0142a\u015b\/e\u015b nasz artyku\u0142 do ko\u0144ca. W serwisie Plejada.pl ka\u017cdego dnia piszemy o najwa\u017cniejszych wydarzeniach show-biznesowych. B\u0105d\u017a na bie\u017c\u0105co! <a rel=\"nofollow noopener\" href=\"https:\/\/profile.google.com\/cp\/Cg0vZy8xMWJ6X19wdHBx\" id=\"cef5d5c8-0389-44f2-8e12-d785e35c4421\" target=\"_blank\">Obserwuj<\/a> Plejad\u0119 w Google. Odwied\u017a nas tak\u017ce na <a rel=\"nofollow noopener\" href=\"https:\/\/www.facebook.com\/plejadapl\" id=\"428a0a5b-6e49-4b6c-b3e5-962f0e802ee0\" target=\"_blank\">Facebooku<\/a>, <a rel=\"nofollow noopener\" href=\"https:\/\/www.instagram.com\/plejadapl\/\" id=\"02e968c6-3042-45b5-b1cb-dacdeb89adcb\" target=\"_blank\">Instagramie<\/a>, <a rel=\"nofollow noopener\" href=\"https:\/\/www.youtube.com\/c\/plejada\" id=\"7475e989-82ba-4228-9115-e318ebc70aa1\" target=\"_blank\">YouTubie<\/a> oraz <a rel=\"nofollow noopener\" href=\"https:\/\/www.tiktok.com\/@plejada_pl\" id=\"fc657d1c-f92b-4e5e-8ec6-3dfa5dac8d20\" target=\"_blank\">TikToku<\/a>.<\/p>\n<p class=\"Paragraph_desktopParagraph__U31Gm\">Chcesz podzieli\u0107 si\u0119 ciekawym newsem lub zaproponowa\u0107 temat? Skontaktuj si\u0119 z nami, pisz\u0105c maila na adres: <a href=\"https:\/\/www.onet.pl\/styl-zycia\/plejada\/wlodzimierz-czarzasty-wypalil-z-indianskim-okrzykiem-w-tvn24-anita-werner-az-zastygla\/mailto:plejada@redakcjaonet.pl\" id=\"aa5844b0-e79e-49d9-80c1-7b6f9735b8d6\" rel=\"nofollow noopener\" target=\"_blank\">plejada@redakcjaon<\/a><a rel=\"nofollow noopener\" href=\"http:\/\/et.pl\" id=\"3a95209f-b9fd-4e98-adcf-0042d57d8357\" target=\"_blank\">et.pl<\/a>.<\/p>\n<p><script async src=\"\/\/www.instagram.com\/embed.js\"><\/script><script async src=\"\/\/www.tiktok.com\/embed.js\"><\/script><\/p>\n","protected":false},"excerpt":{"rendered":"Nowy marsza\u0142ek Sejmu W\u0142odzimierz Czarzasty w studiu w TVN24 m\u00f3wi\u0142 m.in. o okrzykach pos\u0142\u00f3w PiS &#8222;precz z komun\u0105!&#8221;,&hellip;\n","protected":false},"author":2,"featured_media":111022,"comment_status":"","ping_status":"","sticky":false,"template":"","format":"standard","meta":{"footnotes":""},"categories":[12],"tags":[32,33,36,37,27,67,261,34,35,28,31,53,25,52,68,51,55,42,38,40,39,41,47,29,30,50,26],"class_list":{"0":"post-111021","1":"post","2":"type-post","3":"status-publish","4":"format-standard","5":"has-post-thumbnail","7":"category-polska","8":"tag-breaking-news","9":"tag-breakingnews","10":"tag-featured-news","11":"tag-featurednews","12":"tag-headlines","13":"tag-intextvideo_splayer","14":"tag-kultura","15":"tag-latest-news","16":"tag-latestnews","17":"tag-naglowki","18":"tag-najwazniejsze-artykuly","19":"tag-new_header","20":"tag-news","21":"tag-onet3","22":"tag-onet3d","23":"tag-onet3d_2i","24":"tag-phx","25":"tag-pl","26":"tag-poland","27":"tag-polish","28":"tag-polska","29":"tag-polski","30":"tag-screening_general","31":"tag-top-stories","32":"tag-topstories","33":"tag-v2021","34":"tag-wiadomosci"},"share_on_mastodon":{"url":"https:\/\/pubeurope.com\/@pl\/115584125384986254","error":""},"_links":{"self":[{"href":"https:\/\/www.europesays.com\/pl\/wp-json\/wp\/v2\/posts\/111021","targetHints":{"allow":["GET"]}}],"collection":[{"href":"https:\/\/www.europesays.com\/pl\/wp-json\/wp\/v2\/posts"}],"about":[{"href":"https:\/\/www.europesays.com\/pl\/wp-json\/wp\/v2\/types\/post"}],"author":[{"embeddable":true,"href":"https:\/\/www.europesays.com\/pl\/wp-json\/wp\/v2\/users\/2"}],"replies":[{"embeddable":true,"href":"https:\/\/www.europesays.com\/pl\/wp-json\/wp\/v2\/comments?post=111021"}],"version-history":[{"count":0,"href":"https:\/\/www.europesays.com\/pl\/wp-json\/wp\/v2\/posts\/111021\/revisions"}],"wp:featuredmedia":[{"embeddable":true,"href":"https:\/\/www.europesays.com\/pl\/wp-json\/wp\/v2\/media\/111022"}],"wp:attachment":[{"href":"https:\/\/www.europesays.com\/pl\/wp-json\/wp\/v2\/media?parent=111021"}],"wp:term":[{"taxonomy":"category","embeddable":true,"href":"https:\/\/www.europesays.com\/pl\/wp-json\/wp\/v2\/categories?post=111021"},{"taxonomy":"post_tag","embeddable":true,"href":"https:\/\/www.europesays.com\/pl\/wp-json\/wp\/v2\/tags?post=111021"}],"curies":[{"name":"wp","href":"https:\/\/api.w.org\/{rel}","templated":true}]}}