{"id":111042,"date":"2025-11-20T21:43:09","date_gmt":"2025-11-20T21:43:09","guid":{"rendered":"https:\/\/www.europesays.com\/pl\/111042\/"},"modified":"2025-11-20T21:43:09","modified_gmt":"2025-11-20T21:43:09","slug":"ziobro-o-zabezpieczeniu-majatku-przez-prokurature-kolejny-akt-zemsty-onet","status":"publish","type":"post","link":"https:\/\/www.europesays.com\/pl\/111042\/","title":{"rendered":"Ziobro o zabezpieczeniu maj\u0105tku przez prokuratur\u0119. &quot;Kolejny akt zemsty&quot; &#8211; Onet"},"content":{"rendered":"<ol>\n<li><a href=\"https:\/\/news.google.com\/rss\/articles\/CBMiywFBVV95cUxOMWk2X1FONHZobm5ZUldTcDJna0JaTE1FSE9nc3E1RU85NS1MVXJCWEh5eklqa0xnTE5pTElsa0k1SFowdHpYR0xnUXR2aXdYR2hzU3ZFTzAxYmdHcGJFSHlaNks2YWFVMy00Qk5hMkowT0hJb1ZUZ2FEZHlHa3NqQVdWajNQX01hNUNsd2JoeDFvbEhoMkYtaG00SHVJMF9vQTZzYkJfX0ZWN1ZEaHUtelFiTUN1TnJzZmJFeVBnSU9FRWZBNlBtRVRVZw?oc=5\" target=\"_blank\" rel=\"nofollow noopener\">Ziobro o zabezpieczeniu maj\u0105tku przez prokuratur\u0119. &#8222;Kolejny akt zemsty&#8221;<\/a>&nbsp;&nbsp;Onet<\/li>\n<li><a href=\"https:\/\/news.google.com\/rss\/articles\/CBMilwFBVV95cUxNV3AzTUIyemk3M3BhY1lYR0Ria0xDTE16c2Q5WU1mS0xiSklBYlVxQTJCMWp1b3h0MkRKUmlPT3pBVFNVUGJfUUJXRHJZcFhqeFFqbTNwcjFOYkJZb1hFY3l4RGRqMzQ4bnBoV2drZURJblhMaVYwUy1GYnVWbVpUTC1PTFRXeW52bnVGM3ZldzB5aXhqR053?oc=5\" target=\"_blank\" rel=\"nofollow noopener\">Prokuratura zabezpieczy\u0142a maj\u0105tek Zbigniewa Ziobry<\/a>&nbsp;&nbsp;Wyborcza.pl<\/li>\n<li><a href=\"https:\/\/news.google.com\/rss\/articles\/CBMikgFBVV95cUxOclU1MHpIWFE4V3FlSGFuTjM1cXh6M1NrTXladDBqNDZYcW1yQmJyVnNnaE1odWwzNzdjTkdBNmIzSzRSTzZhWDUya05RX09iWm16MGdhc2pCYWJmOHVWUHFvRFBhQkN2QzhMbnh1Ull5RWxUTkNReC1QNm1nQlYzcUY1MHNPb2Y2UGxjZzdzVm1xQQ?oc=5\" target=\"_blank\" rel=\"nofollow noopener\">Decyzja prokuratury w sprawie maj\u0105tku Ziobry. Jest reakcja<\/a>&nbsp;&nbsp;TVN24<\/li>\n<li><a href=\"https:\/\/news.google.com\/rss\/articles\/CBMiswFBVV95cUxOUnFKWnhpSWdZdndENWFFclBmWWcwNnhyQ2cxUkVXMnYtNHktN2ZBTWFwZUYxaE93QjZpU21RdGlpVUxSV1VlZXBGVmkwWFM1OTBKOWdtLXRjZ0dmMUZaTzgzYmFlbE11aDc0UW5vLXhDTTRrbkMzSGpidHkzVkw2Z05uTFlyWk1HMXlKN2JEZ2IzUk5jN0FmTTA1Vlh5MG4waFRjS3FzV2dxX1VTNGNjdkl1TQ?oc=5\" target=\"_blank\" rel=\"nofollow noopener\">Posiedzenie w sprawie Ziobry dopiero w grudniu. Korneluk: nie dziwi mnie to<\/a>&nbsp;&nbsp;Onet Wiadomo\u015bci<\/li>\n<li><a href=\"https:\/\/news.google.com\/rss\/articles\/CBMirgFBVV95cUxQbGlNWDR5SDU1UWdiekxBelRvRFJONEk0bTVyWldOYXNrWm5uTGtkcUFKVGtIZUFoa1pHZHFWM3NPejExM0Q5ZzlXTnUxSER5WlR0UjdSNThQQ3RtR2EyR0lMS0ZFdTRlcDJrZTZSWUs3RnlQSXZrT2hvVUJkQkl3bWF3WURkVjB0eEJJZGFqWl9tTC1tTHlyYnVqNm9NUjBHWWxXUERLUnZQajJBUEE?oc=5\" target=\"_blank\" rel=\"nofollow noopener\">Co chce osi\u0105gn\u0105\u0107 Ziobro? &#8222;To jest masakra dla zaufania do wymiaru sprawiedliwo\u015bci&#8221;<\/a>&nbsp;&nbsp;TOK FM<\/li>\n<\/ol>\n","protected":false},"excerpt":{"rendered":"Ziobro o zabezpieczeniu maj\u0105tku przez prokuratur\u0119. &#8222;Kolejny akt zemsty&#8221;&nbsp;&nbsp;Onet Prokuratura zabezpieczy\u0142a maj\u0105tek Zbigniewa Ziobry&nbsp;&nbsp;Wyborcza.pl Decyzja prokuratury w sprawie&hellip;\n","protected":false},"author":2,"featured_media":111043,"comment_status":"","ping_status":"","sticky":false,"template":"","format":"standard","meta":{"footnotes":""},"categories":[5],"tags":[32,33,36,37,5168,27,34,35,28,31,53,25,52,68,51,55,42,38,40,39,41,349,47,1998,29,30,65,50,26,4070],"class_list":{"0":"post-111042","1":"post","2":"type-post","3":"status-publish","4":"format-standard","5":"has-post-thumbnail","7":"category-naglowki","8":"tag-breaking-news","9":"tag-breakingnews","10":"tag-featured-news","11":"tag-featurednews","12":"tag-fundusz_sprawiedliwosci","13":"tag-headlines","14":"tag-latest-news","15":"tag-latestnews","16":"tag-naglowki","17":"tag-najwazniejsze-artykuly","18":"tag-new_header","19":"tag-news","20":"tag-onet3","21":"tag-onet3d","22":"tag-onet3d_2i","23":"tag-phx","24":"tag-pl","25":"tag-poland","26":"tag-polish","27":"tag-polska","28":"tag-polski","29":"tag-prokuratura_prokurator_prokuratorzy","30":"tag-screening_general","31":"tag-short_news","32":"tag-top-stories","33":"tag-topstories","34":"tag-update_me","35":"tag-v2021","36":"tag-wiadomosci","37":"tag-zbigniew_ziobro_polityk"},"share_on_mastodon":{"url":"https:\/\/pubeurope.com\/@pl\/115584211510536411","error":""},"_links":{"self":[{"href":"https:\/\/www.europesays.com\/pl\/wp-json\/wp\/v2\/posts\/111042","targetHints":{"allow":["GET"]}}],"collection":[{"href":"https:\/\/www.europesays.com\/pl\/wp-json\/wp\/v2\/posts"}],"about":[{"href":"https:\/\/www.europesays.com\/pl\/wp-json\/wp\/v2\/types\/post"}],"author":[{"embeddable":true,"href":"https:\/\/www.europesays.com\/pl\/wp-json\/wp\/v2\/users\/2"}],"replies":[{"embeddable":true,"href":"https:\/\/www.europesays.com\/pl\/wp-json\/wp\/v2\/comments?post=111042"}],"version-history":[{"count":0,"href":"https:\/\/www.europesays.com\/pl\/wp-json\/wp\/v2\/posts\/111042\/revisions"}],"wp:featuredmedia":[{"embeddable":true,"href":"https:\/\/www.europesays.com\/pl\/wp-json\/wp\/v2\/media\/111043"}],"wp:attachment":[{"href":"https:\/\/www.europesays.com\/pl\/wp-json\/wp\/v2\/media?parent=111042"}],"wp:term":[{"taxonomy":"category","embeddable":true,"href":"https:\/\/www.europesays.com\/pl\/wp-json\/wp\/v2\/categories?post=111042"},{"taxonomy":"post_tag","embeddable":true,"href":"https:\/\/www.europesays.com\/pl\/wp-json\/wp\/v2\/tags?post=111042"}],"curies":[{"name":"wp","href":"https:\/\/api.w.org\/{rel}","templated":true}]}}