{"id":111056,"date":"2025-11-20T21:54:08","date_gmt":"2025-11-20T21:54:08","guid":{"rendered":"https:\/\/www.europesays.com\/pl\/111056\/"},"modified":"2025-11-20T21:54:08","modified_gmt":"2025-11-20T21:54:08","slug":"oszustwo-na-paczke-za-pobraniem-jak-nie-dac-sie-nabrac-policja-ostrzega","status":"publish","type":"post","link":"https:\/\/www.europesays.com\/pl\/111056\/","title":{"rendered":"Oszustwo na paczk\u0119 za pobraniem. Jak nie da\u0107 si\u0119 nabra\u0107? Policja ostrzega"},"content":{"rendered":"<p class=\"article-p\" data-section=\"detail-body\">W ostatnich dniach funkcjonariusze z Lubartowa i Chodzie\u017cy poinformowali o kolejnych zg\u0142oszeniach dotycz\u0105cych wy\u0142udze\u0144. Mieszka\u0144cy otrzymywali przesy\u0142ki pobraniowe, kt\u00f3rych nigdy nie zamawiali lub kt\u00f3re zawiera\u0142y bezwarto\u015bciowe przedmioty. Funkcjonariusze ostrzegaj\u0105, \u017ce podobne sytuacje nasilaj\u0105 si\u0119 przed \u015bwi\u0119tami, gdy \u0142atwo o nieuwag\u0119.<\/p>\n<p>        Oszustwa na paczk\u0119 za pobraniem \u2014 na czym polega?<\/p>\n<p class=\"article-p\" data-section=\"detail-body\">Kilka dni temu mieszkaniec Lubartowa zg\u0142osi\u0142 policji, \u017ce jego \u017cona zap\u0142aci\u0142a 199 z\u0142 za paczk\u0119 pobraniow\u0105, kt\u00f3rej nikt z rodziny nie zamawia\u0142. W \u015brodku znalaz\u0142a si\u0119 jedynie zwyk\u0142a koszulka, zupe\u0142nie nieadekwatna do kwoty widniej\u0105cej na przesy\u0142ce. Szybka reakcja ma\u0142\u017ce\u0144stwa pozwoli\u0142a firmie kurierskiej zatrzyma\u0107 p\u0142atno\u015b\u0107, zanim pieni\u0105dze trafi\u0142y w r\u0119ce oszust\u00f3w.<\/p>\n<p class=\"article-p\" data-section=\"detail-body\">Podobna sytuacja powt\u00f3rzy\u0142a si\u0119 kilka dni p\u00f3\u017aniej. Tym razem m\u0119\u017cczyzna odebra\u0142 paczk\u0119 z platformy sprzeda\u017cowej, za kt\u00f3r\u0105 zap\u0142aci\u0142 220 z\u0142. Liczy\u0142, \u017ce otrzyma profesjonaln\u0105 przecinark\u0119 laserow\u0105, jednak zamiast niej otrzyma\u0142 urz\u0105dzenie, kt\u00f3re nie mia\u0142o \u017cadnej warto\u015bci u\u017cytkowej. I w tym przypadku interwencja by\u0142a b\u0142yskawiczna \u2014 Poczta Polska zdo\u0142a\u0142a zablokowa\u0107 przelew.<\/p>\n<p>        \u015awi\u0105teczny sezon i wzrost liczby wy\u0142udze\u0144<\/p>\n<p class=\"article-p\" data-section=\"detail-body\">Komenda Powiatowa Policji w Lubartowie przypomina, \u017ce odbiorcy powinni zawsze upewnia\u0107 si\u0119, czy zam\u00f3wienie rzeczywi\u015bcie zosta\u0142o z\u0142o\u017cone przez kogo\u015b z domownik\u00f3w. Funkcjonariusze podkre\u015blaj\u0105 tak\u017ce, jak wa\u017cne jest sprawdzanie wiarygodno\u015bci sprzedawc\u00f3w oraz korzystanie z zaufanych sklep\u00f3w internetowych i popularnych portali zakupowych.<\/p>\n<p class=\"article-p\" data-section=\"detail-body\">R\u00f3wnie\u017c w gminie Budzy\u0144 dosz\u0142o do podobnej sytuacji. 61-letnia kobieta ui\u015bci\u0142a op\u0142at\u0119 pobraniow\u0105 w wysoko\u015bci 199 z\u0142, przekonana, \u017ce paczka nale\u017cy do jednego z domownik\u00f3w. Po otwarciu szybko zorientowa\u0142a si\u0119, \u017ce towar nie ma zwi\u0105zku z jej zakupami, a jego warto\u015b\u0107 nie odpowiada pobranej kwocie. Zaskoczona zacz\u0119\u0142a szuka\u0107 informacji w internecie i odkry\u0142a, \u017ce wiele os\u00f3b w kraju mia\u0142o podobne do\u015bwiadczenia.<\/p>\n<p class=\"article-p\" data-section=\"detail-body\">&#8222;B\u0105d\u017amy ostro\u017cni, czujni i nie dajmy si\u0119 nabra\u0107 \u2014 szczeg\u00f3lnie teraz, gdy przed nami czas zakup\u00f3w, prezent\u00f3w i licznych dostaw&#8221; \u2014 informuje KPP Lubart\u00f3w.<\/p>\n<p class=\"article-p\" data-section=\"detail-body\">W okresie przed\u015bwi\u0105tecznym liczba takich zg\u0142osze\u0144 gwa\u0142townie ro\u015bnie. Policjanci z podkre\u015blaj\u0105, \u017ce metoda nie jest nowa, lecz to w\u0142a\u015bnie w listopadzie i grudniu oszu\u015bci dzia\u0142aj\u0105 najaktywniej. Jak t\u0142umaczy m\u0142. asp. Marta Przybecka, sprawcy wysy\u0142aj\u0105 przesy\u0142ki na przypadkowe adresy, licz\u0105c, \u017ce odbiorca zap\u0142aci za paczk\u0119, my\u015bl\u0105c, \u017ce to element jego zam\u00f3wie\u0144.<\/p>\n<p class=\"article-p\" data-section=\"detail-body\">\u0179r\u00f3d\u0142o: KPP Lubart\u00f3w \/ epoznan.pl<\/p>\n<p class=\"article-p\" data-section=\"detail-body\"><a href=\"https:\/\/www.fakt.pl\/pieniadze\/nowy-obowiazek-w-szkolach-od-2026-r-men-zapowiada-reforme-edukacji\/cbc2gd9\" id=\"d5f644a4-85bf-414b-aa5d-7143d31054c8\" rel=\"nofollow noopener\" target=\"_blank\">Reforma edukacji od 2026 r. MEN wprowadza nowy obowi\u0105zek w szko\u0142ach<\/a><\/p>\n<p class=\"article-p\" data-section=\"detail-body\"><a href=\"https:\/\/www.fakt.pl\/pieniadze\/niemiecka-fabryka-czekolady-zamknieta-kilkadziesiat-osob-wyladuje-na-bruku\/btknv5n\" id=\"4c1d4198-809d-4154-b52e-c594a379eccd\" rel=\"nofollow noopener\" target=\"_blank\">Kultowa fabryka czekolady ko\u0144czy dzia\u0142alno\u015b\u0107 po 60 latach. Cios dla fan\u00f3w s\u0142odyczy<\/a><\/p>\n<p class=\"article-p\" data-section=\"detail-body\"><a href=\"https:\/\/www.fakt.pl\/pieniadze\/prezydent-podpisal-ustawe-o-rumunskich-pielegniarkach-to-nie-rozwiaze-kryzysu\/rqsl2gn\" id=\"78114275-8a4c-4eb1-851a-4eb54c77690c\" rel=\"nofollow noopener\" target=\"_blank\">Rumu\u0144skie piel\u0119gniarki w polskich szpitalach? Prezydent z\u0142o\u017cy\u0142 podpis. &#8222;Je\u015bli przyjad\u0105, to raczej do Niemiec&#8221;<\/a><\/p>\n","protected":false},"excerpt":{"rendered":"W ostatnich dniach funkcjonariusze z Lubartowa i Chodzie\u017cy poinformowali o kolejnych zg\u0142oszeniach dotycz\u0105cych wy\u0142udze\u0144. Mieszka\u0144cy otrzymywali przesy\u0142ki pobraniowe,&hellip;\n","protected":false},"author":2,"featured_media":111057,"comment_status":"","ping_status":"","sticky":false,"template":"","format":"standard","meta":{"footnotes":""},"categories":[16],"tags":[113,112,42,38,40,39,41],"class_list":{"0":"post-111056","1":"post","2":"type-post","3":"status-publish","4":"format-standard","5":"has-post-thumbnail","7":"category-biznes","8":"tag-biznes","9":"tag-business","10":"tag-pl","11":"tag-poland","12":"tag-polish","13":"tag-polska","14":"tag-polski"},"share_on_mastodon":{"url":"https:\/\/pubeurope.com\/@pl\/115584254910722640","error":""},"_links":{"self":[{"href":"https:\/\/www.europesays.com\/pl\/wp-json\/wp\/v2\/posts\/111056","targetHints":{"allow":["GET"]}}],"collection":[{"href":"https:\/\/www.europesays.com\/pl\/wp-json\/wp\/v2\/posts"}],"about":[{"href":"https:\/\/www.europesays.com\/pl\/wp-json\/wp\/v2\/types\/post"}],"author":[{"embeddable":true,"href":"https:\/\/www.europesays.com\/pl\/wp-json\/wp\/v2\/users\/2"}],"replies":[{"embeddable":true,"href":"https:\/\/www.europesays.com\/pl\/wp-json\/wp\/v2\/comments?post=111056"}],"version-history":[{"count":0,"href":"https:\/\/www.europesays.com\/pl\/wp-json\/wp\/v2\/posts\/111056\/revisions"}],"wp:featuredmedia":[{"embeddable":true,"href":"https:\/\/www.europesays.com\/pl\/wp-json\/wp\/v2\/media\/111057"}],"wp:attachment":[{"href":"https:\/\/www.europesays.com\/pl\/wp-json\/wp\/v2\/media?parent=111056"}],"wp:term":[{"taxonomy":"category","embeddable":true,"href":"https:\/\/www.europesays.com\/pl\/wp-json\/wp\/v2\/categories?post=111056"},{"taxonomy":"post_tag","embeddable":true,"href":"https:\/\/www.europesays.com\/pl\/wp-json\/wp\/v2\/tags?post=111056"}],"curies":[{"name":"wp","href":"https:\/\/api.w.org\/{rel}","templated":true}]}}