{"id":111062,"date":"2025-11-20T21:57:10","date_gmt":"2025-11-20T21:57:10","guid":{"rendered":"https:\/\/www.europesays.com\/pl\/111062\/"},"modified":"2025-11-20T21:57:10","modified_gmt":"2025-11-20T21:57:10","slug":"ms-2026-wyliczono-szanse-reprezentacji-polski-na-awans-zaskakujaca-prognoza-sport-tvp-pl","status":"publish","type":"post","link":"https:\/\/www.europesays.com\/pl\/111062\/","title":{"rendered":"M\u015a 2026: wyliczono szanse reprezentacji Polski na awans. Zaskakuj\u0105ca prognoza &#8211; sport.tvp.pl"},"content":{"rendered":"<ol>\n<li><a href=\"https:\/\/news.google.com\/rss\/articles\/CBMivgFBVV95cUxQU2FGMzlVczhZaEtBNnFYRmtYbzR6Nko3dGtHdXowbGFzUTNOVVRJdmdRWDBPT285bU1pbDVqcXZqdHFRSklHVnhSUnhqZXE2aFlVelFkZmhDSVpyVTJsUDRxV2hpWnpLVTI2Mkx3cHQ0NHRPRnhudG1qX21tRFIteS1ZUFRXS0l6d1VPR0JsQkNJOFlXTVBpYWQtTUh1RFBqVmQyMFQyUEFsODlSa1RReFVmWkJsMVVHbEZWYnR30gHDAUFVX3lxTE5FcGUzeXZDZEM1d2RjX0Z6d0NCc2tPLWJoUzNiMkhZZXc2YlFlb2pxTW83UTBITWlmQTZQcFFDWlZObVFiY2VkV0xFXzMzV0VPR0U2RFg5TE5seXV4YmNEdGlvM1U3VldKV3BiM2lWWW9WdllrRDRxM3U5MDUzTUotM20taWpRVG8ydFh6YzBEQllNdF94SlN4YzB6a0dSbV9vRWdaWU1IaXpDaFdUV3lYbkNwaHNiVmJNTm5CVDMteElUaw?oc=5\" target=\"_blank\" rel=\"nofollow noopener\">M\u015a 2026: wyliczono szanse reprezentacji Polski na awans. Zaskakuj\u0105ca prognoza<\/a>&nbsp;&nbsp;sport.tvp.pl<\/li>\n<li><a href=\"https:\/\/news.google.com\/rss\/articles\/CBMi1gFBVV95cUxNaExodngwbTRsc2IteTJRU0p0UEhBZUgzZXhoUGE4Wk56eE5GZXhVWFIxU0RjV0IyME1kczhTUEpiRHkxbk9rdF9GTG1Wc21GWEd2WmJpcmlkRU1ZNUFQMTNQNk0tWE5VZE5IYlpuTW44anAtNTJycnZmbEdGMzN2dUNWNDloRWFtbTVtUmNnQWlKYlZzQ3FIVGlVYjZVeG9nczVLZmgyNEJhTlhGSEhTZ3dMSG5BS2RZZnJ1UnlQLV9TLWtfUUd1VUJCNF9fTmxtTUJWUE1R?oc=5\" target=\"_blank\" rel=\"nofollow noopener\">Oszaleli z rado\u015bci po wylosowaniu Polak\u00f3w! Takie s\u0142owa to rzadko\u015b\u0107<\/a>&nbsp;&nbsp;Przegl\u0105d Sportowy Onet<\/li>\n<li><a href=\"https:\/\/news.google.com\/rss\/articles\/CBMirwFBVV95cUxOMjdBZlVNZ1RVY2J4R01FenFfWWpjTVowc2lwakIya1VuNmc4ZThZZ05NMWZTMDRFRGZYdWxGVjJkQmtkVW9EWGRmZ09jQ3NQdmpKVGZ5VVRqbVR6SkNwM3k3UzluZkpBU1JmTGVPQVdFd1psdUhobllHYjhKaURGQldnZjM2amlRdnlHY1FOZFBDbUZjOG53VktjLUZZWl9NX2lwV3p0VENPd3Itb1Aw?oc=5\" target=\"_blank\" rel=\"nofollow noopener\">A je\u015bli przegramy z Albani\u0105? Wiadomo, z kim wtedy zagraj\u0105 Polacy<\/a>&nbsp;&nbsp;SportoweFakty<\/li>\n<li><a href=\"https:\/\/news.google.com\/rss\/articles\/CBMipAFBVV95cUxPbzgtNm05eEZuN21VNjh1OWRaVTRsdGFybWVZVWlJYXFLZGU3UXhJRUZySjhoZE1sdE9MUkJva3NLMWdnR0dxUUMxdDJBblJMWU5Ja1lWTkZuTGpta1p1MFRtMFJ4V0pScVEwYzhvMXBtNE53a1lYMWZzTUQ5RG9PbzVaM3Z1YjN0Y2ZiY2I2NVV5Q1RrZkllN0JidDByWkdWT0psRw?oc=5\" target=\"_blank\" rel=\"nofollow noopener\">Zawrza\u0142o po losowaniu. 'To chamstwo, co nas tam spotka\u0142o&#8217; Reprezentacja Polski<\/a>&nbsp;&nbsp;Sport.pl<\/li>\n<li><a href=\"https:\/\/news.google.com\/rss\/articles\/CBMi0AFBVV95cUxQNlJLSzZxT2MzdnFXUmctX2ppMUFOVndyZkVpQ3BmOGpHMXFObGRrVXJVSU5vdUMwVE9QMzAwc25TSmdQeHA5dDQyZ19WZHUwN01vMG84dnMtQTFZRkZCVjNibzY1aEpEQWlYT2xUaEZsOXVKUmxiUWp5NVBnVDItTnp2STZMb0tvUUF2aTBuSERKY3ZQeGZqZkpIN2hKZmtYSmczYTNJR3QyblRPVVRKUHV5WTN2dkJ2SmNEVHZMMmd4UDNnVEZfcmxiVnBnUDVR?oc=5\" target=\"_blank\" rel=\"nofollow noopener\">Niespodziewany ruch Ukrainy ws. meczu z Polsk\u0105? Szewczenko wprost, sprawy w toku<\/a>&nbsp;&nbsp;Sport w INTERIA.PL<\/li>\n<\/ol>\n","protected":false},"excerpt":{"rendered":"M\u015a 2026: wyliczono szanse reprezentacji Polski na awans. Zaskakuj\u0105ca prognoza&nbsp;&nbsp;sport.tvp.pl Oszaleli z rado\u015bci po wylosowaniu Polak\u00f3w! Takie s\u0142owa&hellip;\n","protected":false},"author":2,"featured_media":111063,"comment_status":"","ping_status":"","sticky":false,"template":"","format":"standard","meta":{"footnotes":""},"categories":[5],"tags":[23835,32,33,36,37,27,34,35,9090,10114,28,31,25,269,42,38,40,39,41,537,334,29,30,26],"class_list":{"0":"post-111062","1":"post","2":"type-post","3":"status-publish","4":"format-standard","5":"has-post-thumbnail","7":"category-naglowki","8":"tag-baraze-ms-2026","9":"tag-breaking-news","10":"tag-breakingnews","11":"tag-featured-news","12":"tag-featurednews","13":"tag-headlines","14":"tag-latest-news","15":"tag-latestnews","16":"tag-mistrzostwa-swiata-2026","17":"tag-ms-2026","18":"tag-naglowki","19":"tag-najwazniejsze-artykuly","20":"tag-news","21":"tag-pilka-nozna","22":"tag-pl","23":"tag-poland","24":"tag-polish","25":"tag-polska","26":"tag-polski","27":"tag-reprezentacja-polski","28":"tag-sport-tvp-pl","29":"tag-top-stories","30":"tag-topstories","31":"tag-wiadomosci"},"share_on_mastodon":{"url":"https:\/\/pubeurope.com\/@pl\/115584266628291153","error":""},"_links":{"self":[{"href":"https:\/\/www.europesays.com\/pl\/wp-json\/wp\/v2\/posts\/111062","targetHints":{"allow":["GET"]}}],"collection":[{"href":"https:\/\/www.europesays.com\/pl\/wp-json\/wp\/v2\/posts"}],"about":[{"href":"https:\/\/www.europesays.com\/pl\/wp-json\/wp\/v2\/types\/post"}],"author":[{"embeddable":true,"href":"https:\/\/www.europesays.com\/pl\/wp-json\/wp\/v2\/users\/2"}],"replies":[{"embeddable":true,"href":"https:\/\/www.europesays.com\/pl\/wp-json\/wp\/v2\/comments?post=111062"}],"version-history":[{"count":0,"href":"https:\/\/www.europesays.com\/pl\/wp-json\/wp\/v2\/posts\/111062\/revisions"}],"wp:featuredmedia":[{"embeddable":true,"href":"https:\/\/www.europesays.com\/pl\/wp-json\/wp\/v2\/media\/111063"}],"wp:attachment":[{"href":"https:\/\/www.europesays.com\/pl\/wp-json\/wp\/v2\/media?parent=111062"}],"wp:term":[{"taxonomy":"category","embeddable":true,"href":"https:\/\/www.europesays.com\/pl\/wp-json\/wp\/v2\/categories?post=111062"},{"taxonomy":"post_tag","embeddable":true,"href":"https:\/\/www.europesays.com\/pl\/wp-json\/wp\/v2\/tags?post=111062"}],"curies":[{"name":"wp","href":"https:\/\/api.w.org\/{rel}","templated":true}]}}