{"id":111066,"date":"2025-11-20T22:11:10","date_gmt":"2025-11-20T22:11:10","guid":{"rendered":"https:\/\/www.europesays.com\/pl\/111066\/"},"modified":"2025-11-20T22:11:10","modified_gmt":"2025-11-20T22:11:10","slug":"zabezpieczono-majatek-ziobry-polityk-skomentowal","status":"publish","type":"post","link":"https:\/\/www.europesays.com\/pl\/111066\/","title":{"rendered":"Zabezpieczono maj\u0105tek Ziobry. Polityk skomentowa\u0142"},"content":{"rendered":"<p>&#8222;Zabezpieczenie nast\u0105pi\u0142o poprzez obci\u0105\u017cenie hipotek\u0105 przymusow\u0105 nieruchomo\u015bci nale\u017c\u0105cych do podejrzanego oraz poprzez zaj\u0119cie \u015brodk\u00f3w zgromadzonych na jego rachunku bankowym&#8221; &#8211;\u00a0napisa\u0142 prokurator.<\/p>\n<p>Podkre\u015bli\u0142, \u017ce zgodnie z\u00a0art. 291 par. 1\u00a0Kodeksu post\u0119powania karnego, w\u00a0razie zarzucenia podejrzanemu pope\u0142nienia przest\u0119pstwa, za kt\u00f3re mo\u017cna orzec grzywn\u0119 lub \u015brodek kompensacyjny (np. obowi\u0105zek naprawienia szkody), prokurator mo\u017ce z\u00a0urz\u0119du zabezpieczy\u0107 wykonanie tego orzeczenia na mieniu podejrzanego, je\u017celi istnieje uzasadniona obawa, \u017ce bez takiego zabezpieczenia jego wykonanie b\u0119dzie niemo\u017cliwe lub znacznie utrudnione.<\/p>\n<p>Prok. Nowak zaznaczy\u0142 te\u017c, \u017ce &#8222;w niniejszej sprawie obie powy\u017csze przes\u0142anki zastosowania zabezpieczenia maj\u0105tkowego zosta\u0142y spe\u0142nione&#8221; i\u00a0przekaza\u0142, \u017ce &#8222;celem stosowania zabezpieczenia maj\u0105tkowego jest zapewnienie wykonalno\u015bci przysz\u0142ych orzecze\u0144 s\u0105dowych o\u00a0charakterze maj\u0105tkowym&#8221;.<\/p>\n<p>W czwartek wieczorem na ruch prokuratury zareagowa\u0142 sam Zbigniew Ziobro, o\u015bwiadczaj\u0105c: &#8222;Tusk bez wymaganej ustaw\u0105 pisemnej zgody Prezydenta odsun\u0105\u0142 legalnego Prokuratora Krajowego. Prokuratura kierowana przez uzurpatora s\u0142u\u017cy dzi\u015b do walki z\u00a0przeciwnikami koalicji 13 grudnia&#8221;. <\/p>\n<p>&#8222;Zabezpieczenie mojego maj\u0105tku to kolejny akt zemsty za \u015bledztwa ujawniaj\u0105ce wielk\u0105 korupcj\u0119 ludzi Tuska &#8211;\u00a0Nowaka, Giertycha, Grodzkiego, Gaw\u0142owskiego, Karpi\u0144skiego &#8211;\u00a0oraz sprawy dotycz\u0105ce jego samego. Te post\u0119powania s\u0105 zamiatane pod dywan&#8221; &#8211;\u00a0oznajmi\u0142 w\u00a0dalszej cz\u0119\u015bci wpisu by\u0142y minister sprawiedliwo\u015bci.<\/p>\n<p>Ziobro stwierdzi\u0142 te\u017c, \u017ce &#8222;decyzja wobec niego jest bezprawna i\u00a0nie robi na nim wra\u017cenia&#8221;. &#8222;Jestem niewinny. Martwi\u0107 powinni si\u0119 ci, kt\u00f3rzy w\u00a0otoczeniu Tuska kradli na pot\u0119g\u0119. Wr\u00f3cimy, doko\u0144czymy te sprawy i\u00a0pa\u0144stwo odbierze im nielegalnie zdobyty maj\u0105tek. Zaanga\u017cowani w\u00a0polityczne prze\u015bladowania ponios\u0105 konsekwencje&#8221; &#8211;\u00a0oznajmi\u0142 polityk PiS.<\/p>\n<p>W \u015bledztwie dotycz\u0105cym nieprawid\u0142owo\u015bci w\u00a0Funduszu Sprawiedliwo\u015bci prokurator uzyska\u0142 materia\u0142 dowodowy wskazuj\u0105cy na uzasadnione podejrzenie pope\u0142nienia przez Ziobr\u0119 \u0142\u0105cznie 26 przest\u0119pstw. Zarzuty, kt\u00f3re prokurator chce przedstawi\u0107 pos\u0142owi PiS, dotycz\u0105 m.in. z\u0142o\u017cenia i\u00a0kierowania &#8222;zorganizowan\u0105 grup\u0105 przest\u0119pcz\u0105 przez okres pi\u0119ciu lat, jak r\u00f3wnie\u017c ustawiania i\u00a0r\u0119cznego sterowania konkursami na dotacje z\u00a0Funduszu Sprawiedliwo\u015bci i\u00a0przyw\u0142aszczania pieni\u0119dzy uzyskiwanych w\u00a0tej drodze&#8221;.<\/p>\n<p>Sejm uchyli\u0142 immunitet Ziobrze 7\u00a0listopada w\u00a0odniesieniu do wszystkich 26 zarzut\u00f3w, kt\u00f3re chce mu postawi\u0107 prokuratura, w\u00a0zwi\u0105zku ze spraw\u0105 Funduszu Sprawiedliwo\u015bci. Sejm wyrazi\u0142 r\u00f3wnie\u017c zgod\u0119 na jego zatrzymanie i\u00a0aresztowanie.<\/p>\n","protected":false},"excerpt":{"rendered":"&#8222;Zabezpieczenie nast\u0105pi\u0142o poprzez obci\u0105\u017cenie hipotek\u0105 przymusow\u0105 nieruchomo\u015bci nale\u017c\u0105cych do podejrzanego oraz poprzez zaj\u0119cie \u015brodk\u00f3w zgromadzonych na jego rachunku&hellip;\n","protected":false},"author":2,"featured_media":111067,"comment_status":"","ping_status":"","sticky":false,"template":"","format":"standard","meta":{"footnotes":""},"categories":[5],"tags":[32,33,36,37,27,34,35,28,31,25,42,38,40,39,41,29,30,26],"class_list":{"0":"post-111066","1":"post","2":"type-post","3":"status-publish","4":"format-standard","5":"has-post-thumbnail","7":"category-naglowki","8":"tag-breaking-news","9":"tag-breakingnews","10":"tag-featured-news","11":"tag-featurednews","12":"tag-headlines","13":"tag-latest-news","14":"tag-latestnews","15":"tag-naglowki","16":"tag-najwazniejsze-artykuly","17":"tag-news","18":"tag-pl","19":"tag-poland","20":"tag-polish","21":"tag-polska","22":"tag-polski","23":"tag-top-stories","24":"tag-topstories","25":"tag-wiadomosci"},"share_on_mastodon":{"url":"https:\/\/pubeurope.com\/@pl\/115584321632678651","error":""},"_links":{"self":[{"href":"https:\/\/www.europesays.com\/pl\/wp-json\/wp\/v2\/posts\/111066","targetHints":{"allow":["GET"]}}],"collection":[{"href":"https:\/\/www.europesays.com\/pl\/wp-json\/wp\/v2\/posts"}],"about":[{"href":"https:\/\/www.europesays.com\/pl\/wp-json\/wp\/v2\/types\/post"}],"author":[{"embeddable":true,"href":"https:\/\/www.europesays.com\/pl\/wp-json\/wp\/v2\/users\/2"}],"replies":[{"embeddable":true,"href":"https:\/\/www.europesays.com\/pl\/wp-json\/wp\/v2\/comments?post=111066"}],"version-history":[{"count":0,"href":"https:\/\/www.europesays.com\/pl\/wp-json\/wp\/v2\/posts\/111066\/revisions"}],"wp:featuredmedia":[{"embeddable":true,"href":"https:\/\/www.europesays.com\/pl\/wp-json\/wp\/v2\/media\/111067"}],"wp:attachment":[{"href":"https:\/\/www.europesays.com\/pl\/wp-json\/wp\/v2\/media?parent=111066"}],"wp:term":[{"taxonomy":"category","embeddable":true,"href":"https:\/\/www.europesays.com\/pl\/wp-json\/wp\/v2\/categories?post=111066"},{"taxonomy":"post_tag","embeddable":true,"href":"https:\/\/www.europesays.com\/pl\/wp-json\/wp\/v2\/tags?post=111066"}],"curies":[{"name":"wp","href":"https:\/\/api.w.org\/{rel}","templated":true}]}}