{"id":111080,"date":"2025-11-20T22:33:09","date_gmt":"2025-11-20T22:33:09","guid":{"rendered":"https:\/\/www.europesays.com\/pl\/111080\/"},"modified":"2025-11-20T22:33:09","modified_gmt":"2025-11-20T22:33:09","slug":"chca-grosickiego-bedzie-transfer-powazna-rozmowa","status":"publish","type":"post","link":"https:\/\/www.europesays.com\/pl\/111080\/","title":{"rendered":"Chc\u0105 Grosickiego, b\u0119dzie transfer? &#8222;Powa\u017cna rozmowa&#8221;"},"content":{"rendered":"\n<p class=\"contentpart contentpart--default contentpart--text\" data-position=\"0\"><a href=\"https:\/\/sportowefakty.wp.pl\/pilka-nozna\/kamil-grosicki\" rel=\"nofollow noopener\" target=\"_blank\">Kamil Grosicki<\/a>\u00a0jest obecnie zwi\u0105zany z <a href=\"https:\/\/sportowefakty.wp.pl\/pilka-nozna\/pogon-szczecin\" rel=\"nofollow noopener\" target=\"_blank\">Pogoni\u0105 Szczecin<\/a>, ale jego kontrakt obowi\u0105zuje jedynie do ko\u0144ca czerwca 2026 roku. Oznacza to, \u017ce ju\u017c od 1 stycznia mo\u017ce podpisa\u0107 umow\u0119 z nowym klubem.<\/p>\n<p class=\"contentpart contentpart--default contentpart--text\" data-position=\"1\">Tymczasem okazuje si\u0119, i\u017c Grosicki mo\u017ce zmieni\u0107 zesp\u00f3\u0142 wewn\u0105trz <a href=\"https:\/\/sportowefakty.wp.pl\/pilka-nozna\/pko-ekstraklasa\" rel=\"nofollow noopener\" target=\"_blank\">PKO Ekstraklasy<\/a>. Pojawi\u0142a si\u0119 bowiem informacja, \u017ce <a href=\"https:\/\/sportowefakty.wp.pl\/pilka-nozna\/widzew-lodz\" rel=\"nofollow noopener\" target=\"_blank\">Widzew \u0141\u00f3d\u017a<\/a>\u00a0jest zainteresowany pozyskaniem do\u015bwiadczonego skrzyd\u0142owego.<\/p>\n<p> <img role=\"presentation\" src=\"https:\/\/std.wpcdn.pl\/images\/adv\/placeholder_wp.svg\" loading=\"lazy\" alt=\"\" decoding=\"async\"\/>  <\/p>\n<p class=\"contentpart contentpart--default contentpart--text\" data-position=\"2\">ZOBACZ WIDEO: #dziejesiewsporcie: By\u0142a 10. sekunda meczu. Niebywa\u0142e, co zrobi\u0142 bramkarz<\/p>\n<p class=\"contentpart contentpart--default contentpart--text\" data-position=\"4\">O ca\u0142ej sprawie poinformowa\u0142 <a href=\"https:\/\/sportowefakty.wp.pl\/pilka-nozna\/mateusz-borek\" rel=\"nofollow noopener\" target=\"_blank\">Mateusz Borek<\/a>. Wed\u0142ug jego informacji\u00a0rozmowy mi\u0119dzy dyrektorem sportowym Widzewa, Dariuszem Adamczukiem, a &#8222;Grosikiem&#8221;, przybra\u0142y na intensywno\u015bci.<\/p>\n<p class=\"contentpart contentpart--default contentpart--text\" data-position=\"5\">&#8211; Dosz\u0142o do spotkania Tana Kesslera (wiceprezes i dyrektor generalny Pogoni &#8211; przyp. red.) z Kamilem Grosickim nt. przed\u0142u\u017cenia kontraktu, natomiast bardzo mocno zaatakowa\u0142 dyrektor sportowy Widzewa \u0141\u00f3d\u017a &#8211; Dariusz Adamczuk. Widzew chce Kamila Grosickiego. Albo teraz i kontrakt p\u00f3\u0142 roku plus dwa lata, albo po sezonie za darmo, je\u015bli nie dojdzie do porozumienia Kamila z Pogoni\u0105 &#8211; przekaza\u0142 znany komentator na antenie &#8222;Kana\u0142u Sportowego&#8221;.<\/p>\n<p class=\"contentpart contentpart--default contentpart--text\" data-position=\"6\">&#8211; Jest podobno powa\u017cna rozmowa mi\u0119dzy Darkiem Adamczukiem a Kamilem Grosickim &#8211; doda\u0142.<\/p>\n<p class=\"contentpart contentpart--default contentpart--text\" data-position=\"7\">Tymczasem sam Grosicki niedawno wypowiedzia\u0142 si\u0119 na temat swojej przysz\u0142o\u015bci. &#8211;\u00a0Ja spokojnie czekam, a\u017c si\u0119 runda sko\u0144czy. Wydaje mi si\u0119, \u017ce to b\u0119dzie taki najlepszy moment. Jak co\u015b ma si\u0119 zacz\u0105\u0107, to mo\u017ce wtedy, ale na dzie\u0144 dzisiejszy nie by\u0142o \u017cadnych konkretnych rozm\u00f3w na temat mojego kontraktu &#8211; podkre\u015bli\u0142 w podca\u015bcie Rados\u0142awa Majdana.<\/p>\n","protected":false},"excerpt":{"rendered":"Kamil Grosicki\u00a0jest obecnie zwi\u0105zany z Pogoni\u0105 Szczecin, ale jego kontrakt obowi\u0105zuje jedynie do ko\u0144ca czerwca 2026 roku. Oznacza&hellip;\n","protected":false},"author":2,"featured_media":111081,"comment_status":"","ping_status":"","sticky":false,"template":"","format":"standard","meta":{"footnotes":""},"categories":[24],"tags":[11249,3652,9092,269,1724,42,1111,38,40,39,41,127,126,2307,4065],"class_list":{"0":"post-111080","1":"post","2":"type-post","3":"status-publish","4":"format-standard","5":"has-post-thumbnail","7":"category-sport","8":"tag-kamil-grosicki","9":"tag-lodz","10":"tag-mateusz-borek","11":"tag-pilka-nozna","12":"tag-pko-ekstraklasa","13":"tag-pl","14":"tag-pogon-szczecin","15":"tag-poland","16":"tag-polish","17":"tag-polska","18":"tag-polski","19":"tag-sport","20":"tag-sports","21":"tag-szczecin","22":"tag-widzew-lodz"},"share_on_mastodon":{"url":"https:\/\/pubeurope.com\/@pl\/115584408427792290","error":""},"_links":{"self":[{"href":"https:\/\/www.europesays.com\/pl\/wp-json\/wp\/v2\/posts\/111080","targetHints":{"allow":["GET"]}}],"collection":[{"href":"https:\/\/www.europesays.com\/pl\/wp-json\/wp\/v2\/posts"}],"about":[{"href":"https:\/\/www.europesays.com\/pl\/wp-json\/wp\/v2\/types\/post"}],"author":[{"embeddable":true,"href":"https:\/\/www.europesays.com\/pl\/wp-json\/wp\/v2\/users\/2"}],"replies":[{"embeddable":true,"href":"https:\/\/www.europesays.com\/pl\/wp-json\/wp\/v2\/comments?post=111080"}],"version-history":[{"count":0,"href":"https:\/\/www.europesays.com\/pl\/wp-json\/wp\/v2\/posts\/111080\/revisions"}],"wp:featuredmedia":[{"embeddable":true,"href":"https:\/\/www.europesays.com\/pl\/wp-json\/wp\/v2\/media\/111081"}],"wp:attachment":[{"href":"https:\/\/www.europesays.com\/pl\/wp-json\/wp\/v2\/media?parent=111080"}],"wp:term":[{"taxonomy":"category","embeddable":true,"href":"https:\/\/www.europesays.com\/pl\/wp-json\/wp\/v2\/categories?post=111080"},{"taxonomy":"post_tag","embeddable":true,"href":"https:\/\/www.europesays.com\/pl\/wp-json\/wp\/v2\/tags?post=111080"}],"curies":[{"name":"wp","href":"https:\/\/api.w.org\/{rel}","templated":true}]}}