{"id":111085,"date":"2025-11-20T22:40:13","date_gmt":"2025-11-20T22:40:13","guid":{"rendered":"https:\/\/www.europesays.com\/pl\/111085\/"},"modified":"2025-11-20T22:40:13","modified_gmt":"2025-11-20T22:40:13","slug":"zuzel-martin-vaculik-wprost-o-bartoszu-zmarzliku-chodzi-o-motor-lublin","status":"publish","type":"post","link":"https:\/\/www.europesays.com\/pl\/111085\/","title":{"rendered":"\u017bu\u017cel. Martin Vaculik wprost o Bartoszu Zmarzliku. Chodzi o Motor Lublin"},"content":{"rendered":"<p class=\"typography ids-typeset-body ids-typeset-body--preset-large link paragraph ids-paragraph ids-paragraph--default\">O przenosinach Martina Vaculika do Lublina m\u00f3wiono ju\u017c od bardzo dawna, ale dopiero teraz znalaz\u0142y one swoje potwierdzenie. S\u0142owak potrzebowa\u0142 zmian, bo za sob\u0105 ma jeden z najgorszych sezon\u00f3w ostatnich lat.<\/p>\n<p>Takie s\u0142owa Vaculika o Zmarzliku<\/p>\n<p class=\"typography ids-typeset-body ids-typeset-body--preset-large link paragraph ids-paragraph ids-paragraph--default\">Vaculika nie zobaczymy nawet w Grand Prix, cho\u0107\u00a0sam zainteresowany dosta\u0142 propozycj\u0119, z kt\u00f3rej jednak nie skorzysta\u0142. To pozwoli mu si\u0119 skoncentrowa\u0107 w stu procentach na rozgrywkach ligowych. Cel Orlen Oil Motoru Lublin jest znany. 3-krotni mistrzowie Polski chc\u0105 wr\u00f3ci\u0107 na najwy\u017cszy stopie\u0144 podium. To warunki, w kt\u00f3rych Vaculik czuje si\u0119 znakomicie.<\/p>\n<p class=\"typography ids-typeset-body ids-typeset-body--preset-large link paragraph ids-paragraph ids-paragraph--default\">&#8211; My\u015bl\u0119, \u017ce marzeniem ka\u017cdego sportowca jest je\u017adzi\u0107 w mocnym zespole, wi\u0119c ciesz\u0119 si\u0119, \u017ce mog\u0119 reprezentowa\u0107 taki klub. To dla mnie ogromne wyzwanie, \u017ceby pokaza\u0107 si\u0119 z jak najlepszej strony &#8211; m\u00f3wi w rozmowie z mediami klubowymi.<\/p>\n<p class=\"typography ids-typeset-body ids-typeset-body--preset-large link paragraph ids-paragraph ids-paragraph--default\">By\u0142y mistrz Europy wsp\u00f3lnie z Bartoszem Zmarzlikiem ma stanowi\u0107 o sile Motoru Lublin. Obaj panowie wcze\u015bniej startowali ze sob\u0105 przez kilka lat w Stali Gorz\u00f3w. I cho\u0107 nie uda\u0142o im si\u0119 si\u0119gn\u0105\u0107 po z\u0142oto, to zgarn\u0119li jednak a\u017c cztery medale. &#8211; Mog\u0119 go nazwa\u0107 nie tylko koleg\u0105 z toru, ale przyjacielem. To cz\u0142owiek, kt\u00f3rego bardzo doceniam. Osi\u0105gn\u0105\u0142 w sporcie niezwykle du\u017co i je\u017adzi\u0107 u boku takiego mistrza to zaszczyt &#8211; podkre\u015bla Vaculik.<\/p>\n<p>Karnety Motoru Lublin na przysz\u0142y sezon<\/p>\n<p class=\"typography ids-typeset-body ids-typeset-body--preset-large link paragraph ids-paragraph ids-paragraph--default\">W Lublinie ruszyli ju\u017c tak\u017ce ze sprzeda\u017c\u0105 karnet\u00f3w. O tym, jak wzros\u0142y ceny w Toruniu, <a href=\"https:\/\/sport.interia.pl\/zuzel\/ekstraliga\/news-polski-klub-ujawnia-zrobi-sie-drozej-kibice-siegna-gleboko-d,nId,22453784#iwa_source=autor\" target=\"_blank\" rel=\"nofollow noopener\">pisali\u015bmy\u00a0<\/a><a href=\"https:\/\/sport.interia.pl\/zuzel\/ekstraliga\/news-polski-klub-ujawnia-zrobi-sie-drozej-kibice-siegna-gleboko-d,nId,22453784#iwa_source=autor\" target=\"_blank\" rel=\"nofollow noopener\">tutaj<\/a>. Ca\u0142oroczna normalna wej\u015bci\u00f3wka na mecze Motoru w rundzie zasadniczej wynosi 490 z\u0142otych (450 z\u0142 w 2025). Ulgowa za to 400 z\u0142, kiedy w poprzednim sezonie kosztowa\u0142a 380 z\u0142. Najdro\u017cej jest na Trybunie G\u0142\u00f3wnej przy linii start-meta. Tam karnet kosztuje a\u017c 900 z\u0142 (800 z\u0142 w 2025).<\/p>\n<p><img decoding=\"async\" class=\"ids-image-holder__img\" loading=\"lazy\" alt=\"Martin Vaculik i Bjarne Pedersen zastanawiaj\u0105 si\u0119 nad wyborem numeru startowego na Grand Prix.\" title=\"Martin Vaculik, nowy zawodnik Orlen Oil Motoru Lublin.\" width=\"4592\" height=\"3061\" src=\"https:\/\/www.europesays.com\/pl\/wp-content\/uploads\/2025\/11\/000JZRCTJ3U0GB60-C322-F4.webp.webp\"\/><\/p>\n<p>Martin Vaculik, nowy zawodnik Orlen Oil Motoru Lublin.\u0141ukasz TrzeszczkowskiZdj\u0119cia \u0141ukasz Trzeszczkowski<\/p>\n<p><img decoding=\"async\" class=\"ids-image-holder__img\" loading=\"lazy\" alt=\"Trzech \u017cu\u017clowc\u00f3w w strojach sportowych z logo sponsor\u00f3w, stoj\u0105cych blisko siebie i rozmawiaj\u0105cych, w tle widoczne elementy toru oraz osoby z obs\u0142ugi.\" title=\"Martin Vaculik w rozmowie z Andersem Thomsenem.\" width=\"2844\" height=\"1895\" src=\"https:\/\/www.europesays.com\/pl\/wp-content\/uploads\/2025\/10\/000LNZJAP227UOVE-C322-F4.webp.webp\"\/><\/p>\n<p>Martin Vaculik w rozmowie z Andersem Thomsenem.TrzeszczkowskiZdj\u0119cia \u0141ukasz Trzeszczkowski<\/p>\n<p><img decoding=\"async\" class=\"ids-image-holder__img\" loading=\"lazy\" alt=\"Zawodnik w stroju sportowym z logotypami sponsor\u00f3w pochylony nad motocyklem \u017cu\u017clowym, koncentruj\u0105cy si\u0119 na przygotowaniu maszyny do wy\u015bcigu.\" title=\"Bartosz Zmarzlik szykuje si\u0119 do zawod\u00f3w.\" width=\"3538\" height=\"2357\" src=\"https:\/\/www.europesays.com\/pl\/wp-content\/uploads\/2025\/11\/000LUYSREF2YOJOT-C322-F4.webp.webp\"\/><\/p>\n<p>Bartosz Zmarzlik szykuje si\u0119 do zawod\u00f3w.TrzeszczkowskiZdj\u0119cia \u0141ukasz Trzeszczkowski<\/p>\n<p>Najciekawsze momenty Albanii w eliminacjach M\u015a 2026! WIDEOPolsat SportPolsat Sport<\/p>\n<p><a class=\"ids-undecorated-link source ids-page-info--source__link\" href=\"https:\/\/www.interia.pl\" rel=\"nofollow noopener\" target=\"_blank\"><img decoding=\"async\" class=\"ids-image-holder__img\" loading=\"lazy\" alt=\"\" title=\"\" height=\"24px\" src=\"https:\/\/www.europesays.com\/pl\/wp-content\/uploads\/2025\/11\/1763630892_338_0009A60QQ5I2TYF7-C202-F4.webp.webp\"\/><\/a><\/p>\n<p>Masz sugestie, uwagi albo widzisz b\u0142\u0105d? Napisz do nas<\/p>\n","protected":false},"excerpt":{"rendered":"O przenosinach Martina Vaculika do Lublina m\u00f3wiono ju\u017c od bardzo dawna, ale dopiero teraz znalaz\u0142y one swoje potwierdzenie.&hellip;\n","protected":false},"author":2,"featured_media":111086,"comment_status":"","ping_status":"","sticky":false,"template":"","format":"standard","meta":{"footnotes":""},"categories":[24],"tags":[42,38,40,39,41,127,126],"class_list":{"0":"post-111085","1":"post","2":"type-post","3":"status-publish","4":"format-standard","5":"has-post-thumbnail","7":"category-sport","8":"tag-pl","9":"tag-poland","10":"tag-polish","11":"tag-polska","12":"tag-polski","13":"tag-sport","14":"tag-sports"},"share_on_mastodon":{"url":"https:\/\/pubeurope.com\/@pl\/115584436131150501","error":""},"_links":{"self":[{"href":"https:\/\/www.europesays.com\/pl\/wp-json\/wp\/v2\/posts\/111085","targetHints":{"allow":["GET"]}}],"collection":[{"href":"https:\/\/www.europesays.com\/pl\/wp-json\/wp\/v2\/posts"}],"about":[{"href":"https:\/\/www.europesays.com\/pl\/wp-json\/wp\/v2\/types\/post"}],"author":[{"embeddable":true,"href":"https:\/\/www.europesays.com\/pl\/wp-json\/wp\/v2\/users\/2"}],"replies":[{"embeddable":true,"href":"https:\/\/www.europesays.com\/pl\/wp-json\/wp\/v2\/comments?post=111085"}],"version-history":[{"count":0,"href":"https:\/\/www.europesays.com\/pl\/wp-json\/wp\/v2\/posts\/111085\/revisions"}],"wp:featuredmedia":[{"embeddable":true,"href":"https:\/\/www.europesays.com\/pl\/wp-json\/wp\/v2\/media\/111086"}],"wp:attachment":[{"href":"https:\/\/www.europesays.com\/pl\/wp-json\/wp\/v2\/media?parent=111085"}],"wp:term":[{"taxonomy":"category","embeddable":true,"href":"https:\/\/www.europesays.com\/pl\/wp-json\/wp\/v2\/categories?post=111085"},{"taxonomy":"post_tag","embeddable":true,"href":"https:\/\/www.europesays.com\/pl\/wp-json\/wp\/v2\/tags?post=111085"}],"curies":[{"name":"wp","href":"https:\/\/api.w.org\/{rel}","templated":true}]}}