{"id":111087,"date":"2025-11-20T22:44:11","date_gmt":"2025-11-20T22:44:11","guid":{"rendered":"https:\/\/www.europesays.com\/pl\/111087\/"},"modified":"2025-11-20T22:44:11","modified_gmt":"2025-11-20T22:44:11","slug":"zbrodnia-w-buczy-ukrainska-prokuratura-namierzyla-oficera-ktory-wydal-rozkaz-2","status":"publish","type":"post","link":"https:\/\/www.europesays.com\/pl\/111087\/","title":{"rendered":"Zbrodnia w Buczy. Ukrai\u0144ska prokuratura namierzy\u0142a oficera, kt\u00f3ry wyda\u0142 rozkaz"},"content":{"rendered":"<p class=\"ods-c-paragraph \">Ukrai\u0144skie w\u0142adze oficjalnie zidentyfikowa\u0142y rosyjskiego oficera, kt\u00f3rego obci\u0105\u017caj\u0105 odpowiedzialno\u015bci\u0105 za &#8222;systematyczne i skoordynowane zbrodnie wojenne&#8221; pope\u0142nione w Buczy pod Kijowem. Z tre\u015bci aktu oskar\u017cenia Prokuratora Generalnego Ukrainy cytowanego przez CNN wynika, \u017ce chodzi o Jurija W\u0142adimirowicza Kima, dow\u00f3dc\u0119 plutonu w 76. rosyjskiej dywizji szturmowej, kt\u00f3ry mia\u0142 wyda\u0107 swoim podw\u0142adnym rozkaz zabijania cywil\u00f3w podczas rosyjskiej okupacji miasta od 7 marca do 1 kwietnia 2022 r.<\/p>\n<p class=\"ods-c-paragraph \">Bucza sta\u0142a si\u0119 jednym z najbardziej wstrz\u0105saj\u0105cych symboli rosyjskiej inwazji na Ukrain\u0119. Po wycofaniu rosyjskich wojsk odkryto cia\u0142a zamordowanych mieszka\u0144c\u00f3w pozostawione na ulicach, a tak\u017ce masowe groby.<\/p>\n<p>Dalszy ci\u0105g artyku\u0142u pod materia\u0142em wideo<\/p>\n<p> Kto zosta\u0142 zidentyfikowany jako dow\u00f3dca odpowiedzialny za zbrodnie w Buczy? <\/p>\n<p> Jakie zbrodnie warunkowo przypisuje si\u0119 Jurijowi Kimowi? <\/p>\n<p> Kiedy mia\u0142y miejsce zbrodnie w Buczy? <\/p>\n<p> Jakie dowody s\u0105 fundamentem aktu oskar\u017cenia przeciwko Kimowi? <\/p>\n<p>  Namierzyli odpowiedzialnego za bestialskie czyny Rosjan<\/p>\n<p class=\"ods-c-paragraph \">W\u0142adze Ukrainy przypisuj\u0105 Kimowi odpowiedzialno\u015b\u0107 za 17 zab\u00f3jstw i cztery akty z\u0142ego traktowania cywil\u00f3w dokonane przez podleg\u0142e mu oddzia\u0142y. Jak podkre\u015blaj\u0105 prawnicy z mi\u0119dzynarodowej organizacji Global Rights Compliance, wspieraj\u0105cej Ukrain\u0119 w dokumentowaniu zbrodni wojennych, akt oskar\u017cenia opiera si\u0119 na zeznaniach \u015bwiadk\u00f3w, ekspertyzach kryminalistycznych, rekonstrukcjach zdarze\u0144, identyfikacjach wizualnych, analizach map oraz materia\u0142ach z otwartych \u017ar\u00f3de\u0142 wywiadowczych.<\/p>\n<p class=\"ods-c-paragraph \">\u015aledczy twierdz\u0105 r\u00f3wnie\u017c, \u017ce Kim mia\u0142 nakaza\u0107 spalenie cia\u0142 zabitych w celu zatarcia \u015blad\u00f3w zbrodni. Global Rights Compliance ocenia, \u017ce sprawa ta ujawnia &#8222;metodyczne podej\u015bcie do zbrodni wojennych pope\u0142nionych przez si\u0142y rosyjskie&#8221; podczas dzia\u0142a\u0144 w Buczy.<\/p>\n<p class=\"ods-c-paragraph \">Jednocze\u015bnie strona rosyjska konsekwentnie utrzymuje, \u017ce jej wojska nie dopu\u015bci\u0142y si\u0119 zabijania cywil\u00f3w w Buczy.<\/p>\n<p class=\"ods-c-paragraph \">&#8222;Wyszli\u015bmy poza poci\u0105ganie do odpowiedzialno\u015bci sprawc\u00f3w niskiego szczebla. Teraz ujawniamy decyzje \u0142a\u0144cucha dowodzenia, dzi\u0119ki kt\u00f3rym zwyk\u0142e rozkazy zamieni\u0142y si\u0119 w masowe egzekucje ludno\u015bci cywilnej&#8221; \u2014 podkre\u015bli\u0142 w o\u015bwiadczeniu Maksym Tsutskiridze, pierwszy zast\u0119pca szefa Narodowej Policji Ukrainy, cytowany przez CNN.<\/p>\n<p class=\"ods-c-paragraph \">Rosyjskie ministerstwo obrony nie odpowiedzia\u0142o na pytania dotycz\u0105ce tej sprawy \u2014 donosz\u0105 CNN i Reuters. Agencja podaje tak\u017ce, i\u017c na ten moment Kim nie zosta\u0142 zatrzymany i przebywa poza ukrai\u0144sk\u0105 jurysdykcj\u0105.<\/p>\n","protected":false},"excerpt":{"rendered":"Ukrai\u0144skie w\u0142adze oficjalnie zidentyfikowa\u0142y rosyjskiego oficera, kt\u00f3rego obci\u0105\u017caj\u0105 odpowiedzialno\u015bci\u0105 za &#8222;systematyczne i skoordynowane zbrodnie wojenne&#8221; pope\u0142nione w Buczy&hellip;\n","protected":false},"author":2,"featured_media":111088,"comment_status":"","ping_status":"","sticky":false,"template":"","format":"standard","meta":{"footnotes":""},"categories":[14],"tags":[32,33,24313,27,76,34,35,28,31,48,25,46,40,41,87,47,80,29,30,415,26,82,83,84],"class_list":{"0":"post-111087","1":"post","2":"type-post","3":"status-publish","4":"format-standard","5":"has-post-thumbnail","7":"category-swiat","8":"tag-breaking-news","9":"tag-breakingnews","10":"tag-bucza","11":"tag-headlines","12":"tag-inwazja_rosji_na_ukraine","13":"tag-latest-news","14":"tag-latestnews","15":"tag-naglowki","16":"tag-najwazniejsze-artykuly","17":"tag-nat_styl","18":"tag-news","19":"tag-omp","20":"tag-polish","21":"tag-polski","22":"tag-rosja","23":"tag-screening_general","24":"tag-swiat","25":"tag-top-stories","26":"tag-topstories","27":"tag-ukraina","28":"tag-wiadomosci","29":"tag-world","30":"tag-world-news","31":"tag-worldnews"},"share_on_mastodon":{"url":"https:\/\/pubeurope.com\/@pl\/115584451402070747","error":""},"_links":{"self":[{"href":"https:\/\/www.europesays.com\/pl\/wp-json\/wp\/v2\/posts\/111087","targetHints":{"allow":["GET"]}}],"collection":[{"href":"https:\/\/www.europesays.com\/pl\/wp-json\/wp\/v2\/posts"}],"about":[{"href":"https:\/\/www.europesays.com\/pl\/wp-json\/wp\/v2\/types\/post"}],"author":[{"embeddable":true,"href":"https:\/\/www.europesays.com\/pl\/wp-json\/wp\/v2\/users\/2"}],"replies":[{"embeddable":true,"href":"https:\/\/www.europesays.com\/pl\/wp-json\/wp\/v2\/comments?post=111087"}],"version-history":[{"count":0,"href":"https:\/\/www.europesays.com\/pl\/wp-json\/wp\/v2\/posts\/111087\/revisions"}],"wp:featuredmedia":[{"embeddable":true,"href":"https:\/\/www.europesays.com\/pl\/wp-json\/wp\/v2\/media\/111088"}],"wp:attachment":[{"href":"https:\/\/www.europesays.com\/pl\/wp-json\/wp\/v2\/media?parent=111087"}],"wp:term":[{"taxonomy":"category","embeddable":true,"href":"https:\/\/www.europesays.com\/pl\/wp-json\/wp\/v2\/categories?post=111087"},{"taxonomy":"post_tag","embeddable":true,"href":"https:\/\/www.europesays.com\/pl\/wp-json\/wp\/v2\/tags?post=111087"}],"curies":[{"name":"wp","href":"https:\/\/api.w.org\/{rel}","templated":true}]}}