{"id":111099,"date":"2025-11-20T23:02:09","date_gmt":"2025-11-20T23:02:09","guid":{"rendered":"https:\/\/www.europesays.com\/pl\/111099\/"},"modified":"2025-11-20T23:02:09","modified_gmt":"2025-11-20T23:02:09","slug":"joanna-jarmolowicz-i-jan-krolikowski-rozstali-sie-w-2024-przerwala-milczenie","status":"publish","type":"post","link":"https:\/\/www.europesays.com\/pl\/111099\/","title":{"rendered":"Joanna Jarmo\u0142owicz i Jan Kr\u00f3likowski rozstali si\u0119 w 2024. Przerwa\u0142a milczenie"},"content":{"rendered":"<p>Jan Kr\u00f3likowski i Joanna Jarmo\u0142owicz rozstali si\u0119 rok temu<\/p>\n<p class=\"typography ids-typeset-body ids-typeset-body--preset-large link paragraph ids-paragraph ids-paragraph--default\">Rodzina Kr\u00f3likowskich w ostatnich latach mierzy\u0142a si\u0119 z niejedn\u0105 trudn\u0105 chwil\u0105. W 2023 roku <a href=\"https:\/\/www.pomponik.pl\/relacje-i-zwiazki\/news-malzenstwo-krolikowskiego-uchodzilo-za-idealne-za-zamknietym,nId,7989969\" target=\"_self\" rel=\"nofollow noopener\">Rafa\u0142 Kr\u00f3likowski i Dorota Mirska<\/a> rozstali si\u0119 po niemal 30 latach zwi\u0105zku. O tym, co dzia\u0142o si\u0119 w relacji <a href=\"https:\/\/www.pomponik.pl\/relacje-i-zwiazki\/news-opozda-i-krolikowski-dali-sobie-druga-szanse-szybko-tego-poz,nId,22451586\" target=\"_self\" rel=\"nofollow noopener\">Joanny Opozdy i Antka Kr\u00f3likowskiego<\/a> wiedz\u0105 wszyscy &#8211; dzi\u0119ki obszernym medialnym utarczkom tej pary.<\/p>\n<p class=\"typography ids-typeset-body ids-typeset-body--preset-large link paragraph ids-paragraph ids-paragraph--default\">W pa\u017adzierniku 2024 roku do listy singli do\u0142\u0105czy\u0142 <a href=\"https:\/\/www.pomponik.pl\/tagi-jan-krolikowski,tId,310472\" target=\"_self\" rel=\"nofollow noopener\">Jan Kr\u00f3likowski<\/a>, kt\u00f3ry po kilku latach rozsta\u0142 si\u0119 z <a href=\"https:\/\/www.pomponik.pl\/tagi-joanna-jarmolowicz,tId,271505\" target=\"_self\" rel=\"nofollow noopener\">Joann\u0105 Jarmo\u0142owicz<\/a>. W przeciwie\u0144stwie do Antoniego i Opozdy, ten duet nie zamierza\u0142 jednak opowiada\u0107 w mediach o okoliczno\u015bciach rozstania. Skupili si\u0119 za to na ustaleniu, jak b\u0119d\u0105 opiekowa\u0107 si\u0119 wsp\u00f3ln\u0105 pociech\u0105 &#8211; urodzonym w 2019 synem J\u00f3zefem.<\/p>\n<p>Agnieszka Kaczorowska wskazuje jednego celebryt\u0119 z ogromnym potencja\u0142em do wygranej w &#8222;Ta\u0144cu z gwiazdami&#8221;pomponik.pl<\/p>\n<p>Joanna Jarmo\u0142owicz przerwa\u0142a milczenie rok po rozstaniu<\/p>\n<p class=\"typography ids-typeset-body ids-typeset-body--preset-large link paragraph ids-paragraph ids-paragraph--default\">Kiedy rozstanie Jana i Joanny wysz\u0142o na jaw, para nie zamierza\u0142a uzewn\u0119trznia\u0107 si\u0119 w mediach w tej sprawie. &#8222;Nie zamierzam komentowa\u0107 tej sytuacji&#8221; &#8211; og\u0142osi\u0142a Jarmo\u0142owicz rozmowie z Plejad\u0105, a jej by\u0142y partner w odpowiedzi na zagajenia Pudelka doda\u0142: &#8222;Nie rozmawiam z dziennikarzami na te tematy&#8221;.<\/p>\n<p class=\"typography ids-typeset-body ids-typeset-body--preset-large link paragraph ids-paragraph ids-paragraph--default\">Dopiero <a href=\"https:\/\/www.pomponik.pl\/plotki\/news-nagle-przerwala-milczenie-ws-krolikowskiego-jest-inaczej-niz,nId,7850655\" target=\"_self\" rel=\"nofollow noopener\">po miesi\u0105cu od rozstania<\/a> aktorka wyzna\u0142a w &#8222;Pytaniu na \u015bniadanie&#8221;, jak teraz wygl\u0105da jej \u017cycie. By\u0142a jednak konsekwentna i nie m\u00f3wi\u0142a o samym zwi\u0105zku. Chwali\u0142a za to swoje relacje z by\u0142\u0105 te\u015bciow\u0105 i podkre\u015bla\u0142a, \u017ce w wychowywaniu J\u00f3zka maj\u0105 z Janem &#8222;takie partnerstwo, \u017ce nie ma si\u0119 czego uczepi\u0107&#8221;.<\/p>\n<p class=\"typography ids-typeset-body ids-typeset-body--preset-large link paragraph ids-paragraph ids-paragraph--default\">Od tamtej pory raczej nie m\u00f3wi\u0142a publicznie o by\u0142ym partnerze &#8211; teraz niespodziewanie si\u0119 to zmieni\u0142o. Nowe wie\u015bci przekaza\u0142a w podca\u015bcie Anny-Marii Siekluckiej w RMF FM, czyli programie &#8222;P.S. I love you&#8221;.<\/p>\n<p>Takie relacje maj\u0105 teraz Jan Kr\u00f3likowski i Joanna Jarmo\u0142owicz<\/p>\n<p class=\"typography ids-typeset-body ids-typeset-body--preset-large link paragraph ids-paragraph ids-paragraph--default\">Sieklucka zapyta\u0142a Jarmo\u0142owicz, jak czuje si\u0119, wychowuj\u0105c J\u00f3zefa bez partnera u boku. Joanna przyzna\u0142a, \u017ce maj\u0105 opiek\u0119 naprzemienn\u0105, co bardzo wszystko u\u0142atwia i pozwala na z\u0142apanie oddechu.<\/p>\n<p class=\"typography ids-typeset-body ids-typeset-body--preset-large link paragraph ids-paragraph ids-paragraph--default\">&#8222;Szczerze? Dobrze mi jest. W\u0142a\u015bnie teraz mi jest dobrze. Teraz jest ten moment, w kt\u00f3rym ja odetchn\u0119\u0142am&#8221; &#8211; wyja\u015bni\u0142a.<\/p>\n<p class=\"typography ids-typeset-body ids-typeset-body--preset-large link paragraph ids-paragraph ids-paragraph--default\">Joanna stwierdzi\u0142a, \u017ce Jan i J\u00f3zef &#8222;\u015bwietnie si\u0119 dogaduj\u0105&#8221;. Poza tym byli partnerzy mieszkaj\u0105 do\u015b\u0107 blisko siebie, co u\u0142atwia wsp\u00f3lne rozwi\u0105zywanie problem\u00f3w na co dzie\u0144. Nie oznacza to jednak, \u017ce s\u0105 teraz przyjaci\u00f3\u0142mi &#8211; z czego dobrze zdaje sobie spraw\u0119 ich wsp\u00f3lna pociecha.<\/p>\n<p class=\"typography ids-typeset-body ids-typeset-body--preset-large link paragraph ids-paragraph ids-paragraph--default\">&#8222;Ale ja te\u017c nie b\u0119d\u0119 mu pokazywa\u0107, \u017ce jeste\u015bmy przyjaci\u00f3\u0142mi, bo nimi nie jeste\u015bmy. [&#8230;] Bez sensu. Jest okej, ale nie jeste\u015bmy przyjaci\u00f3\u0142mi i on o tym wie&#8221; &#8211; podkre\u015bli\u0142a Jarmo\u0142owicz.<\/p>\n<p class=\"typography ids-typeset-body ids-typeset-body--preset-large link paragraph ids-paragraph ids-paragraph--default\">Trzeba przyzna\u0107, \u017ce to pierwsze tak osobiste wyznanie aktorki od roku.<\/p>\n<ul class=\"typography ids-typeset-body ids-typeset-body--preset-small list--article-list ids-list ids-list--unordered ids-list--size-small \" datatype=\"disc\">\n<li class=\"ids-list-item ids-list-item__content brief-list-item\"><a class=\"ids-undecorated-link link ids-link \" data-spons=\"false\" href=\"https:\/\/www.pomponik.pl\/plotki\/news-jarmolowicz-juz-nie-teskni-po-krolikowskim-przylapali-ja-ze,nId,8002106\" rel=\"nofollow noopener\" target=\"_blank\">Jarmo\u0142owicz ju\u017c nie t\u0119skni po Kr\u00f3likowskim. Przy\u0142apali j\u0105 ze znanym muzykiem<\/a><\/li>\n<li class=\"ids-list-item ids-list-item__content brief-list-item\"><a class=\"ids-undecorated-link link ids-link \" data-spons=\"false\" href=\"https:\/\/www.pomponik.pl\/plotki\/news-byla-synowa-krolikowskiej-przerwala-milczenie-wyjawila-jaka,nId,7964214\" rel=\"nofollow noopener\" target=\"_blank\">By\u0142a synowa Kr\u00f3likowskiej przerwa\u0142a milczenie. Wyjawi\u0142a, jak\u0105 babci\u0105 jest Ma\u0142gorzata<\/a><\/li>\n<\/ul>\n","protected":false},"excerpt":{"rendered":"Jan Kr\u00f3likowski i Joanna Jarmo\u0142owicz rozstali si\u0119 rok temu Rodzina Kr\u00f3likowskich w ostatnich latach mierzy\u0142a si\u0119 z niejedn\u0105&hellip;\n","protected":false},"author":2,"featured_media":111100,"comment_status":"","ping_status":"","sticky":false,"template":"","format":"standard","meta":{"footnotes":""},"categories":[22],"tags":[122,42,38,40,39,41,123],"class_list":{"0":"post-111099","1":"post","2":"type-post","3":"status-publish","4":"format-standard","5":"has-post-thumbnail","7":"category-rozrywka","8":"tag-entertainment","9":"tag-pl","10":"tag-poland","11":"tag-polish","12":"tag-polska","13":"tag-polski","14":"tag-rozrywka"},"share_on_mastodon":{"url":"https:\/\/pubeurope.com\/@pl\/115584522213684471","error":""},"_links":{"self":[{"href":"https:\/\/www.europesays.com\/pl\/wp-json\/wp\/v2\/posts\/111099","targetHints":{"allow":["GET"]}}],"collection":[{"href":"https:\/\/www.europesays.com\/pl\/wp-json\/wp\/v2\/posts"}],"about":[{"href":"https:\/\/www.europesays.com\/pl\/wp-json\/wp\/v2\/types\/post"}],"author":[{"embeddable":true,"href":"https:\/\/www.europesays.com\/pl\/wp-json\/wp\/v2\/users\/2"}],"replies":[{"embeddable":true,"href":"https:\/\/www.europesays.com\/pl\/wp-json\/wp\/v2\/comments?post=111099"}],"version-history":[{"count":0,"href":"https:\/\/www.europesays.com\/pl\/wp-json\/wp\/v2\/posts\/111099\/revisions"}],"wp:featuredmedia":[{"embeddable":true,"href":"https:\/\/www.europesays.com\/pl\/wp-json\/wp\/v2\/media\/111100"}],"wp:attachment":[{"href":"https:\/\/www.europesays.com\/pl\/wp-json\/wp\/v2\/media?parent=111099"}],"wp:term":[{"taxonomy":"category","embeddable":true,"href":"https:\/\/www.europesays.com\/pl\/wp-json\/wp\/v2\/categories?post=111099"},{"taxonomy":"post_tag","embeddable":true,"href":"https:\/\/www.europesays.com\/pl\/wp-json\/wp\/v2\/tags?post=111099"}],"curies":[{"name":"wp","href":"https:\/\/api.w.org\/{rel}","templated":true}]}}