{"id":111103,"date":"2025-11-20T23:05:16","date_gmt":"2025-11-20T23:05:16","guid":{"rendered":"https:\/\/www.europesays.com\/pl\/111103\/"},"modified":"2025-11-20T23:05:16","modified_gmt":"2025-11-20T23:05:16","slug":"ksiezna-charlene-w-koncu-zalozyla-tiare-na-te-chwile-monako-czekalo-15-lat","status":"publish","type":"post","link":"https:\/\/www.europesays.com\/pl\/111103\/","title":{"rendered":"Ksi\u0119\u017cna Charl\u00e8ne w ko\u0144cu za\u0142o\u017cy\u0142a tiar\u0119. Na t\u0119 chwil\u0119 Monako czeka\u0142o 15 lat"},"content":{"rendered":"<p><a href=\"https:\/\/plejada.pl\/rodziny-krolewskie-rody-royalsi\" target=\"_blank\" class=\"ods-c-linked-image\" rel=\"nofollow noopener\"> <img src=\"https:\/\/www.europesays.com\/pl\/wp-content\/uploads\/2025\/10\/QSHk9lBaHR0cHM6Ly9vY2RuLmV1L3B1bHNjbXMvTURBXy9mMTRkOTIyMDcwYjFjMGI2YzQyMTNkNDYwYWYwNTg3Ni5qcGeRlQLNB.jpeg\" height=\"100\" width=\"800\" alt=\"royalsi plejada\" fetchpriority=\"auto\" loading=\"lazy\" decoding=\"async\" class=\"ods-c-image__img ods-c-linked-image__image\"\/>  <\/a><\/p>\n<p class=\"ods-c-paragraph \"><a href=\"https:\/\/plejada.pl\/newsy\/ksiezna-charlene-z-monako-przesladowana-przez-traume-z-dziecinstwa\/qftz9v2\" id=\"3d6f93ae-e31a-4869-af3d-a91def65714a\" rel=\"nofollow noopener\" target=\"_blank\">Ksi\u0119\u017cna Charl\u00e8ne<\/a> ol\u015bni\u0142a uczestnik\u00f3w uroczystej Gali z okazji \u015awi\u0119ta Narodowego Monako 2025 w Monte Carlo, pojawiaj\u0105c si\u0119 w tiarze po raz pierwszy od czasu balu weselnego w 2011 r. \u017bona <a href=\"https:\/\/plejada.pl\/albert-ii-grimaldi-ksiaze-monako\" id=\"cec20a68-4e3c-4347-b538-f00399264df5\" rel=\"nofollow noopener\" target=\"_blank\">ksi\u0119cia Alberta II<\/a>, &#8222;znana na co dzie\u0144 z minimalistycznego i stonowanego stylu, tym razem postawi\u0142a na pe\u0142en blask i klasyczn\u0105, kr\u00f3lewsk\u0105 elegancj\u0119&#8221;. Na wieczorn\u0105 gal\u0119 &#8222;wybra\u0142a d\u0142ug\u0105 sukni\u0119 w kolorze ko\u015bci s\u0142oniowej, ozdobion\u0105 delikatnie po\u0142yskuj\u0105cymi aplikacjami. Bia\u0142o-czerwona szarfa i b\u0142yszcz\u0105ce odznaczenie akcentowa\u0142y oficjaln\u0105 funkcj\u0119 Charl\u00e8ne oraz jej zwi\u0105zek z ksi\u0119stwem&#8221; (cytat za serwisem Hello!).<\/p>\n<p>   <img decoding=\"async\" src=\"https:\/\/www.europesays.com\/pl\/wp-content\/uploads\/2025\/11\/_kRk9lBaHR0cHM6Ly9vY2RuLmV1L3B1bHNjbXMvTURBXy8zN2RkN2QxMDE2MGQ2MDc2ZTBjMDJiYTcwZTgwZDRhMC5qcGeRlQLNB.jpeg\" height=\"627\" width=\"940\" alt=\"Ksi\u0119\u017cna Charl\u00e8ne i ksi\u0105\u017c\u0119 Albert II (Monte Carlo, 19 listopada 2025 r.)\" loading=\"lazy\" class=\"ods-c-image__img ods-c-image__img--viewport-width\"\/><\/p>\n<p>Ksi\u0119\u017cna Charl\u00e8ne i ksi\u0105\u017c\u0119 Albert II (Monte Carlo, 19 listopada 2025 r.)David Nivi\u00e8re\/SC Pool &#8211; Corbis\/Getty Images \/ Getty Images<\/p>\n<p class=\"ods-c-paragraph \">Najbardziej zaskakuj\u0105cym elementem stylizacji \u017cony ksi\u0119cia Alberta II by\u0142a &#8222;zapomniana Diamond Foam Tiara (L\u2019\u00c9cume de Diamants), kt\u00f3ra l\u015bni\u0142a przy ka\u017cdym ruchu Charl\u00e8ne. By\u0142 to jej pierwszy publiczny wyst\u0119p w tej tiarze od balu weselnego w lipcu 2011 r., co nada\u0142o pojawieniu si\u0119 ksi\u0119\u017cnej wyj\u0105tkowego znaczenia&#8221; (cytat za PointDeVue).<\/p>\n<p class=\"ods-c-paragraph \">Tiara, zaprojektowana przez jubilera Lorenza B\u00e4umera, zdobiona jest diamentami w kszta\u0142cie gruszek, symbolizuj\u0105cymi morsk\u0105 pian\u0119 unosz\u0105c\u0105 si\u0119 nad fal\u0105 \u2014 subtelny uk\u0142on w stron\u0119 zami\u0142owania Charl\u00e8ne do wody i jej sportowej kariery p\u0142ywackiej sprzed \u015blubu.<\/p>\n<p>Dalszy ci\u0105g artyku\u0142u pod materia\u0142em wideo<\/p>\n<p> Kiedy ksi\u0119\u017cna Charl\u00e8ne za\u0142o\u017cy\u0142a tiar\u0119 po raz pierwszy od \u015blubu? <\/p>\n<p> Jak nazywa si\u0119 tiara, kt\u00f3r\u0105 za\u0142o\u017cy\u0142a ksi\u0119\u017cna Charl\u00e8ne? <\/p>\n<p> Dlaczego ksi\u0119\u017cna Charl\u00e8ne unika\u0142a tiar przez wiele lat? <\/p>\n<p> Jakie dodatki mia\u0142a ksi\u0119\u017cna Charl\u00e8ne na gali w Monte Carlo? <\/p>\n<p>  Dlaczego ksi\u0119\u017cna Monako rzadko si\u0119ga po tiary?<\/p>\n<p class=\"ods-c-paragraph \">Ksi\u0119\u017cna Charl\u00e8ne od lat unika tradycyjnych kr\u00f3lewskich klejnot\u00f3w. W 2011 r. w rozmowie z magazynem &#8222;Vogue&#8221; t\u0142umaczy\u0142a: &#8222;Nie za\u0142o\u017c\u0119 tiary [na ceremoni\u0119 \u015blubn\u0105]. Zamiast tego <a href=\"https:\/\/plejada.pl\/karolina-ksiezniczka-monako\" id=\"9c366315-166e-4ed1-b33a-56caaf5adee2\" rel=\"nofollow noopener\" target=\"_blank\">ksi\u0119\u017cniczka Karolina<\/a> po\u017cyczy\u0142a mi pi\u0119kne diamentowe spinki do w\u0142os\u00f3w, kt\u00f3re nale\u017ca\u0142y do jej babci. Mia\u0142am tiar\u0119 wykonan\u0105 przez Van Cleef &amp; Arpels, ale zdecydowa\u0142am si\u0119 umie\u015bci\u0107 j\u0105 w Muzeum Oceanograficznym, a za\u0142o\u017c\u0119 j\u0105 na swoje pierwsze oficjalne wyst\u0105pienie&#8221;.<\/p>\n<p class=\"ods-c-paragraph \">\u017bona ksi\u0119cia Alberta II m\u00f3wi\u0142a o spektakularnej Ocean Tiara od Van Cleef &amp; Arpels, ozdobionej 1200 kamieniami szlachetnymi u\u0142o\u017conymi w fale. Klejnot ten nosi\u0142a nie jako diadem, lecz naszyjnik. Stanislas Quercize, dyrektor generalny marki, wyja\u015bni\u0142: &#8222;Ide\u0105 naszyjnika jest przedstawienie morskiej piany. Dlatego do diament\u00f3w dodali\u015bmy 359 szafir\u00f3w. Wybrali\u015bmy trzy odcienie niebieskiego, nawi\u0105zuj\u0105ce do r\u00f3\u017cnorodno\u015bci m\u00f3rz \u015bwiata&#8221;.<\/p>\n<p class=\"ods-c-paragraph \">Powr\u00f3t Charl\u00e8ne do bardziej tradycyjnej kr\u00f3lewskiej bi\u017cuterii zosta\u0142 entuzjastycznie przyj\u0119ty przez obserwator\u00f3w monarchii. &#8222;Po 15 latach od ostatniego publicznego wyst\u0119pu ksi\u0119\u017cnej Monako w tiarze tegoroczna gala bez w\u0105tpienia zapisze si\u0119 jako jeden z najbardziej pami\u0119tnych moment\u00f3w w historii mody monakijskiego dworu&#8221; \u2014 stwierdzi\u0142a kr\u00f3lewska komentatorka serwisu Hello.<\/p>\n<p class=\"ods-c-paragraph \">Dzi\u0119kujemy, \u017ce przeczyta\u0142a\u015b\/e\u015b nasz artyku\u0142 do ko\u0144ca. W serwisie Plejada.pl ka\u017cdego dnia piszemy o najwa\u017cniejszych wydarzeniach show-biznesowych. B\u0105d\u017a na bie\u017c\u0105co! <a rel=\"nofollow noopener\" href=\"https:\/\/profile.google.com\/cp\/Cg0vZy8xMWJ6X19wdHBx\" id=\"d44a7ea1-c67c-4ff2-bc91-e8545cb41b52\" target=\"_blank\">Obserwuj<\/a> Plejad\u0119 w Google. Odwied\u017a nas tak\u017ce na <a rel=\"nofollow noopener\" href=\"https:\/\/www.facebook.com\/plejadapl\" id=\"fbb91f1d-a070-48a8-94dc-4763044659d4\" target=\"_blank\">Facebooku<\/a>, <a rel=\"nofollow noopener\" href=\"https:\/\/www.instagram.com\/plejadapl\/\" id=\"6b10ad82-9a3d-4c37-a1ae-e10276b2e4e7\" target=\"_blank\">Instagramie<\/a>, <a rel=\"nofollow noopener\" href=\"https:\/\/www.youtube.com\/c\/plejada\" id=\"9abb5505-bd3f-486a-9e9b-bc4f1229b068\" target=\"_blank\">YouTubie<\/a> oraz <a rel=\"nofollow noopener\" href=\"https:\/\/www.tiktok.com\/@plejada_pl\" id=\"66aed6a7-c6af-49a8-9170-f3f052cce384\" target=\"_blank\">TikToku<\/a>.<\/p>\n<p class=\"ods-c-paragraph \">Chcesz podzieli\u0107 si\u0119 ciekawym newsem lub zaproponowa\u0107 temat? Skontaktuj si\u0119 z nami, pisz\u0105c maila na adres: <a rel=\"nofollow noopener\" href=\"https:\/\/plejada.pl\/newsy\/ksiezna-charlene-w-koncu-zalozyla-tiare-na-te-chwile-monako-czekalo-15-lat\/mailto:plejada@redakcjaonet.pl\" id=\"3c6f05e4-aa87-4658-b087-9f3732d5ae67\" target=\"_blank\">plejada@redakcjaon<\/a><a href=\"https:\/\/et.pl\" id=\"daa8bf8d-bba8-4a35-b362-22ccc8850904\" rel=\"nofollow noopener\" target=\"_blank\">et.pl<\/a>.<\/p>\n<p><script async src=\"\/\/www.instagram.com\/embed.js\"><\/script><script async src=\"\/\/www.tiktok.com\/embed.js\"><\/script><\/p>\n","protected":false},"excerpt":{"rendered":"Ksi\u0119\u017cna Charl\u00e8ne ol\u015bni\u0142a uczestnik\u00f3w uroczystej Gali z okazji \u015awi\u0119ta Narodowego Monako 2025 w Monte Carlo, pojawiaj\u0105c si\u0119 w&hellip;\n","protected":false},"author":2,"featured_media":111104,"comment_status":"","ping_status":"","sticky":false,"template":"","format":"standard","meta":{"footnotes":""},"categories":[14],"tags":[32,33,27,24383,4566,24384,34,35,946,28,31,48,25,125,46,40,41,1276,47,80,29,30,26,82,83,84],"class_list":{"0":"post-111103","1":"post","2":"type-post","3":"status-publish","4":"format-standard","5":"has-post-thumbnail","7":"category-swiat","8":"tag-breaking-news","9":"tag-breakingnews","10":"tag-headlines","11":"tag-ksiaze_albert_ii","12":"tag-ksiezna_charlene","13":"tag-ksiezniczka_karolina","14":"tag-latest-news","15":"tag-latestnews","16":"tag-monako","17":"tag-naglowki","18":"tag-najwazniejsze-artykuly","19":"tag-nat_styl","20":"tag-news","21":"tag-newsy","22":"tag-omp","23":"tag-polish","24":"tag-polski","25":"tag-rodziny_i_rody_krolewskie","26":"tag-screening_general","27":"tag-swiat","28":"tag-top-stories","29":"tag-topstories","30":"tag-wiadomosci","31":"tag-world","32":"tag-world-news","33":"tag-worldnews"},"share_on_mastodon":{"url":"https:\/\/pubeurope.com\/@pl\/115584534261310755","error":""},"_links":{"self":[{"href":"https:\/\/www.europesays.com\/pl\/wp-json\/wp\/v2\/posts\/111103","targetHints":{"allow":["GET"]}}],"collection":[{"href":"https:\/\/www.europesays.com\/pl\/wp-json\/wp\/v2\/posts"}],"about":[{"href":"https:\/\/www.europesays.com\/pl\/wp-json\/wp\/v2\/types\/post"}],"author":[{"embeddable":true,"href":"https:\/\/www.europesays.com\/pl\/wp-json\/wp\/v2\/users\/2"}],"replies":[{"embeddable":true,"href":"https:\/\/www.europesays.com\/pl\/wp-json\/wp\/v2\/comments?post=111103"}],"version-history":[{"count":0,"href":"https:\/\/www.europesays.com\/pl\/wp-json\/wp\/v2\/posts\/111103\/revisions"}],"wp:featuredmedia":[{"embeddable":true,"href":"https:\/\/www.europesays.com\/pl\/wp-json\/wp\/v2\/media\/111104"}],"wp:attachment":[{"href":"https:\/\/www.europesays.com\/pl\/wp-json\/wp\/v2\/media?parent=111103"}],"wp:term":[{"taxonomy":"category","embeddable":true,"href":"https:\/\/www.europesays.com\/pl\/wp-json\/wp\/v2\/categories?post=111103"},{"taxonomy":"post_tag","embeddable":true,"href":"https:\/\/www.europesays.com\/pl\/wp-json\/wp\/v2\/tags?post=111103"}],"curies":[{"name":"wp","href":"https:\/\/api.w.org\/{rel}","templated":true}]}}