{"id":111212,"date":"2025-11-21T01:59:10","date_gmt":"2025-11-21T01:59:10","guid":{"rendered":"https:\/\/www.europesays.com\/pl\/111212\/"},"modified":"2025-11-21T01:59:10","modified_gmt":"2025-11-21T01:59:10","slug":"25-latka-ma-dosc-cierpienia-wywalczyla-odejscie-na-wlasnych-warunkach","status":"publish","type":"post","link":"https:\/\/www.europesays.com\/pl\/111212\/","title":{"rendered":"25-latka ma do\u015b\u0107 cierpienia. Wywalczy\u0142a odej\u015bcie na w\u0142asnych warunkach"},"content":{"rendered":"<p class=\"ods-c-paragraph \">M\u0142oda kobieta przez d\u0142ugi czas cierpia\u0142a na nieznan\u0105 chorob\u0119, kt\u00f3ra powodowa\u0142a przewlek\u0142y b\u00f3l, nudno\u015bci i wymioty. Od dekady by\u0142a karmiona wy\u0142\u0105cznie przez kropl\u00f3wki. Dopiero w wieku 18 lat, po przeniesieniu z pediatrycznego szpitala do plac\u00f3wki dla doros\u0142ych, lekarze zdiagnozowali u niej autoimmunologiczn\u0105 autonomiczn\u0105 ganglionopati\u0119. Wp\u0142ywa ona na funkcjonowanie uk\u0142adu nerwowego, kontroluj\u0105cego m.in. t\u0119tno, trawienie i oddawanie moczu.<\/p>\n<p>Dalszy ci\u0105g artyku\u0142u pod materia\u0142em wideo<\/p>\n<p> Dlaczego Annaliese zdecydowa\u0142a si\u0119 na eutanazj\u0119? <\/p>\n<p> Jakie schorzenie zdiagnozowano u Annaliese? <\/p>\n<p> Jakie by\u0142y skutki zdrowotne przewlek\u0142ego b\u00f3lu dla Annaliese? <\/p>\n<p> Jak ojciec Annaliese zareagowa\u0142 na jej pro\u015bb\u0119 o eutanazj\u0119? <\/p>\n<p>     Wyniszczaj\u0105ce skutki choroby<\/p>\n<p class=\"ods-c-paragraph \">Od momentu diagnozy stan Annaliese stale si\u0119 pogarsza\u0142. W wieku 22 lat dowiedzia\u0142a si\u0119, \u017ce nigdy nie wyzdrowieje. Obecnie zmaga si\u0119 z niewydolno\u015bci\u0105 wielonarz\u0105dow\u0105 i prze\u017cy\u0142a seps\u0119 a\u017c 25 razy. Silne leki, kt\u00f3re musia\u0142a przyjmowa\u0107, spowodowa\u0142y u niej ci\u0119\u017ck\u0105 osteoporoz\u0119, prowadz\u0105c do z\u0142amania kr\u0119gos\u0142upa w czterech miejscach i uszkodzenia innych ko\u015bci. Sterydy wywo\u0142a\u0142y martwic\u0119, co skutkowa\u0142o m.in. wypadaniem z\u0119b\u00f3w.<\/p>\n<blockquote class=\"ods-o-quota\">\n<p class=\"ods-o-quota__paragraph\">By\u0142am taka nieszcz\u0119\u015bliwa. Nawet je\u015bli w moich dniach s\u0105 pi\u0119kne chwile, s\u0105 one wyczerpuj\u0105ce i d\u0142ugie. Cierpi\u0119 na chroniczny, wyniszczaj\u0105cy b\u00f3l<\/p>\n<\/blockquote>\n<p class=\"ods-c-paragraph \">\u2014 wyzna\u0142a w rozmowie z News AU.<\/p>\n<p class=\"ods-c-paragraph \">Latami Annaliese musia\u0142a rezygnowa\u0107 z wielu wa\u017cnych moment\u00f3w, takich jak bal maturalny czy uroczysto\u015bci rodzinne. \u2014 \u017bycie wszystkich si\u0119 toczy, a ja po prostu utkn\u0119\u0142am. Nie \u017cyj\u0119. Ja wegetuj\u0119 \u2014 powiedzia\u0142a. W obliczu braku perspektyw na popraw\u0119 podj\u0119\u0142a decyzj\u0119 o eutanazji, kt\u00f3ra jest dost\u0119pna dla ci\u0119\u017cko chorych i wspomagana medycznie w jej kraju. \u2014 Wiem, jak to brzmi, ale p\u0142aka\u0142am ze szcz\u0119\u015bcia, kiedy dowiedzia\u0142am si\u0119, \u017ce zatwierdzono j\u0105 dla mnie. To ogromna ulga wiedzie\u0107, \u017ce mog\u0119 odej\u015b\u0107, gdy nadejdzie w\u0142a\u015bciwy czas \u2014 wyzna\u0142a.<\/p>\n<p>\u0179ycie z &#8222;kocem bezpiecze\u0144stwa&#8221;<\/p>\n<p class=\"ods-c-paragraph \">Ojciec 25-latki wspomina\u0142 moment, w kt\u00f3rym b\u0142aga\u0142a go, by pozwoli\u0142 jej odej\u015b\u0107. \u2014 Powiedzia\u0142am: &#8222;Je\u015bli to si\u0119 powt\u00f3rzy, nie chc\u0119 niczego. I prosz\u0119, wiedz, \u017ce w moim sercu pozwalasz mi odej\u015b\u0107 i odmawiasz leczenia&#8230; Jestem szcz\u0119\u015bliwa i tego w\u0142a\u015bnie chc\u0119&#8221; \u2014 opowiada\u0142a.<\/p>\n<p class=\"ods-c-paragraph \">Proces kwalifikacji trwa\u0142 trzy tygodnie i obejmowa\u0142 rozmowy z psychologami. Teraz Annaliese okre\u015bla swoj\u0105 decyzj\u0119 jako &#8222;koc bezpiecze\u0144stwa&#8221;, kt\u00f3ry pozwala jej na zako\u0144czenie \u017cycia w momencie, gdy b\u00f3l stanie si\u0119 nie do zniesienia. \u2014 Nie chc\u0119 budzi\u0107 si\u0119 ka\u017cdego dnia z l\u0119kiem przed b\u00f3lem, kt\u00f3ry wiem, \u017ce mnie czeka \u2014 t\u0142umaczy\u0142a, dodaj\u0105c, \u017ce nie nazwa\u0142aby swej decyzji poddaniem si\u0119. \u2014 To jedna z najodwa\u017cniejszych rzeczy, jakie mo\u017cna zrobi\u0107, powiedzie\u0107, \u017ce tego chc\u0119. Walczy\u0142e\u015b z ca\u0142ych si\u0142 i mia\u0142e\u015b do\u015b\u0107 \u2014 stwierdzi\u0142a.<\/p>\n","protected":false},"excerpt":{"rendered":"M\u0142oda kobieta przez d\u0142ugi czas cierpia\u0142a na nieznan\u0105 chorob\u0119, kt\u00f3ra powodowa\u0142a przewlek\u0142y b\u00f3l, nudno\u015bci i wymioty. Od dekady&hellip;\n","protected":false},"author":2,"featured_media":111213,"comment_status":"","ping_status":"","sticky":false,"template":"","format":"standard","meta":{"footnotes":""},"categories":[16],"tags":[995,113,112,13785,48,46,42,38,40,39,41,47,26],"class_list":{"0":"post-111212","1":"post","2":"type-post","3":"status-publish","4":"format-standard","5":"has-post-thumbnail","7":"category-biznes","8":"tag-australia","9":"tag-biznes","10":"tag-business","11":"tag-eutanazja","12":"tag-nat_styl","13":"tag-omp","14":"tag-pl","15":"tag-poland","16":"tag-polish","17":"tag-polska","18":"tag-polski","19":"tag-screening_general","20":"tag-wiadomosci"},"share_on_mastodon":{"url":"https:\/\/pubeurope.com\/@pl\/115585218185601753","error":""},"_links":{"self":[{"href":"https:\/\/www.europesays.com\/pl\/wp-json\/wp\/v2\/posts\/111212","targetHints":{"allow":["GET"]}}],"collection":[{"href":"https:\/\/www.europesays.com\/pl\/wp-json\/wp\/v2\/posts"}],"about":[{"href":"https:\/\/www.europesays.com\/pl\/wp-json\/wp\/v2\/types\/post"}],"author":[{"embeddable":true,"href":"https:\/\/www.europesays.com\/pl\/wp-json\/wp\/v2\/users\/2"}],"replies":[{"embeddable":true,"href":"https:\/\/www.europesays.com\/pl\/wp-json\/wp\/v2\/comments?post=111212"}],"version-history":[{"count":0,"href":"https:\/\/www.europesays.com\/pl\/wp-json\/wp\/v2\/posts\/111212\/revisions"}],"wp:featuredmedia":[{"embeddable":true,"href":"https:\/\/www.europesays.com\/pl\/wp-json\/wp\/v2\/media\/111213"}],"wp:attachment":[{"href":"https:\/\/www.europesays.com\/pl\/wp-json\/wp\/v2\/media?parent=111212"}],"wp:term":[{"taxonomy":"category","embeddable":true,"href":"https:\/\/www.europesays.com\/pl\/wp-json\/wp\/v2\/categories?post=111212"},{"taxonomy":"post_tag","embeddable":true,"href":"https:\/\/www.europesays.com\/pl\/wp-json\/wp\/v2\/tags?post=111212"}],"curies":[{"name":"wp","href":"https:\/\/api.w.org\/{rel}","templated":true}]}}