{"id":111214,"date":"2025-11-21T02:01:12","date_gmt":"2025-11-21T02:01:12","guid":{"rendered":"https:\/\/www.europesays.com\/pl\/111214\/"},"modified":"2025-11-21T02:01:12","modified_gmt":"2025-11-21T02:01:12","slug":"ziobro-o-zabezpieczeniu-majatku-przez-prokurature-kolejny-akt-zemsty","status":"publish","type":"post","link":"https:\/\/www.europesays.com\/pl\/111214\/","title":{"rendered":"Ziobro o zabezpieczeniu maj\u0105tku przez prokuratur\u0119. &#8222;Kolejny akt zemsty&#8221;"},"content":{"rendered":"<p> Dlaczego o tym piszemy? <\/p>\n<p class=\"ods-c-paragraph \">Prokurator prowadz\u0105cy \u015bledztwo dotycz\u0105ce nadu\u017cy\u0107 przy Funduszu Sprawiedliwo\u015bci zarz\u0105dzi\u0142 zabezpieczenie maj\u0105tkowe wobec pos\u0142a Zbigniewa Ziobry \u2014 dowiedzia\u0142a si\u0119 w czwartek PAP. Obejmuje ono obci\u0105\u017cenie hipotek\u0105 przymusow\u0105 nale\u017c\u0105cych do niego nieruchomo\u015bci oraz zaj\u0119cie \u015brodk\u00f3w na jego rachunku bankowym. Decyzj\u0119 w sprawie dotycz\u0105cej by\u0142ego ministra sprawiedliwo\u015bci prokurator podj\u0105\u0142 12 listopada.<\/p>\n<p class=\"ods-c-paragraph \">&#8222;Zabezpieczenie maj\u0105tkowe ma zapewni\u0107 wykonalno\u015b\u0107 przysz\u0142ych orzecze\u0144 s\u0105dowych o charakterze maj\u0105tkowym, takich jak grzywna, obowi\u0105zek naprawienia szkody, przepadek, zwrot korzy\u015bci, poprzez uniemo\u017cliwienie podejrzanemu wyzbycia si\u0119, obci\u0105\u017cenia lub ukrycia maj\u0105tku&#8221; \u2014 zaznaczy\u0142 rzecznik PK prok. Przemys\u0142aw Nowak.<\/p>\n<p> Dlaczego prokuratura zabezpieczy\u0142a maj\u0105tek Zbigniewa Ziobry? <\/p>\n<p> Co zawiera zabezpieczenie maj\u0105tkowe Ziobry? <\/p>\n<p> Jak Ziobro skomentowa\u0142 decyzj\u0119 prokuratury? <\/p>\n<p> Kiedy podj\u0119to decyzj\u0119 o zabezpieczeniu maj\u0105tku Ziobry? <\/p>\n<p>      Zbigniew Ziobro o decyzji prokuratury. Co napisa\u0142? <\/p>\n<p class=\"ods-c-paragraph \">Do decyzji prokuratury odni\u00f3s\u0142 si\u0119 by\u0142y minister sprawiedliwo\u015bci Zbigniew Ziobro. &#8222;Zabezpieczenie mojego maj\u0105tku to kolejny akt zemsty za \u015bledztwa ujawniaj\u0105ce wielk\u0105 korupcj\u0119 ludzi Tuska \u2014 Nowaka, Giertycha, Grodzkiego, Gaw\u0142owskiego, Karpi\u0144skiego \u2014 oraz sprawy dotycz\u0105ce jego samego. Te post\u0119powania s\u0105 zamiatane pod dywan&#8221; \u2014 napisa\u0142.<\/p>\n<p class=\"ods-c-paragraph \">&#8222;Decyzja wobec mnie jest bezprawna i nie robi na mnie wra\u017cenia. Jestem niewinny. Martwi\u0107 powinni si\u0119 ci, kt\u00f3rzy w otoczeniu Tuska kradli na pot\u0119g\u0119. Wr\u00f3cimy, doko\u0144czymy te sprawy i pa\u0144stwo odbierze im nielegalnie zdobyty maj\u0105tek. Zaanga\u017cowani w polityczne prze\u015bladowania ponios\u0105 konsekwencje&#8221; \u2014 brzmi kolejny fragment wpisu.<\/p>\n<p class=\"ods-c-paragraph \">Czytaj wi\u0119cej:<\/p>\n","protected":false},"excerpt":{"rendered":"Dlaczego o tym piszemy? Prokurator prowadz\u0105cy \u015bledztwo dotycz\u0105ce nadu\u017cy\u0107 przy Funduszu Sprawiedliwo\u015bci zarz\u0105dzi\u0142 zabezpieczenie maj\u0105tkowe wobec pos\u0142a Zbigniewa&hellip;\n","protected":false},"author":2,"featured_media":111215,"comment_status":"","ping_status":"","sticky":false,"template":"","format":"standard","meta":{"footnotes":""},"categories":[12],"tags":[32,33,36,37,5168,27,49,34,35,28,31,48,25,46,42,38,40,39,41,1627,47,29,30,70,26,2037],"class_list":{"0":"post-111214","1":"post","2":"type-post","3":"status-publish","4":"format-standard","5":"has-post-thumbnail","7":"category-polska","8":"tag-breaking-news","9":"tag-breakingnews","10":"tag-featured-news","11":"tag-featurednews","12":"tag-fundusz_sprawiedliwosci","13":"tag-headlines","14":"tag-kraj","15":"tag-latest-news","16":"tag-latestnews","17":"tag-naglowki","18":"tag-najwazniejsze-artykuly","19":"tag-nat_styl","20":"tag-news","21":"tag-omp","22":"tag-pl","23":"tag-poland","24":"tag-polish","25":"tag-polska","26":"tag-polski","27":"tag-prokuratura","28":"tag-screening_general","29":"tag-top-stories","30":"tag-topstories","31":"tag-w_skrocie","32":"tag-wiadomosci","33":"tag-zbigniew_ziobro"},"share_on_mastodon":{"url":"https:\/\/pubeurope.com\/@pl\/115585226036949795","error":""},"_links":{"self":[{"href":"https:\/\/www.europesays.com\/pl\/wp-json\/wp\/v2\/posts\/111214","targetHints":{"allow":["GET"]}}],"collection":[{"href":"https:\/\/www.europesays.com\/pl\/wp-json\/wp\/v2\/posts"}],"about":[{"href":"https:\/\/www.europesays.com\/pl\/wp-json\/wp\/v2\/types\/post"}],"author":[{"embeddable":true,"href":"https:\/\/www.europesays.com\/pl\/wp-json\/wp\/v2\/users\/2"}],"replies":[{"embeddable":true,"href":"https:\/\/www.europesays.com\/pl\/wp-json\/wp\/v2\/comments?post=111214"}],"version-history":[{"count":0,"href":"https:\/\/www.europesays.com\/pl\/wp-json\/wp\/v2\/posts\/111214\/revisions"}],"wp:featuredmedia":[{"embeddable":true,"href":"https:\/\/www.europesays.com\/pl\/wp-json\/wp\/v2\/media\/111215"}],"wp:attachment":[{"href":"https:\/\/www.europesays.com\/pl\/wp-json\/wp\/v2\/media?parent=111214"}],"wp:term":[{"taxonomy":"category","embeddable":true,"href":"https:\/\/www.europesays.com\/pl\/wp-json\/wp\/v2\/categories?post=111214"},{"taxonomy":"post_tag","embeddable":true,"href":"https:\/\/www.europesays.com\/pl\/wp-json\/wp\/v2\/tags?post=111214"}],"curies":[{"name":"wp","href":"https:\/\/api.w.org\/{rel}","templated":true}]}}