{"id":111242,"date":"2025-11-21T04:47:17","date_gmt":"2025-11-21T04:47:17","guid":{"rendered":"https:\/\/www.europesays.com\/pl\/111242\/"},"modified":"2025-11-21T04:47:17","modified_gmt":"2025-11-21T04:47:17","slug":"rekordowe-podwyzki-e-toll-nowe-stawki-od-1-lutego-2026-r","status":"publish","type":"post","link":"https:\/\/www.europesays.com\/pl\/111242\/","title":{"rendered":"Rekordowe podwy\u017cki e-TOLL. Nowe stawki od 1 lutego 2026 r."},"content":{"rendered":"<ul class=\"ods-m-bullet-list\">\n<li class=\"ods-a-bullet ods-a-bullet--bold\"> Nowe fragmenty dr\u00f3g zostan\u0105 obj\u0119te op\u0142atami dopiero od 1 lutego 2026 r. <\/li>\n<li class=\"ods-a-bullet ods-a-bullet--bold\"> Wy\u017csze stawki w systemie e-TOLL odczuj\u0105 r\u00f3wnie\u017c kierowcy ci\u0105gn\u0105cy przyczepy <\/li>\n<li class=\"ods-a-bullet ods-a-bullet--bold\"> Zmiany obejm\u0105 w sumie oko\u0142o 645 kilometr\u00f3w kolejnych odcink\u00f3w dr\u00f3g <\/li>\n<li data-section=\"ochat-summary-link\" class=\"ods-a-bullet ods-a-bullet--czatai\"> <a href=\"#\"><br \/>\n    Du\u017co czytania, a ma\u0142o czasu? Sprawd\u017a skr\u00f3t artyku\u0142u<br \/>\n<\/a> <\/li>\n<\/ul>\n<p>SPIS TRE\u015aCI<\/p>\n<ol class=\"ods-a-table-of-content__items\">\n<li class=\"ods-a-table-of-content__item\"><a href=\"#toc-podwyzka-e-toll-kto-zaplaci-wiecej\" class=\"ods-a-table-of-content__link\">Podwy\u017cka e-TOLL. Kto zap\u0142aci wi\u0119cej?<\/a><\/li>\n<li class=\"ods-a-table-of-content__item\"><a href=\"#toc-jaki-bedzie-nowy-cennik-e-toll\" class=\"ods-a-table-of-content__link\">Jaki b\u0119dzie nowy cennik e-TOLL?<\/a><\/li>\n<li class=\"ods-a-table-of-content__item\"><a href=\"#toc-o-ile-wiecej-bedzie-platnych-odcinkow\" class=\"ods-a-table-of-content__link\">O ile wi\u0119cej b\u0119dzie p\u0142atnych odcink\u00f3w?<\/a><\/li>\n<\/ol>\n<p class=\"ods-c-paragraph \">Nowe zasady dotycz\u0105ce p\u0142atnych tras wejd\u0105 w \u017cycie na pocz\u0105tku 2026 r., a zmiany obejm\u0105 oko\u0142o 645 km dodatkowych dr\u00f3g. Tak wynika z projektu rozporz\u0105dzenia opublikowanego we wtorek na stronie Rz\u0105dowego Centrum Legislacji.<\/p>\n<p class=\"ods-c-paragraph \">Oznacza to, \u017ce liczba p\u0142atnych odcink\u00f3w wzro\u015bnie z 5225 do 5869 km, co stanowi przyrost o 12,34 proc. ca\u0142ej sieci obj\u0119tej mytem. Ministerstwo Finans\u00f3w przewiduje, \u017ce wp\u0142ywy z op\u0142at wzrosn\u0105 o oko\u0142o 7,29 proc., bazuj\u0105c na prognozowanym wzro\u015bcie ruchu o 26,67 proc. po rozszerzeniu systemu od 1 listopada 2024 r.<\/p>\n<p>Dalszy ci\u0105g artyku\u0142u pod materia\u0142em wideo<\/p>\n<p> Kiedy wchodz\u0105 w \u017cycie nowe op\u0142aty e-TOLL? <\/p>\n<p> O ile wzrosn\u0105 stawki w systemie e-TOLL? <\/p>\n<p> Jakie pojazdy b\u0119d\u0105 obj\u0119te nowymi op\u0142atami? <\/p>\n<p> Jakie drogi obejmie rozszerzenie systemu e-TOLL? <\/p>\n<p>  Podwy\u017cka e-TOLL. Kto zap\u0142aci wi\u0119cej?<\/p>\n<p class=\"ods-c-paragraph \">Obecnie kierowcy samochod\u00f3w osobowych p\u0142ac\u0105 za przejazd jedynie na oko\u0142o 300 km autostrad. Sytuacja wygl\u0105da inaczej w przypadku pojazd\u00f3w o dopuszczalnej masie ca\u0142kowitej powy\u017cej 3,5 t \u2014 system e-TOLL obejmuje ci\u0119\u017car\u00f3wki, autobusy, auta dostawcze z przyczepami oraz samochody osobowe z ci\u0119\u017cszymi przyczepami. Przy czym podstawowe znaczenie ma tutaj \u0142\u0105czna dopuszczalna masa zestawu, a nie jego rzeczywista waga. Je\u015bli samoch\u00f3d o DMC 2800 kg ci\u0105gnie przyczep\u0119 o DMC 750 kg, kierowca zostanie obj\u0119ty op\u0142at\u0105, niezale\u017cnie od tego, czy przyczepa jest za\u0142adowana.<\/p>\n<p class=\"ods-c-paragraph \">Ministerstwo Finans\u00f3w wspomina, \u017ce podwy\u017cka e-TOLL dotknie tak\u017ce kierowc\u00f3w samochod\u00f3w osobowych z przyczepami, je\u015bli \u0142\u0105czna masa zestawu przekroczy 3,5 t. W praktyce oznacza to wyra\u017anie wy\u017csze koszty dla os\u00f3b podr\u00f3\u017cuj\u0105cych z przyczepami towarowymi lub kempingowymi.<\/p>\n<p>Jaki b\u0119dzie nowy cennik e-TOLL?<\/p>\n<p class=\"ods-c-paragraph \">Aktualnie stawki dla samochod\u00f3w osobowych z przyczepami wahaj\u0105 si\u0119 od 0,24 do 0,57 z\u0142 za kilometr, w zale\u017cno\u015bci od klasy drogi i normy emisji spalin. Ministerstwo Finans\u00f3w zapowiada jednak znacz\u0105c\u0105 aktualizacj\u0119 tabeli op\u0142at, kt\u00f3ra b\u0119dzie wy\u017csza ni\u017c dotychczasowe waloryzacje zwi\u0105zane z inflacj\u0105. Resort informuje, \u017ce korekta stawek b\u0119dzie zdecydowanie wi\u0119ksza ni\u017c wcze\u015bniejsze podwy\u017cki.<\/p>\n<p class=\"ods-c-paragraph \">Tak b\u0119dzie przestawia\u0107 si\u0119 nowy cenni e-TOLL, kt\u00f3ry obowi\u0105zywa\u0107 b\u0119dzie od 1 lutego 2026 r.:<\/p>\n<p class=\"ods-c-paragraph \">Autostrady i drogi ekspresowe<\/p>\n<p class=\"ods-c-paragraph \">Pojazdy powy\u017cej 3,5 t do 12 t<\/p>\n<ul class=\"ods-m-bullet-list\">\n<li class=\"ods-a-bullet ods-a-bullet--normal\"> do EURO 2; obecnie \u2014 0,57 z\u0142, b\u0119dzie \u2014 0,80 z\u0142, wzrost \u2014 0,23 z\u0142 (+40 proc. ) <\/li>\n<li class=\"ods-a-bullet ods-a-bullet--normal\"> EURO 3; obecnie \u2014 0,50 z\u0142, b\u0119dzie \u2014 0,70 z\u0142, wzrost \u2014 0,20 z\u0142 (+40 proc. ) <\/li>\n<li class=\"ods-a-bullet ods-a-bullet--normal\"> EURO 4; obecnie \u2014 0,41 z\u0142, b\u0119dzie \u2014 0,58 z\u0142, wzrost \u2014 0,17 z\u0142 (+41 proc. ) <\/li>\n<li class=\"ods-a-bullet ods-a-bullet--normal\"> od EURO 5; obecnie \u2014 0,29 z\u0142, b\u0119dzie \u2014 0,41 z\u0142, wzrost \u2014 0,12 z\u0142 (+41 proc. ) <\/li>\n<\/ul>\n<p class=\"ods-c-paragraph \">Pojazdy o dmc co najmniej 12 t<\/p>\n<ul class=\"ods-m-bullet-list\">\n<li class=\"ods-a-bullet ods-a-bullet--normal\"> do EURO 2; obecnie \u2014 0,76 z\u0142, b\u0119dzie \u2014 1,07 z\u0142, wzrost \u2014 0,31 z\u0142 (+41 proc. ) <\/li>\n<li class=\"ods-a-bullet ods-a-bullet--normal\"> EURO 3; obecnie \u2014 0,66 z\u0142, b\u0119dzie \u2014 0,93 z\u0142, wzrost \u2014 0,27 z\u0142 (+41 proc. ) <\/li>\n<li class=\"ods-a-bullet ods-a-bullet--normal\"> EURO 4; obecnie \u2014 0,53 z\u0142, b\u0119dzie \u2014 0,75 z\u0142, wzrost \u2014 0,22 z\u0142 (+42 proc. ) <\/li>\n<li class=\"ods-a-bullet ods-a-bullet--normal\"> od EURO 5; obecnie \u2014 0,40 z\u0142, b\u0119dzie \u2014 0,56 z\u0142, wzrost \u2014 0,16 z\u0142 (+40 proc. ) <\/li>\n<\/ul>\n<p class=\"ods-c-paragraph \">Autobusy<\/p>\n<ul class=\"ods-m-bullet-list\">\n<li class=\"ods-a-bullet ods-a-bullet--normal\"> do EURO 2; obecnie \u2014 0,57 z\u0142, b\u0119dzie \u2014 0,80 z\u0142, wzrost \u2014 0,23 z\u0142 (+40 proc. ) <\/li>\n<li class=\"ods-a-bullet ods-a-bullet--normal\"> EURO 3; obecnie \u2014 0,50 z\u0142, b\u0119dzie \u2014 0,70 z\u0142, wzrost \u2014 0,20 z\u0142 (+40 proc. ) <\/li>\n<li class=\"ods-a-bullet ods-a-bullet--normal\"> EURO 4; obecnie \u2014 0,41 z\u0142, b\u0119dzie \u2014 0,58 z\u0142, wzrost \u2014 0,17 z\u0142 (+41 proc. ) <\/li>\n<li class=\"ods-a-bullet ods-a-bullet--normal\"> od EURO 5; obecnie \u2014 0,29 z\u0142, b\u0119dzie \u2014 0,41 z\u0142, wzrost \u2014 0,12 z\u0142 (+41 proc. ) <\/li>\n<\/ul>\n<p class=\"ods-c-paragraph \">Pozosta\u0142e drogi krajowe<\/p>\n<p class=\"ods-c-paragraph \">Pojazdy powy\u017cej 3,5 t do 12 t<\/p>\n<ul class=\"ods-m-bullet-list\">\n<li class=\"ods-a-bullet ods-a-bullet--normal\"> do EURO 2; obecnie \u2014 0,47 z\u0142, b\u0119dzie \u2014 0,66 z\u0142, wzrost \u2014 0,19 z\u0142 (+40 proc. ) <\/li>\n<li class=\"ods-a-bullet ods-a-bullet--normal\"> EURO 3; obecnie \u2014 0,41 z\u0142, b\u0119dzie \u2014 0,58 z\u0142, wzrost \u2014 0,17 z\u0142 (+41 proc. ) <\/li>\n<li class=\"ods-a-bullet ods-a-bullet--normal\"> EURO 4; obecnie \u2014 0,33 z\u0142, b\u0119dzie \u2014 0,47 z\u0142, wzrost \u2014 0,14 z\u0142 (+42 proc. ) <\/li>\n<li class=\"ods-a-bullet ods-a-bullet--normal\"> od EURO 5; obecnie \u2014 0,24 z\u0142, b\u0119dzie \u2014 0,34 z\u0142, wzrost \u2014 0,10 z\u0142 (+42 proc. ) <\/li>\n<\/ul>\n<p class=\"ods-c-paragraph \">Pojazdy o DMC co najmniej 12 t<\/p>\n<ul class=\"ods-m-bullet-list\">\n<li class=\"ods-a-bullet ods-a-bullet--normal\"> od EURO 2; obecnie \u2014 0,59 z\u0142, b\u0119dzie \u2014 0,83 z\u0142, wzrost \u2014 0,24 z\u0142 (+41 proc. ) <\/li>\n<li class=\"ods-a-bullet ods-a-bullet--normal\"> EURO 3; obecnie \u2014 0,53 z\u0142, b\u0119dzie \u2014 0,75 z\u0142, wzrost \u2014 0,22 z\u0142 (+42 proc. ) <\/li>\n<li class=\"ods-a-bullet ods-a-bullet--normal\"> EURO 4; obecnie \u2014 0,43 z\u0142, b\u0119dzie \u2014 0,60 z\u0142, wzrost \u2014 0,17 z\u0142 (+40 proc. ) <\/li>\n<li class=\"ods-a-bullet ods-a-bullet--normal\"> do EURO 5; obecnie \u2014 0,30 z\u0142, b\u0119dzie \u2014 0,42 z\u0142, wzrost \u2014 0,12 z\u0142 (+40 proc. ) <\/li>\n<\/ul>\n<p class=\"ods-c-paragraph \">Autobusy<\/p>\n<ul class=\"ods-m-bullet-list\">\n<li class=\"ods-a-bullet ods-a-bullet--normal\"> do EURO 2; obecnie \u2014 0,47 z\u0142, b\u0119dzie \u2014 0,66 z\u0142, wzrost \u2014 0,19 z\u0142 (+40 proc. ) <\/li>\n<li class=\"ods-a-bullet ods-a-bullet--normal\"> EURO 3; obecnie \u2014 0,41 z\u0142, b\u0119dzie \u2014 0,58 z\u0142, wzrost \u2014 0,17 z\u0142 (+41 proc. ) <\/li>\n<li class=\"ods-a-bullet ods-a-bullet--normal\"> EURO 4; obecnie \u2014 0,33 z\u0142, b\u0119dzie \u2014 0,47 z\u0142, wzrost \u2014 0,14 z\u0142 (+42 proc. ) <\/li>\n<li class=\"ods-a-bullet ods-a-bullet--normal\"> od EURO 5; obecnie \u2014 0,24 z\u0142, b\u0119dzie \u2014 0,34 z\u0142, wzrost \u2014 0,10 z\u0142 (+42 proc. ) <\/li>\n<\/ul>\n<p><img decoding=\"async\" src=\"https:\/\/www.europesays.com\/pl\/wp-content\/uploads\/2025\/11\/fBnk9lBaHR0cHM6Ly9vY2RuLmV1L3B1bHNjbXMvTURBXy81ZTkyNTIyMzg2NTVhNTUxMzk0MmYwZmMzNzdkMzJkMi5qcGeRlQLNB.jpeg\" height=\"529\" width=\"940\" alt=\"System op\u0142at E-TOLL\" loading=\"lazy\" class=\"ods-c-image__img ods-c-image__img--viewport-width\"\/><\/p>\n<p>System op\u0142at E-TOLLTomasz Okurowski \/ Auto \u015awiat<\/p>\n<p> O ile wi\u0119cej b\u0119dzie p\u0142atnych odcink\u00f3w?<\/p>\n<p class=\"ods-c-paragraph \">Rozszerzenie systemu e-TOLL o kolejne 645 km dr\u00f3g nie wymaga budowy dodatkowej infrastruktury. System opiera si\u0119 wy\u0142\u0105cznie na lokalizacji GPS, dzi\u0119ki czemu nowe odcinki mog\u0105 zosta\u0107 w\u0142\u0105czone do sieci niemal natychmiast. Pe\u0142na lista dr\u00f3g, na kt\u00f3rych od 1 lutego 2026 r. kierowcy b\u0119d\u0105 musieli ui\u015bci\u0107 obowi\u0105zkowe myto, zosta\u0142a opublikowana przez Ministerstwo Finans\u00f3w.<\/p>\n<p class=\"ods-c-paragraph \">Autostrada A1<\/p>\n<ul class=\"ods-m-bullet-list\">\n<li class=\"ods-a-bullet ods-a-bullet--normal\"> w\u0119ze\u0142 Toru\u0144 Po\u0142udnie \u2014 Gorzyczki (granica pa\u0144stwowa) <\/li>\n<\/ul>\n<p class=\"ods-c-paragraph \">Autostrada A2<\/p>\n<ul class=\"ods-m-bullet-list\">\n<li class=\"ods-a-bullet ods-a-bullet--normal\"> Mod\u0142a Kr\u00f3lewska \u2014 w\u0119ze\u0142 Konotopa <\/li>\n<li class=\"ods-a-bullet ods-a-bullet--normal\"> w\u0119ze\u0142 Lubelska \u2014 w\u0119ze\u0142 Siedlce Po\u0142udnie <\/li>\n<\/ul>\n<p class=\"ods-c-paragraph \">Autostrada A4<\/p>\n<ul class=\"ods-m-bullet-list\">\n<li class=\"ods-a-bullet ods-a-bullet--normal\"> Zgorzelec (granica pa\u0144stwowa) \u2014 w\u0119ze\u0142 Murckowska <\/li>\n<li class=\"ods-a-bullet ods-a-bullet--normal\"> w\u0119ze\u0142 Balice I \u2014 w\u0119ze\u0142 Korczowa <\/li>\n<\/ul>\n<p class=\"ods-c-paragraph \">Autostrada A6<\/p>\n<ul class=\"ods-m-bullet-list\">\n<li class=\"ods-a-bullet ods-a-bullet--normal\"> Ko\u0142baskowo (granica pa\u0144stwowa) \u2014 w\u0119ze\u0142 Szczecin D\u0105bie <\/li>\n<\/ul>\n<p class=\"ods-c-paragraph \">Autostrada A8<\/p>\n<ul class=\"ods-m-bullet-list\">\n<li class=\"ods-a-bullet ods-a-bullet--normal\"> w\u0119ze\u0142 Wroc\u0142aw Po\u0142udnie \u2014 w\u0119ze\u0142 Wroc\u0142aw Psie Pole <\/li>\n<\/ul>\n<p class=\"ods-c-paragraph \">Autostrada A18<\/p>\n<ul class=\"ods-m-bullet-list\">\n<li class=\"ods-a-bullet ods-a-bullet--normal\"> Olszyna (granica pa\u0144stwowa) \u2014 w\u0119ze\u0142 Krzy\u017cowa <\/li>\n<\/ul>\n<p class=\"ods-c-paragraph \">Droga ekspresowa S1<\/p>\n<ul class=\"ods-m-bullet-list\">\n<li class=\"ods-a-bullet ods-a-bullet--normal\"> w\u0119ze\u0142 Pyrzowice \u2014 Tychy <\/li>\n<li class=\"ods-a-bullet ods-a-bullet--normal\"> w\u0119ze\u0142 Bielsko-Bia\u0142a Komorowice \u2014 W\u0119gierska G\u00f3rka <\/li>\n<li class=\"ods-a-bullet ods-a-bullet--normal\"> Mil\u00f3wka \u2014 Zwardo\u0144 <\/li>\n<\/ul>\n<p class=\"ods-c-paragraph \">Droga ekspresowa S2<\/p>\n<ul class=\"ods-m-bullet-list\">\n<li class=\"ods-a-bullet ods-a-bullet--normal\"> w\u0119ze\u0142 Konotopa \u2014 w\u0119ze\u0142 Lubelska <\/li>\n<\/ul>\n<p class=\"ods-c-paragraph \">Droga ekspresowa S3<\/p>\n<ul class=\"ods-m-bullet-list\">\n<li class=\"ods-a-bullet ods-a-bullet--normal\"> w\u0119ze\u0142 \u015awinouj\u015bcie \u2014 w\u0119ze\u0142 Dargob\u0105dz <\/li>\n<li class=\"ods-a-bullet ods-a-bullet--normal\"> w\u0119ze\u0142 Par\u0142\u00f3wko \u2014 w\u0119ze\u0142 Szczecin D\u0105bie <\/li>\n<li class=\"ods-a-bullet ods-a-bullet--normal\"> w\u0119ze\u0142 Klucz \u2014 w\u0119ze\u0142 Lubawka <\/li>\n<\/ul>\n<p class=\"ods-c-paragraph \">Droga ekspresowa S5<\/p>\n<ul class=\"ods-m-bullet-list\">\n<li class=\"ods-a-bullet ods-a-bullet--normal\"> w\u0119ze\u0142 Ostr\u00f3da Po\u0142udnie \u2014 w\u0119ze\u0142 Ostr\u00f3da Zach\u00f3d <\/li>\n<li class=\"ods-a-bullet ods-a-bullet--normal\"> w\u0119ze\u0142 Nowe Marzy \u2014 Nagradowice <\/li>\n<li class=\"ods-a-bullet ods-a-bullet--normal\"> w\u0119ze\u0142 Pozna\u0144 Zach\u00f3d \u2014 w\u0119ze\u0142 Wroc\u0142aw P\u00f3\u0142noc <\/li>\n<\/ul>\n<p class=\"ods-c-paragraph \">Droga ekspresowa S6<\/p>\n<ul class=\"ods-m-bullet-list\">\n<li class=\"ods-a-bullet ods-a-bullet--normal\"> w\u0119ze\u0142 Goleni\u00f3w P\u00f3\u0142noc \u2014 w\u0119ze\u0142 Sian\u00f3w Wsch\u00f3d <\/li>\n<li class=\"ods-a-bullet ods-a-bullet--normal\"> w\u0119ze\u0142 Bo\u017cepole Wielkie \u2014 Rusocin <\/li>\n<\/ul>\n<p class=\"ods-c-paragraph \">Droga ekspresowa S7<\/p>\n<ul class=\"ods-m-bullet-list\">\n<li class=\"ods-a-bullet ods-a-bullet--normal\"> Gdynia (DW 468) \u2014 w\u0119ze\u0142 Gdynia Wielki Kack <\/li>\n<li class=\"ods-a-bullet ods-a-bullet--normal\"> w\u0119ze\u0142 Chwaszczyno \u2014 w\u0119ze\u0142 Miszewo <\/li>\n<li class=\"ods-a-bullet ods-a-bullet--normal\"> w\u0119ze\u0142 Gda\u0144sk Po\u0142udnie \u2014 w\u0119ze\u0142 P\u0142o\u0144sk Po\u0142udnie <\/li>\n<li class=\"ods-a-bullet ods-a-bullet--normal\"> Zakroczym \u2014 Czosn\u00f3w <\/li>\n<li class=\"ods-a-bullet ods-a-bullet--normal\"> w\u0119ze\u0142 Warszawa Lotnisko \u2014 w\u0119ze\u0142 Raciborowice <\/li>\n<li class=\"ods-a-bullet ods-a-bullet--normal\"> w\u0119ze\u0142 Krak\u00f3w Nowa Huta \u2014 w\u0119ze\u0142 Krak\u00f3w Bie\u017can\u00f3w <\/li>\n<li class=\"ods-a-bullet ods-a-bullet--normal\"> My\u015blenice \u2014 w\u0119ze\u0142 Zabornia <\/li>\n<\/ul>\n<p class=\"ods-c-paragraph \">Droga ekspresowa S8<\/p>\n<ul class=\"ods-m-bullet-list\">\n<li class=\"ods-a-bullet ods-a-bullet--normal\"> Domas\u0142aw \u2014 w\u0119ze\u0142 Wroc\u0142aw Po\u0142udnie <\/li>\n<li class=\"ods-a-bullet ods-a-bullet--normal\"> w\u0119ze\u0142 Wroc\u0142aw Psie Pole \u2014 w\u0119ze\u0142 \u0141\u00f3d\u017a Po\u0142udnie <\/li>\n<li class=\"ods-a-bullet ods-a-bullet--normal\"> w\u0119ze\u0142 Piotrk\u00f3w Trybunalski Zach\u00f3d \u2014 w\u0119ze\u0142 Opacz <\/li>\n<li class=\"ods-a-bullet ods-a-bullet--normal\"> w\u0119ze\u0142 Konotopa \u2014 Choroszcz <\/li>\n<\/ul>\n<p class=\"ods-c-paragraph \">Droga ekspresowa S10<\/p>\n<ul class=\"ods-m-bullet-list\">\n<li class=\"ods-a-bullet ods-a-bullet--normal\"> granica Szczecina \u2014 w\u0119ze\u0142 Stargard Wsch\u00f3d <\/li>\n<li class=\"ods-a-bullet ods-a-bullet--normal\"> w\u0119ze\u0142 Wa\u0142cz Zach\u00f3d \u2014 w\u0119ze\u0142 Witankowo <\/li>\n<li class=\"ods-a-bullet ods-a-bullet--normal\"> w\u0119ze\u0142 Bydgoszcz B\u0142onie \u2014 w\u0119ze\u0142 Bydgoszcz Po\u0142udnie <\/li>\n<li class=\"ods-a-bullet ods-a-bullet--normal\"> w\u0119ze\u0142 Toru\u0144 Zach\u00f3d \u2014 w\u0119ze\u0142 Toru\u0144 Po\u0142udnie <\/li>\n<\/ul>\n<p class=\"ods-c-paragraph \">Droga ekspresowa S11<\/p>\n<ul class=\"ods-m-bullet-list\">\n<li class=\"ods-a-bullet ods-a-bullet--normal\"> w\u0119ze\u0142 Bielice \u2014 w\u0119ze\u0142 Bobolice <\/li>\n<li class=\"ods-a-bullet ods-a-bullet--normal\"> Szczecinek \u2014 Omulna <\/li>\n<li class=\"ods-a-bullet ods-a-bullet--normal\"> w\u0119ze\u0142 Pozna\u0144 P\u00f3\u0142noc \u2014 w\u0119ze\u0142 Pozna\u0144 Zach\u00f3d <\/li>\n<li class=\"ods-a-bullet ods-a-bullet--normal\"> w\u0119ze\u0142 Pozna\u0144 Krzesiny \u2014 w\u0119ze\u0142 K\u00f3rnik Po\u0142udnie <\/li>\n<li class=\"ods-a-bullet ods-a-bullet--normal\"> w\u0119ze\u0142 Mieszk\u00f3w \u2014 w\u0119ze\u0142 Jarocin <\/li>\n<li class=\"ods-a-bullet ods-a-bullet--normal\"> w\u0119ze\u0142 Ostr\u00f3w Wielkopolski P\u00f3\u0142noc \u2014 Strugi <\/li>\n<li class=\"ods-a-bullet ods-a-bullet--normal\"> Kr\u0105\u017ckowy \u2014 w\u0119ze\u0142 Baran\u00f3w <\/li>\n<\/ul>\n<p class=\"ods-c-paragraph \">Droga ekspresowa S12<\/p>\n<ul class=\"ods-m-bullet-list\">\n<li class=\"ods-a-bullet ods-a-bullet--normal\"> Leokadi\u00f3w \u2014 w\u0119ze\u0142 Piaski Wsch\u00f3d <\/li>\n<\/ul>\n<p class=\"ods-c-paragraph \">Droga ekspresowa S14<\/p>\n<ul class=\"ods-m-bullet-list\">\n<li class=\"ods-a-bullet ods-a-bullet--normal\"> w\u0119ze\u0142 Emilia \u2014 w\u0119ze\u0142 R\u00f3\u017ca <\/li>\n<\/ul>\n<p class=\"ods-c-paragraph \">Droga ekspresowa S16<\/p>\n<ul class=\"ods-m-bullet-list\">\n<li class=\"ods-a-bullet ods-a-bullet--normal\"> w\u0119ze\u0142 Olsztyn Po\u0142udnie \u2014 w\u0119ze\u0142 Olsztyn Wsch\u00f3d <\/li>\n<li class=\"ods-a-bullet ods-a-bullet--normal\"> w\u0119ze\u0142 Sorkwity \u2014 w\u0119ze\u0142 Bagienice <\/li>\n<li class=\"ods-a-bullet ods-a-bullet--normal\"> w\u0119ze\u0142 E\u0142k P\u00f3\u0142noc \u2014 w\u0119ze\u0142 E\u0142k Wsch\u00f3d <\/li>\n<\/ul>\n<p class=\"ods-c-paragraph \">Droga ekspresowa S17<\/p>\n<ul class=\"ods-m-bullet-list\">\n<li class=\"ods-a-bullet ods-a-bullet--normal\"> w\u0119ze\u0142 Warszawa Wsch\u00f3d \u2014 w\u0119ze\u0142 Kur\u00f3w Zach\u00f3d <\/li>\n<li class=\"ods-a-bullet ods-a-bullet--normal\"> w\u0119ze\u0142 Tomasz\u00f3w Lubelski P\u00f3\u0142noc \u2014 w\u0119ze\u0142 Tomasz\u00f3w Lubelski Po\u0142udnie <\/li>\n<\/ul>\n<p class=\"ods-c-paragraph \">Droga ekspresowa S19<\/p>\n<ul class=\"ods-m-bullet-list\">\n<li class=\"ods-a-bullet ods-a-bullet--normal\"> w\u0119ze\u0142 Lublin S\u0142awinek \u2014 w\u0119ze\u0142 Rzesz\u00f3w Wsch\u00f3d <\/li>\n<li class=\"ods-a-bullet ods-a-bullet--normal\"> w\u0119ze\u0142 Rzesz\u00f3w Zach\u00f3d \u2014 w\u0119ze\u0142 Rzesz\u00f3w Po\u0142udnie <\/li>\n<\/ul>\n<p class=\"ods-c-paragraph \">Droga ekspresowa S22<\/p>\n<ul class=\"ods-m-bullet-list\">\n<li class=\"ods-a-bullet ods-a-bullet--normal\"> w\u0119ze\u0142 Elbl\u0105g Wsch\u00f3d \u2014 Grzechotki <\/li>\n<\/ul>\n<p class=\"ods-c-paragraph \">Droga ekspresowa S51<\/p>\n<ul class=\"ods-m-bullet-list\">\n<li class=\"ods-a-bullet ods-a-bullet--normal\"> w\u0119ze\u0142 Olsztynek Zach\u00f3d \u2014 w\u0119ze\u0142 Olsztyn Po\u0142udnie <\/li>\n<\/ul>\n<p class=\"ods-c-paragraph \">Droga ekspresowa S52<\/p>\n<ul class=\"ods-m-bullet-list\">\n<li class=\"ods-a-bullet ods-a-bullet--normal\"> Cieszyn \u2014 w\u0119ze\u0142 Bielsko-Bia\u0142a Komorowice <\/li>\n<li class=\"ods-a-bullet ods-a-bullet--normal\"> w\u0119ze\u0142 Balice I \u2014 w\u0119ze\u0142 Modlniczka <\/li>\n<li class=\"ods-a-bullet ods-a-bullet--normal\"> w\u0119ze\u0142 Modlnica \u2014 w\u0119ze\u0142 Batowice <\/li>\n<\/ul>\n<p class=\"ods-c-paragraph \">Droga ekspresowa S61<\/p>\n<ul class=\"ods-m-bullet-list\">\n<li class=\"ods-a-bullet ods-a-bullet--normal\"> Budzisko \u2014 w\u0119ze\u0142 Kolno <\/li>\n<li class=\"ods-a-bullet ods-a-bullet--normal\"> w\u0119ze\u0142 \u0141om\u017ca Zach\u00f3d \u2014 w\u0119ze\u0142 Ostr\u00f3w Mazowiecka P\u00f3\u0142noc <\/li>\n<\/ul>\n<p class=\"ods-c-paragraph \">Droga ekspresowa S74<\/p>\n<ul class=\"ods-m-bullet-list\">\n<li class=\"ods-a-bullet ods-a-bullet--normal\"> w\u0119ze\u0142 Kielce Bocianek \u2014 Cedzyna <\/li>\n<\/ul>\n<p class=\"ods-c-paragraph \">Droga ekspresowa S79<\/p>\n<ul class=\"ods-m-bullet-list\">\n<li class=\"ods-a-bullet ods-a-bullet--normal\"> w\u0119ze\u0142 Marynarska \u2014 w\u0119ze\u0142 Warszawa Lotnisko <\/li>\n<\/ul>\n<p class=\"ods-c-paragraph \">Droga krajowa nr 7<\/p>\n<ul class=\"ods-m-bullet-list\">\n<li class=\"ods-a-bullet ods-a-bullet--normal\"> w\u0119ze\u0142 P\u0142o\u0144sk Po\u0142udnie \u2014 Zakroczym <\/li>\n<li class=\"ods-a-bullet ods-a-bullet--normal\"> Czosn\u00f3w \u2014 granica Warszawy <\/li>\n<li class=\"ods-a-bullet ods-a-bullet--normal\"> granica Krakowa \u2014 My\u015blenice <\/li>\n<\/ul>\n<p class=\"ods-c-paragraph \">Droga krajowa nr 8<\/p>\n<ul class=\"ods-m-bullet-list\">\n<li class=\"ods-a-bullet ods-a-bullet--normal\"> w\u0119ze\u0142 Raczki \u2014 August\u00f3w <\/li>\n<\/ul>\n<p class=\"ods-c-paragraph \">Droga krajowa nr 12<\/p>\n<ul class=\"ods-m-bullet-list\">\n<li class=\"ods-a-bullet ods-a-bullet--normal\"> w\u0119ze\u0142 Tuszyn \u2014 w\u0119ze\u0142 Piotrk\u00f3w Trybunalski P\u00f3\u0142noc <\/li>\n<li class=\"ods-a-bullet ods-a-bullet--normal\"> Piotrk\u00f3w Trybunalski \u2014 Sulej\u00f3w (ul. Konecka) <\/li>\n<\/ul>\n<p class=\"ods-c-paragraph \">Droga krajowa nr 24<\/p>\n<ul class=\"ods-m-bullet-list\">\n<li class=\"ods-a-bullet ods-a-bullet--normal\"> w\u0119ze\u0142 Skwierzyna Po\u0142udnie \u2014 Pniewy <\/li>\n<\/ul>\n<p class=\"ods-c-paragraph \">Droga krajowa nr 44<\/p>\n<ul class=\"ods-m-bullet-list\">\n<li class=\"ods-a-bullet ods-a-bullet--normal\"> Miko\u0142\u00f3w (ul. Gliwicka) \u2014 Miko\u0142\u00f3w (ul. Beskidzka) <\/li>\n<\/ul>\n<p class=\"ods-c-paragraph \">Droga krajowa nr 50<\/p>\n<ul class=\"ods-m-bullet-list\">\n<li class=\"ods-a-bullet ods-a-bullet--normal\"> Kuznocin \u2014 Regut <\/li>\n<li class=\"ods-a-bullet ods-a-bullet--normal\"> Gr\u0119biszew \u2014 \u0141och\u00f3w <\/li>\n<li class=\"ods-a-bullet ods-a-bullet--normal\"> Jasior\u00f3wka \u2014 w\u0119ze\u0142 Brok <\/li>\n<\/ul>\n<p class=\"ods-c-paragraph \">Droga krajowa nr 60<\/p>\n<p class=\"ods-c-paragraph \">Droga krajowa nr 77<\/p>\n<ul class=\"ods-m-bullet-list\">\n<li class=\"ods-a-bullet ods-a-bullet--normal\"> Jaros\u0142aw (ul. Kruhel Pe\u0142ki\u0144ski) \u2014 Tuczempy <\/li>\n<li class=\"ods-a-bullet ods-a-bullet--normal\"> Radymno Sko\u0142osz\u00f3w \u2014 granica Przemy\u015bla <\/li>\n<\/ul>\n<p class=\"ods-c-paragraph \">Droga krajowa nr 79<\/p>\n<ul class=\"ods-m-bullet-list\">\n<li class=\"ods-a-bullet ods-a-bullet--normal\"> granica Jaworzna \u2014 w\u0119ze\u0142 Modlniczka <\/li>\n<\/ul>\n<p class=\"ods-c-paragraph \">Droga krajowa nr 81<\/p>\n<ul class=\"ods-m-bullet-list\">\n<li class=\"ods-a-bullet ods-a-bullet--normal\"> granica Katowic \u2014 Miko\u0142\u00f3w (ul. Beskidzka) <\/li>\n<li class=\"ods-a-bullet ods-a-bullet--normal\"> Miko\u0142\u00f3w (ul. Gliwicka) \u2014 granica \u017bor <\/li>\n<li class=\"ods-a-bullet ods-a-bullet--normal\"> granica \u017bor \u2014 w\u0119ze\u0142 Skocz\u00f3w <\/li>\n<\/ul>\n<p class=\"ods-c-paragraph \">Droga krajowa nr 90<\/p>\n<p class=\"ods-c-paragraph \">Droga krajowa nr 91<\/p>\n<ul class=\"ods-m-bullet-list\">\n<li class=\"ods-a-bullet ods-a-bullet--normal\"> Rusocin \u2014 w\u0119ze\u0142 Nowe Marzy <\/li>\n<li class=\"ods-a-bullet ods-a-bullet--normal\"> w\u0119ze\u0142 \u015awiecie Zach\u00f3d \u2014 \u0141ysomice <\/li>\n<li class=\"ods-a-bullet ods-a-bullet--normal\"> Bardzinek \u2014 Kajew <\/li>\n<li class=\"ods-a-bullet ods-a-bullet--normal\"> granica Piotrkowa Trybunalskiego \u2014 granica Cz\u0119stochowy <\/li>\n<li class=\"ods-a-bullet ods-a-bullet--normal\"> granica Cz\u0119stochowy \u2014 w\u0119ze\u0142 Podwarpie <\/li>\n<\/ul>\n<p class=\"ods-c-paragraph \">Droga krajowa nr 92<\/p>\n<ul class=\"ods-m-bullet-list\">\n<li class=\"ods-a-bullet ods-a-bullet--normal\"> Bocz\u00f3w \u2014 Po\u017arzad\u0142o <\/li>\n<li class=\"ods-a-bullet ods-a-bullet--normal\"> Bucze \u2014 Mysz\u0119cin <\/li>\n<li class=\"ods-a-bullet ods-a-bullet--normal\"> Wilenko \u2014 granica Poznania <\/li>\n<li class=\"ods-a-bullet ods-a-bullet--normal\"> granica Poznania \u2014 Chociczka <\/li>\n<li class=\"ods-a-bullet ods-a-bullet--normal\"> Wrze\u015bnia \u2014 granica Konina <\/li>\n<li class=\"ods-a-bullet ods-a-bullet--normal\"> granica Konina \u2014 Bardzinek <\/li>\n<li class=\"ods-a-bullet ods-a-bullet--normal\"> Kajew \u2014 Dudki <\/li>\n<li class=\"ods-a-bullet ods-a-bullet--normal\"> Kutno \u2014 Kuznocin <\/li>\n<li class=\"ods-a-bullet ods-a-bullet--normal\"> Sochaczew (ul. \u017byrardowska) \u2014 granica Warszawy <\/li>\n<\/ul>\n<p class=\"ods-c-paragraph \">Droga krajowa nr 94<\/p>\n<ul class=\"ods-m-bullet-list\">\n<li class=\"ods-a-bullet ods-a-bullet--normal\"> granica D\u0105browy G\u00f3rniczej \u2014 w\u0119ze\u0142 Modlniczka <\/li>\n<li class=\"ods-a-bullet ods-a-bullet--normal\"> granica Rzeszowa \u2014 Jaros\u0142aw (ul. Kruhel Pe\u0142ki\u0144ski) <\/li>\n<\/ul>\n<p><img decoding=\"async\" src=\"https:\/\/www.europesays.com\/pl\/wp-content\/uploads\/2025\/11\/XHSk9lBaHR0cHM6Ly9vY2RuLmV1L3B1bHNjbXMvTURBXy9hZGYwMmFkZTliMzJiMTk5YjYwYjgxNDZjZTQwNDI3ZS5qcGeRlQLNB.jpeg\" height=\"705\" width=\"940\" alt=\"Nowe radiowozy do kontroli op\u0142at drogowych e-TOLL\" loading=\"lazy\" class=\"ods-c-image__img ods-c-image__img--viewport-width\"\/><\/p>\n<p>Nowe radiowozy do kontroli op\u0142at drogowych e-TOLLTomasz Kami\u0144ski \/ Auto \u015awiat<\/p>\n<p class=\"ods-c-paragraph \">Podwy\u017cki odczuj\u0105 nie tylko firmy transportowe, lecz tak\u017ce kierowcy samochod\u00f3w osobowych z przyczepami, zar\u00f3wno towarowymi, jak i kempingowymi. Resort finans\u00f3w podkre\u015bla, \u017ce zmiany maj\u0105 na celu dostosowanie systemu op\u0142at do aktualnych warunk\u00f3w rynkowych oraz zwi\u0119kszenie wp\u0142yw\u00f3w do bud\u017cetu pa\u0144stwa.<\/p>\n","protected":false},"excerpt":{"rendered":"Nowe fragmenty dr\u00f3g zostan\u0105 obj\u0119te op\u0142atami dopiero od 1 lutego 2026 r. Wy\u017csze stawki w systemie e-TOLL odczuj\u0105&hellip;\n","protected":false},"author":2,"featured_media":111243,"comment_status":"","ping_status":"","sticky":false,"template":"","format":"standard","meta":{"footnotes":""},"categories":[16],"tags":[210,13317,113,112,6827,24393,48,46,24394,24395,42,38,40,39,41,47,26],"class_list":{"0":"post-111242","1":"post","2":"type-post","3":"status-publish","4":"format-standard","5":"has-post-thumbnail","7":"category-biznes","8":"tag-aktualnosci","9":"tag-autostrady","10":"tag-biznes","11":"tag-business","12":"tag-ciezarowki","13":"tag-e_toll","14":"tag-nat_styl","15":"tag-omp","16":"tag-oplaty_za_autostrady","17":"tag-oplaty_za_przejazd","18":"tag-pl","19":"tag-poland","20":"tag-polish","21":"tag-polska","22":"tag-polski","23":"tag-screening_general","24":"tag-wiadomosci"},"share_on_mastodon":{"url":"https:\/\/pubeurope.com\/@pl\/115585878975068345","error":""},"_links":{"self":[{"href":"https:\/\/www.europesays.com\/pl\/wp-json\/wp\/v2\/posts\/111242","targetHints":{"allow":["GET"]}}],"collection":[{"href":"https:\/\/www.europesays.com\/pl\/wp-json\/wp\/v2\/posts"}],"about":[{"href":"https:\/\/www.europesays.com\/pl\/wp-json\/wp\/v2\/types\/post"}],"author":[{"embeddable":true,"href":"https:\/\/www.europesays.com\/pl\/wp-json\/wp\/v2\/users\/2"}],"replies":[{"embeddable":true,"href":"https:\/\/www.europesays.com\/pl\/wp-json\/wp\/v2\/comments?post=111242"}],"version-history":[{"count":0,"href":"https:\/\/www.europesays.com\/pl\/wp-json\/wp\/v2\/posts\/111242\/revisions"}],"wp:featuredmedia":[{"embeddable":true,"href":"https:\/\/www.europesays.com\/pl\/wp-json\/wp\/v2\/media\/111243"}],"wp:attachment":[{"href":"https:\/\/www.europesays.com\/pl\/wp-json\/wp\/v2\/media?parent=111242"}],"wp:term":[{"taxonomy":"category","embeddable":true,"href":"https:\/\/www.europesays.com\/pl\/wp-json\/wp\/v2\/categories?post=111242"},{"taxonomy":"post_tag","embeddable":true,"href":"https:\/\/www.europesays.com\/pl\/wp-json\/wp\/v2\/tags?post=111242"}],"curies":[{"name":"wp","href":"https:\/\/api.w.org\/{rel}","templated":true}]}}