{"id":111251,"date":"2025-11-21T05:01:08","date_gmt":"2025-11-21T05:01:08","guid":{"rendered":"https:\/\/www.europesays.com\/pl\/111251\/"},"modified":"2025-11-21T05:01:08","modified_gmt":"2025-11-21T05:01:08","slug":"od-switu-trwa-strajk-generalny-w-valeo-chrzanow-zaloga-przed-brama-ludziom-zaczyna-brakowac-na-zycie-gazeta-krakowska","status":"publish","type":"post","link":"https:\/\/www.europesays.com\/pl\/111251\/","title":{"rendered":"Od \u015bwitu trwa strajk generalny w Valeo Chrzan\u00f3w. Za\u0142oga przed bram\u0105. &quot;Ludziom zaczyna brakowa\u0107 na \u017cycie&quot; &#8211; Gazeta Krakowska"},"content":{"rendered":"<ol>\n<li><a href=\"https:\/\/news.google.com\/rss\/articles\/CBMi-wFBVV95cUxQTWxYVUF4TlJRX0NSNDlUWE5rcHZGVC03U0VEdjRuN3RHaUJhRk1YbktaNDNHWlNfU2NOZW9YbkxZUEYwbkxOdFd5eXExMG1iUnExT3RmV1BxWGdSV2pRYlhPbE5NTXNxV1VnT0dZQ280TENLNEltQlMwZUpXSlJ0ZVFXMUtVUE95bDBOM3ZQQUdRSllCcWZ6WTMyZE9tRkxZcDJmdWpGeWpwRDU4VEZLYTlDNTFOclJWdkM5U3J3UXAwRElBUmRuOTdXdjdNajROWDEtdUNMZDJOYk0wQ09DdWtGaDdfay1yZlpOZTZ1UUV1eEVGZEFOVjNZVQ?oc=5\" target=\"_blank\" rel=\"nofollow noopener\">Od \u015bwitu trwa strajk generalny w Valeo Chrzan\u00f3w. Za\u0142oga przed bram\u0105. &#8222;Ludziom zaczyna brakowa\u0107 na \u017cycie&#8221;<\/a>&nbsp;&nbsp;Gazeta Krakowska<\/li>\n<li><a href=\"https:\/\/news.google.com\/rss\/articles\/CBMizAFBVV95cUxNblEtWVVTODJqa29wbXVCclg2bS1wVTdfM3oxMW53ZFI5eXVZbFhmblhHQ09fOG1aZk5GemZHRk9nNDF3THJmclpWM1ZiVDhXdzRIdWV3S21jVDl6MEVWa1Z5R20wM3JEeFRqalV4bmFHRlE3MWZnOGhCYmttelRZMGkxMDNlck82MUpEY2tEOE42OHhsTzBJcWRINGM3MGV4LVc1anotOXpHOVI0d3h4Z2x4LVZ2aUNna2E0REh6ZldKWk9yR1gtMGY1VHQ?oc=5\" target=\"_blank\" rel=\"nofollow noopener\">\u201cTraktuj\u0105 nas jak niewolnik\u00f3w&#8221;. Strajkuj\u0105cy pracownicy Valeo m\u00f3wi\u0105 o pracy w tej firmie<\/a>&nbsp;&nbsp;Onet<\/li>\n<li><a href=\"https:\/\/news.google.com\/rss\/articles\/CBMipwFBVV95cUxQWXZScTZ0eTk0MEQwQTNjOXI4RGlpQUhvU0dKZ0wydkdzcmN5TVFjRmx6dElPY0Z4bG8wOEpKd3ptcWJTcnI4VXBZX2UxRXAzTlFJVktFNEJLdzVRVzY3M09PbGV2ZHMzS01odE1XeURoQTJXVE82OUlHU3ZpV2tjXzI1cWswM3l5ZDBwc1F1VDNxV1JlWVlPSmxWYjFfR3BrSTVJdG5Rcw?oc=5\" target=\"_blank\" rel=\"nofollow noopener\">&#8222;Zaczyna brakowa\u0107 na \u017cycie&#8221;. Pracownicy strajkuj\u0105 w trzech miastach<\/a>&nbsp;&nbsp;TOK FM<\/li>\n<li><a href=\"https:\/\/news.google.com\/rss\/articles\/CBMiswFBVV95cUxQWnlPMXY2OHJSTEJjY1BoVHNMVVUtdHJIaVo4VV9jd2VHajE5Zi1aWTJOLWtPVDA0czVzMDcxTWVyV1ZlQmRSV1lrd1VBZjVGbVRNakZRRFBBR3pqLWxBMXltZEx5Mmw2VVpUS1ZGeE5PVWxqQTNyb2F4VEliNGZHMlZYYnh6c2xOMUZRSnF3T1dNVEI0U1ZzMmMxbnBoZ19UM3FVVEVJQndBaVVFU0ZnTzR4aw?oc=5\" target=\"_blank\" rel=\"nofollow noopener\">&#8222;O godn\u0105 p\u0142ac\u0119&#8221;<\/a>&nbsp;&nbsp;RMF24<\/li>\n<li><a href=\"https:\/\/news.google.com\/rss\/articles\/CBMivwFBVV95cUxOMFRENG5tcTRIb0RjR3FiLU56YXdOWndERnNNRFk0NHJLZURmOFNfR1ZfbDltMkQ0bGw5VkpVTzNPYnZ1RktfVEV3eDVsZE50RXV6U3E1d2h2OGY2cmdMa1dzbHotdmNJQVdUUmk5b0R1bzlaMzFSVkU0X0MtSmFVOHpVMmYxMF85U1MwSFJYdjFXUEVrbG5OWl9FSTlLZjh4NnA2WEYtWEtMVlpmekNfVnl2WjBZSUtHMk5ZdzFybw?oc=5\" target=\"_blank\" rel=\"nofollow noopener\">&#8217;To przypomina ob\u00f3z pracy&#8217;. Robotnicy z Valeo w Chrzanowie rozpocz\u0119li strajk generalny<\/a>&nbsp;&nbsp;krakow.wyborcza.pl<\/li>\n<\/ol>\n","protected":false},"excerpt":{"rendered":"Od \u015bwitu trwa strajk generalny w Valeo Chrzan\u00f3w. Za\u0142oga przed bram\u0105. &#8222;Ludziom zaczyna brakowa\u0107 na \u017cycie&#8221;&nbsp;&nbsp;Gazeta Krakowska \u201cTraktuj\u0105&hellip;\n","protected":false},"author":2,"featured_media":60432,"comment_status":"","ping_status":"","sticky":false,"template":"","format":"standard","meta":{"footnotes":""},"categories":[16],"tags":[113,112,42,38,40,39,41],"class_list":{"0":"post-111251","1":"post","2":"type-post","3":"status-publish","4":"format-standard","5":"has-post-thumbnail","7":"category-biznes","8":"tag-biznes","9":"tag-business","10":"tag-pl","11":"tag-poland","12":"tag-polish","13":"tag-polska","14":"tag-polski"},"share_on_mastodon":{"url":"https:\/\/pubeurope.com\/@pl\/115585933853631014","error":""},"_links":{"self":[{"href":"https:\/\/www.europesays.com\/pl\/wp-json\/wp\/v2\/posts\/111251","targetHints":{"allow":["GET"]}}],"collection":[{"href":"https:\/\/www.europesays.com\/pl\/wp-json\/wp\/v2\/posts"}],"about":[{"href":"https:\/\/www.europesays.com\/pl\/wp-json\/wp\/v2\/types\/post"}],"author":[{"embeddable":true,"href":"https:\/\/www.europesays.com\/pl\/wp-json\/wp\/v2\/users\/2"}],"replies":[{"embeddable":true,"href":"https:\/\/www.europesays.com\/pl\/wp-json\/wp\/v2\/comments?post=111251"}],"version-history":[{"count":0,"href":"https:\/\/www.europesays.com\/pl\/wp-json\/wp\/v2\/posts\/111251\/revisions"}],"wp:featuredmedia":[{"embeddable":true,"href":"https:\/\/www.europesays.com\/pl\/wp-json\/wp\/v2\/media\/60432"}],"wp:attachment":[{"href":"https:\/\/www.europesays.com\/pl\/wp-json\/wp\/v2\/media?parent=111251"}],"wp:term":[{"taxonomy":"category","embeddable":true,"href":"https:\/\/www.europesays.com\/pl\/wp-json\/wp\/v2\/categories?post=111251"},{"taxonomy":"post_tag","embeddable":true,"href":"https:\/\/www.europesays.com\/pl\/wp-json\/wp\/v2\/tags?post=111251"}],"curies":[{"name":"wp","href":"https:\/\/api.w.org\/{rel}","templated":true}]}}