{"id":111254,"date":"2025-11-21T05:04:12","date_gmt":"2025-11-21T05:04:12","guid":{"rendered":"https:\/\/www.europesays.com\/pl\/111254\/"},"modified":"2025-11-21T05:04:12","modified_gmt":"2025-11-21T05:04:12","slug":"marek-migalski-ma-nowotwor-zabral-glos-po-operacji-jestem-po-usunieciu-esicy-2","status":"publish","type":"post","link":"https:\/\/www.europesays.com\/pl\/111254\/","title":{"rendered":"Marek Migalski ma nowotw\u00f3r. Zabra\u0142 g\u0142os po operacji: jestem po usuni\u0119ciu esicy"},"content":{"rendered":"<p class=\"Paragraph_desktopParagraph__U31Gm\"><a href=\"https:\/\/wiadomosci.onet.pl\/marek-migalski\" id=\"7bf56790-89be-4440-ba1f-cadcd7bef0fe\" rel=\"nofollow noopener\" target=\"_blank\">Marek Migalski<\/a> ujawni\u0142 niedawno, \u017ce zdiagnozowano u niego <a href=\"https:\/\/plejada.pl\/newsy\/znany-politolog-trafil-do-szpitala-lekarz-od-razu-zauwazyl\/55vm5xc\" id=\"37bdf88d-496a-4385-a54a-7b989b03c9bd\" rel=\"nofollow noopener\" target=\"_blank\">z\u0142o\u015bliwy nowotw\u00f3r jelita grubego<\/a>. Jak wyja\u015bni\u0142, choroba zosta\u0142a wykryta zupe\u0142nie przypadkowo, podczas rutynowej kolonoskopii. Nie mia\u0142 \u017cadnych objaw\u00f3w. Lekarz, kt\u00f3ry wykonywa\u0142 badanie, zauwa\u017cy\u0142 jednak zmiany onkologiczne wymagaj\u0105ce pilnej operacji. Marek Migalski opisa\u0142 w sieci moment, w kt\u00f3rym dowiedzia\u0142 si\u0119 o chorobie:<\/p>\n<blockquote>\n<p class=\"Paragraph_desktopParagraph__U31Gm\">Wszystko zacz\u0119\u0142o si\u0119 kilka tygodni temu, gdy poszed\u0142em na kolonoskopi\u0119. Nic mnie nie bola\u0142o, ale postanowi\u0142em zbada\u0107 si\u0119 &#8222;just in case&#8221;. Mia\u0142em nadziej\u0119, \u017ce po badaniu us\u0142ysz\u0119, i\u017c mam pi\u0119kne, czyste wn\u0119trze i \u017ce widzimy si\u0119 za dziesi\u0119\u0107 lat \u2013 wszak prawie nie jem mi\u0119sa, jestem aktywny sportowo, zajadam si\u0119 warzywami i owocami<\/p>\n<\/blockquote>\n<p class=\"Paragraph_desktopParagraph__U31Gm\"> \u2013 pisa\u0142 w swoim obszernym wpisie politolog i profesor Uniwersytetu \u015al\u0105skiego. <\/p>\n<ul class=\"OchatFollowUps_wrapper__1ry7X\">\n<li class=\"OchatFollowUps_item__Dhyly OchatFollowUps_itemDesktop__R6aBv\">Jakie nowotw\u00f3r zdiagnozowano u Marka Migalskiego?<\/li>\n<li class=\"OchatFollowUps_item__Dhyly OchatFollowUps_itemDesktop__R6aBv\">Jak si\u0119 czuje Marek Migalski po operacji?<\/li>\n<li class=\"OchatFollowUps_item__Dhyly OchatFollowUps_itemDesktop__R6aBv\">Gdzie odby\u0142a si\u0119 operacja Marka Migalskiego?<\/li>\n<li class=\"OchatFollowUps_item__Dhyly OchatFollowUps_itemDesktop__R6aBv\">Kiedy Marek Migalski ma wr\u00f3ci\u0107 do domu?<\/li>\n<\/ul>\n<p>Marek Migalski zachorowa\u0142 na nowotw\u00f3r. Jest ju\u017c po operacji: jestem ju\u017c po usuni\u0119ciu esicy <\/p>\n<p class=\"Paragraph_desktopParagraph__U31Gm\">Marek Migalski poinformowa\u0142 wtedy r\u00f3wnie\u017c, \u017ce czeka go zabieg usuni\u0119cia du\u017cej cz\u0119\u015bci esicy, czyli fragmentu jelita grubego. Doda\u0142, \u017ce jego nowotw\u00f3r wykryto we wczesnym stadium i ma on &#8222;nisk\u0105 emisyjno\u015b\u0107&#8221;, co daje szans\u0119 na wzgl\u0119dnie szybki powr\u00f3t do normalno\u015bci po operacji, rehabilitacji i \u2013 je\u015bli b\u0119dzie konieczna \u2013 chemioterapii. W czwartkowy wiecz\u00f3r politolog opublikowa\u0142 kolejny, jeszcze bardziej osobisty wpis, do\u0142\u0105czaj\u0105c zdj\u0119cie ze szpitalnego \u0142\u00f3\u017cka.<\/p>\n<blockquote>\n<p class=\"Paragraph_desktopParagraph__U31Gm\">Jestem ju\u017c po usuni\u0119ciu esicy zaatakowanej przez nowotw\u00f3r. Wiele os\u00f3b pyta mnie jak si\u0119 czuj\u0119?<\/p>\n<\/blockquote>\n<p class=\"Paragraph_desktopParagraph__U31Gm\"> \u2013 rozpocz\u0105\u0142.<\/p>\n<p class=\"Paragraph_desktopParagraph__U31Gm\">Odpowied\u017a zilustrowa\u0142 d\u0142ug\u0105, mocn\u0105 anegdot\u0105 o rannym Jonesie, kt\u00f3ry \u2013 zapytany, czy strza\u0142a w p\u0142ucu bardzo boli \u2013 odpowiada: &#8222;Nie. Tylko wtedy, gdy si\u0119 \u015bmiej\u0119&#8221;. <\/p>\n<p class=\"Paragraph_desktopParagraph__U31Gm\">Po tej metaforze Marek Migalski doda\u0142 ju\u017c zupe\u0142nie powa\u017cnie:<\/p>\n<blockquote>\n<p class=\"Paragraph_desktopParagraph__U31Gm\">A serio: operacja si\u0119 uda\u0142a i prawie nic mnie nie boli (obie te rzeczy zawdzi\u0119czam wspania\u0142emu zespo\u0142owi lekarsko-piel\u0119gniarskiemu szpitala \u015bw. Barbary w Sosnowcu). Za kilka dni wr\u00f3c\u0119 do domu i b\u0119d\u0119 czeka\u0142 na wyniki bada\u0144 histopatologicznych. To one ostatecznie rozstrzygn\u0105, czy jeszcze tylko dopalamy gnoja chemi\u0105 i ko\u0144czymy t\u0119 gr\u0119 w ciuciubabk\u0119, czy te\u017c jednak bawimy si\u0119 dalej<\/p>\n<\/blockquote>\n<p class=\"Paragraph_desktopParagraph__U31Gm\">Na ko\u0144cu Marek Migalski skierowa\u0142 do swoich obserwator\u00f3w wyj\u0105tkowo ciep\u0142e s\u0142owa: &#8222;chc\u0119 bardzo podzi\u0119kowa\u0107 za to tsunami \u017cyczliwo\u015bci, kt\u00f3re do mnie od Was sp\u0142yn\u0119\u0142o! Jestem totalnie zaskoczony i bardzo mi mi\u0142o. Spo\u0142ecze\u0144stwo wcale nie jest takie niemi\u0142e&#8221;. <\/p>\n<p><img decoding=\"async\" class=\"Image_image__0tuHp Image_autoHeight__f2n87 \" height=\"587\" width=\"880\" src=\"https:\/\/www.europesays.com\/pl\/wp-content\/uploads\/2025\/11\/bftk9kpTURBXy9iMTkzNDU2ZTQ5OTJiNTM4YjAyOThlMTEyOWNlNWY3Yi5qcGeSlQLNA6wAwsOVAgDNAkvCw94AA6EwAaExAaEzw.jpeg\" alt=\"Marek Migalski\" loading=\"lazy\" \/>Waldemar Deska \/ PAP<\/p>\n<p>Marek Migalski<\/p>\n<p class=\"Paragraph_desktopParagraph__U31Gm\">Dzi\u0119kujemy, \u017ce przeczyta\u0142a\u015b\/e\u015b nasz artyku\u0142 do ko\u0144ca. W serwisie Plejada.pl ka\u017cdego dnia piszemy o najwa\u017cniejszych wydarzeniach show-biznesowych. B\u0105d\u017a na bie\u017c\u0105co! <a rel=\"nofollow noopener\" href=\"https:\/\/profile.google.com\/cp\/Cg0vZy8xMWJ6X19wdHBx\" id=\"43cc8ae5-9a30-4f9d-829b-8cd7c678e5b9\" target=\"_blank\">Obserwuj<\/a> Plejad\u0119 w Google. Odwied\u017a nas tak\u017ce na <a rel=\"nofollow noopener\" href=\"https:\/\/www.facebook.com\/plejadapl\" id=\"cdea26f3-759e-4bba-af84-1133eeb566b3\" target=\"_blank\">Facebooku<\/a>, <a rel=\"nofollow noopener\" href=\"https:\/\/www.instagram.com\/plejadapl\/\" id=\"d08d6de3-267d-457f-b618-2cbf1495d388\" target=\"_blank\">Instagramie<\/a>, <a rel=\"nofollow noopener\" href=\"https:\/\/www.youtube.com\/c\/plejada\" id=\"ce80b37b-0e9b-4c8b-9a55-327590c9d81d\" target=\"_blank\">YouTubie<\/a> oraz <a rel=\"nofollow noopener\" href=\"https:\/\/www.tiktok.com\/@plejada_pl\" id=\"e9038346-1423-4de6-96e2-309b4d469ad5\" target=\"_blank\">TikToku<\/a>.<\/p>\n<p class=\"Paragraph_desktopParagraph__U31Gm\">Chcesz podzieli\u0107 si\u0119 ciekawym newsem lub zaproponowa\u0107 temat? Skontaktuj si\u0119 z nami, pisz\u0105c maila na adres: <a href=\"https:\/\/www.onet.pl\/styl-zycia\/plejada\/marek-migalski-ma-nowotwor-zabral-glos-po-operacji-jestem-po-usunieciu-esicy\/mailto:plejada@redakcjaonet.pl\" id=\"ad33670c-be96-4786-9d12-3a8b42ffa0a4\" rel=\"nofollow noopener\" target=\"_blank\">plejada@redakcjaon<\/a><a rel=\"nofollow noopener\" href=\"http:\/\/et.pl\" id=\"e43b229e-0e25-4b7a-ae04-15be80705d17\" target=\"_blank\">et.pl<\/a>.<\/p>\n<p><script async src=\"\/\/www.instagram.com\/embed.js\"><\/script><script async src=\"\/\/www.tiktok.com\/embed.js\"><\/script><\/p>\n","protected":false},"excerpt":{"rendered":"Marek Migalski ujawni\u0142 niedawno, \u017ce zdiagnozowano u niego z\u0142o\u015bliwy nowotw\u00f3r jelita grubego. Jak wyja\u015bni\u0142, choroba zosta\u0142a wykryta zupe\u0142nie&hellip;\n","protected":false},"author":2,"featured_media":111255,"comment_status":"","ping_status":"","sticky":false,"template":"","format":"standard","meta":{"footnotes":""},"categories":[5],"tags":[32,33,36,37,27,67,34,35,16388,28,31,53,25,2095,52,68,51,55,24396,42,38,40,39,41,868,22486,47,29,30,65,50,26,253],"class_list":{"0":"post-111254","1":"post","2":"type-post","3":"status-publish","4":"format-standard","5":"has-post-thumbnail","7":"category-naglowki","8":"tag-breaking-news","9":"tag-breakingnews","10":"tag-featured-news","11":"tag-featurednews","12":"tag-headlines","13":"tag-intextvideo_splayer","14":"tag-latest-news","15":"tag-latestnews","16":"tag-marek_migalski","17":"tag-naglowki","18":"tag-najwazniejsze-artykuly","19":"tag-new_header","20":"tag-news","21":"tag-nowotwor","22":"tag-onet3","23":"tag-onet3d","24":"tag-onet3d_2i","25":"tag-phx","26":"tag-pjn_partia_polska_jest_najwazniejsza","27":"tag-pl","28":"tag-poland","29":"tag-polish","30":"tag-polska","31":"tag-polski","32":"tag-prawo_i_sprawiedliwosc_pis","33":"tag-rak_jelita_grubego","34":"tag-screening_general","35":"tag-top-stories","36":"tag-topstories","37":"tag-update_me","38":"tag-v2021","39":"tag-wiadomosci","40":"tag-zdrowie"},"share_on_mastodon":{"url":"","error":"Validation failed: Text character limit of 500 exceeded"},"_links":{"self":[{"href":"https:\/\/www.europesays.com\/pl\/wp-json\/wp\/v2\/posts\/111254","targetHints":{"allow":["GET"]}}],"collection":[{"href":"https:\/\/www.europesays.com\/pl\/wp-json\/wp\/v2\/posts"}],"about":[{"href":"https:\/\/www.europesays.com\/pl\/wp-json\/wp\/v2\/types\/post"}],"author":[{"embeddable":true,"href":"https:\/\/www.europesays.com\/pl\/wp-json\/wp\/v2\/users\/2"}],"replies":[{"embeddable":true,"href":"https:\/\/www.europesays.com\/pl\/wp-json\/wp\/v2\/comments?post=111254"}],"version-history":[{"count":0,"href":"https:\/\/www.europesays.com\/pl\/wp-json\/wp\/v2\/posts\/111254\/revisions"}],"wp:featuredmedia":[{"embeddable":true,"href":"https:\/\/www.europesays.com\/pl\/wp-json\/wp\/v2\/media\/111255"}],"wp:attachment":[{"href":"https:\/\/www.europesays.com\/pl\/wp-json\/wp\/v2\/media?parent=111254"}],"wp:term":[{"taxonomy":"category","embeddable":true,"href":"https:\/\/www.europesays.com\/pl\/wp-json\/wp\/v2\/categories?post=111254"},{"taxonomy":"post_tag","embeddable":true,"href":"https:\/\/www.europesays.com\/pl\/wp-json\/wp\/v2\/tags?post=111254"}],"curies":[{"name":"wp","href":"https:\/\/api.w.org\/{rel}","templated":true}]}}