{"id":111262,"date":"2025-11-21T05:17:08","date_gmt":"2025-11-21T05:17:08","guid":{"rendered":"https:\/\/www.europesays.com\/pl\/111262\/"},"modified":"2025-11-21T05:17:08","modified_gmt":"2025-11-21T05:17:08","slug":"nowy-sondaz-potwierdza-to-nie-przypadek-tak-zle-z-pis-nie-bylo-od-lat","status":"publish","type":"post","link":"https:\/\/www.europesays.com\/pl\/111262\/","title":{"rendered":"Nowy sonda\u017c potwierdza: To nie przypadek. Tak \u017ale z PiS nie by\u0142o od lat"},"content":{"rendered":"<ul class=\"UnorderedList_container__nmfSl\">\n<li class=\"UnorderedList_listElement__Py7xi\" data-id=\"ai-summary-link\">Du\u017co czytania, a ma\u0142o czasu? Sprawd\u017a\u00a0skr\u00f3t\u00a0artyku\u0142u<\/li>\n<\/ul>\n<p class=\"Paragraph_desktopParagraph__U31Gm\">Sonda\u017c Instytutu Bada\u0144 Rynkowych i Spo\u0142ecznych (IBRiS) dla Onetu zosta\u0142 zrealizowany w dniach 14-15 listopada 2025 r. metod\u0105 telefonicznych, standaryzowanych wywiad\u00f3w kwestionariuszowych wspomaganych komputerowo (CATI) na pr\u00f3bie badawczej 1,1 tys. doros\u0142ych Polak\u00f3w.<\/p>\n<p class=\"Paragraph_desktopParagraph__U31Gm\">***<\/p>\n<p class=\"Paragraph_desktopParagraph__U31Gm\">Gdyby wybory parlamentarne mia\u0142y odby\u0107 si\u0119 w ostatni\u0105 niedziel\u0119, udzia\u0142 w nich rozwa\u017ca\u0142oby nawet 59,3 proc. Polak\u00f3w. O oddaniu g\u0142osu &#8222;zdecydowanie tak&#8221; m\u00f3wi\u0142o 45,7 proc. ankietowanych, a &#8222;raczej tak&#8221; 13,6 proc.<\/p>\n<p class=\"Paragraph_desktopParagraph__U31Gm\">Wariant &#8222;raczej nie&#8221; wybra\u0142o 19,8 proc. badanych, a &#8222;zdecydowanie nie&#8221; kolejne 14,2 proc. Odpowied\u017a &#8222;nie wiem\/trudno powiedzie\u0107&#8221; wskaza\u0142o 3 proc. os\u00f3b.<\/p>\n<p class=\"VideoPlayerText_videoPlayerText__iDwyz\">Dalszy ci\u0105g materia\u0142u pod wideo<\/p>\n<ul class=\"OchatFollowUps_wrapper__1ry7X\">\n<li class=\"OchatFollowUps_item__Dhyly OchatFollowUps_itemDesktop__R6aBv\">Jakie poparcie ma Prawo i Sprawiedliwo\u015b\u0107 w najnowszym sonda\u017cu?<\/li>\n<li class=\"OchatFollowUps_item__Dhyly OchatFollowUps_itemDesktop__R6aBv\">Kto prowadzi w sonda\u017cu partyjnym IBRiS?<\/li>\n<li class=\"OchatFollowUps_item__Dhyly OchatFollowUps_itemDesktop__R6aBv\">Jakie jest poparcie dla Koalicji Obywatelskiej?<\/li>\n<li class=\"OchatFollowUps_item__Dhyly OchatFollowUps_itemDesktop__R6aBv\">Ile procent Polak\u00f3w rozwa\u017ca udzia\u0142 w wyborach?<\/li>\n<\/ul>\n<p>PiS w kryzysie. Najgorsze wyniki sonda\u017cowe od lat <\/p>\n<p class=\"Paragraph_desktopParagraph__U31Gm\">Ostatnie badania pokazuj\u0105, \u017ce Prawo i Sprawiedliwo\u015b\u0107 prze\u017cywa kryzys poparcia. <a href=\"https:\/\/wiadomosci.onet.pl\/kraj\/tak-zle-nie-bylo-od-13-lat-pis-odnotowuje-kolejny-spadek-poparcia-sondaz\/bb7xwsp\" id=\"c41d70e7-c046-4376-bf66-01ca33bd3e22\" rel=\"nofollow noopener\" target=\"_blank\">Zacz\u0119\u0142o si\u0119 od sonda\u017cu CBOS na pocz\u0105tku listopada<\/a>, w kt\u00f3rym partia osi\u0105gn\u0119\u0142a najs\u0142abszy wynik od 13 lat. <a href=\"https:\/\/wiadomosci.onet.pl\/kraj\/pis-z-coraz-wieksza-strata-do-ko-najslabszy-wynik-od-dziewieciu-lat-sondaz\/4z7f065\" id=\"69c11740-6569-4a5b-ada3-6bc38df533ff\" rel=\"nofollow noopener\" target=\"_blank\">W ostatnim sonda\u017cu Pollstera ugrupowanie spad\u0142o do poziomu niewidzianego przez dziewi\u0119\u0107 lat<\/a>.<\/p>\n<p class=\"Paragraph_desktopParagraph__U31Gm\">Podobne minima PiS osi\u0105ga r\u00f3wnie\u017c w pomiarach IBRiS. <a href=\"https:\/\/wiadomosci.onet.pl\/tylko-w-onecie\/najnowszy-sondaz-partyjny-ko-ucieka-pis-znow-przebija-szklany-sufit\/3e9720s\" id=\"62607571-4786-481f-abb3-3d9fbb714631\" rel=\"nofollow noopener\" target=\"_blank\">W pa\u017adziernikowym sonda\u017cu dla Onetu partia zdoby\u0142a 27,3 proc.<\/a> By\u0142 to jej najgorszy wynik od 10 lat. Najnowsze badanie pokazuje, \u017ce sytuacja nie uleg\u0142a znacz\u0105cej zmianie.<\/p>\n<p>Najnowszy sonda\u017c partyjny: KO powi\u0119ksza przewag\u0119 nad PiS. Koroniarze tu\u017c za podium <\/p>\n<p class=\"Paragraph_desktopParagraph__U31Gm\">Koalicja Obywatelska (KO) zdobywa 31,5 proc. poparcia. To wi\u0119cej o 1 pkt proc. w por\u00f3wnaniu z poprzednim pomiarem. G\u0142os na Prawo i Sprawiedliwo\u015b\u0107 (PiS) deklaruje 27,6 proc. uczestnik\u00f3w sonda\u017cu. Oznacza to wi\u0119cej o 0,3 pkt proc. <\/p>\n<p class=\"Paragraph_desktopParagraph__U31Gm\">R\u00f3\u017cnica mi\u0119dzy ugrupowaniami wzrasta jednak do blisko 4 pkt proc.<\/p>\n<p class=\"Paragraph_desktopParagraph__U31Gm\">Na trzecim miejscu umacnia si\u0119 Konfederacja z wynikiem 14,1 proc. (bez zmian). Niespodziank\u0105 mo\u017ce by\u0107 Konfederacja Korony Polskiej, kt\u00f3ra plasuje si\u0119 na czwartej pozycji z poparciem 7,3 proc. (+1,2 pkt proc.). Lewica spada na pi\u0105te miejsce z 7 proc. (-0,1 pkt proc.) i jest ostatni\u0105 parti\u0105, kt\u00f3rej sonda\u017c daje miejsca w Sejmie. <\/p>\n<p class=\"Paragraph_desktopParagraph__U31Gm\">Poni\u017cej progu wyborczego znajduje si\u0119 Polskie Stronnictwo Ludowe z 3,9 proc. (-0,7 pkt proc.), Partia Razem z 3,6 proc. (+0,7 pkt proc.), a tak\u017ce Polska 2050 z 0,7 proc. (-0,9 pkt proc.).<\/p>\n<p class=\"Paragraph_desktopParagraph__U31Gm\">Odsetek os\u00f3b, kt\u00f3re odpowiadaj\u0105 &#8222;nie wiem\/trudno powiedzie\u0107&#8221; wynosi 4,3 proc., co oznacza mniej o 1,3 pkt proc. ni\u017c w poprzednim sonda\u017cu.<\/p>\n<p>PiS w sonda\u017cach najs\u0142absze od lat. Prof. Dudek: powiem brutalnie <\/p>\n<p class=\"Paragraph_desktopParagraph__U31Gm\">\u2014 Koalicja Obywatelska mocno os\u0142abi\u0142a swoich sojusznik\u00f3w i zassa\u0142a ich poparcie. W przypadku PiS jest odwrotnie. Oni maj\u0105 armi\u0119 umiarkowanie sojusznicz\u0105 w postaci Konfederacji, kt\u00f3ra z nich wysysa zapasy \u2014 tak dla Onetu komentowa\u0142 najnowsze sonda\u017ce prof. Antoni Dudek. <\/p>\n<p class=\"Paragraph_desktopParagraph__U31Gm\">\u2014 Dop\u00f3ki na czele PiS stoi polityk ko\u0142o osiemdziesi\u0105tki, dop\u00f3ty nie b\u0119dzie \u017cadnej zmiany. Prezes Kaczy\u0144ski odstr\u0119cza m\u0142odych prawicowych wyborc\u00f3w \u2014 oceni\u0142 politolog.<\/p>\n","protected":false},"excerpt":{"rendered":"Du\u017co czytania, a ma\u0142o czasu? Sprawd\u017a\u00a0skr\u00f3t\u00a0artyku\u0142u Sonda\u017c Instytutu Bada\u0144 Rynkowych i Spo\u0142ecznych (IBRiS) dla Onetu zosta\u0142 zrealizowany w&hellip;\n","protected":false},"author":2,"featured_media":111263,"comment_status":"","ping_status":"","sticky":false,"template":"","format":"standard","meta":{"footnotes":""},"categories":[12],"tags":[32,33,36,37,66,27,67,1119,7225,867,34,35,4463,28,31,53,25,52,68,51,7212,55,42,38,40,39,4736,41,868,4735,47,366,1129,29,30,50,26],"class_list":{"0":"post-111262","1":"post","2":"type-post","3":"status-publish","4":"format-standard","5":"has-post-thumbnail","7":"category-polska","8":"tag-breaking-news","9":"tag-breakingnews","10":"tag-featured-news","11":"tag-featurednews","12":"tag-give_me_perspective","13":"tag-headlines","14":"tag-intextvideo_splayer","15":"tag-koalicja_obywatelska_ko","16":"tag-konfederacja_korony_polskiej_partia_polityczna","17":"tag-konfederacja_partia_polityczna","18":"tag-latest-news","19":"tag-latestnews","20":"tag-lewica","21":"tag-naglowki","22":"tag-najwazniejsze-artykuly","23":"tag-new_header","24":"tag-news","25":"tag-onet3","26":"tag-onet3d","27":"tag-onet3d_2i","28":"tag-partia_razem","29":"tag-phx","30":"tag-pl","31":"tag-poland","32":"tag-polish","33":"tag-polska","34":"tag-polska_2050_ruch_polityczny","35":"tag-polski","36":"tag-prawo_i_sprawiedliwosc_pis","37":"tag-psl_polskie_stronnictwo_ludowe","38":"tag-screening_general","39":"tag-sondaz","40":"tag-sondaze_sondaz","41":"tag-top-stories","42":"tag-topstories","43":"tag-v2021","44":"tag-wiadomosci"},"share_on_mastodon":{"url":"","error":"Validation failed: Text character limit of 500 exceeded"},"_links":{"self":[{"href":"https:\/\/www.europesays.com\/pl\/wp-json\/wp\/v2\/posts\/111262","targetHints":{"allow":["GET"]}}],"collection":[{"href":"https:\/\/www.europesays.com\/pl\/wp-json\/wp\/v2\/posts"}],"about":[{"href":"https:\/\/www.europesays.com\/pl\/wp-json\/wp\/v2\/types\/post"}],"author":[{"embeddable":true,"href":"https:\/\/www.europesays.com\/pl\/wp-json\/wp\/v2\/users\/2"}],"replies":[{"embeddable":true,"href":"https:\/\/www.europesays.com\/pl\/wp-json\/wp\/v2\/comments?post=111262"}],"version-history":[{"count":0,"href":"https:\/\/www.europesays.com\/pl\/wp-json\/wp\/v2\/posts\/111262\/revisions"}],"wp:featuredmedia":[{"embeddable":true,"href":"https:\/\/www.europesays.com\/pl\/wp-json\/wp\/v2\/media\/111263"}],"wp:attachment":[{"href":"https:\/\/www.europesays.com\/pl\/wp-json\/wp\/v2\/media?parent=111262"}],"wp:term":[{"taxonomy":"category","embeddable":true,"href":"https:\/\/www.europesays.com\/pl\/wp-json\/wp\/v2\/categories?post=111262"},{"taxonomy":"post_tag","embeddable":true,"href":"https:\/\/www.europesays.com\/pl\/wp-json\/wp\/v2\/tags?post=111262"}],"curies":[{"name":"wp","href":"https:\/\/api.w.org\/{rel}","templated":true}]}}