{"id":111264,"date":"2025-11-21T05:20:12","date_gmt":"2025-11-21T05:20:12","guid":{"rendered":"https:\/\/www.europesays.com\/pl\/111264\/"},"modified":"2025-11-21T05:20:12","modified_gmt":"2025-11-21T05:20:12","slug":"cihan-uratuje-zeynep-plan-bahar-dziala-kuzey-znajduje-nieprzytomna-sile-telemagazyn","status":"publish","type":"post","link":"https:\/\/www.europesays.com\/pl\/111264\/","title":{"rendered":"Cihan uratuje Zeynep? Plan Bahar dzia\u0142a: Kuzey znajduje nieprzytomn\u0105 Sil\u0119! &#8211; Telemagazyn"},"content":{"rendered":"<ol>\n<li><a href=\"https:\/\/news.google.com\/rss\/articles\/CBMi-wFBVV95cUxNLXY3QVR2d21mNEE4SzZFMHN5emVWcFFZNzZsaExldmFVcWk0Nm1ud1I0emlxVmxaWjlseUZiRENlZVlfYTN5aTRWTnVRMG5fUXZJSm45OHBOYnlINk1QX1Z3YlpoRE16X091M0wyeEJHUzl3RERxVHJ4UzE1YVRnX29kQ01oR0Y2enNDa3VtQmFBMHhNUXZGRlp2bEdJR1VVZ1VNcVJkLU40WnVTaE8xSDI2MVZLbTk3M0N0NlNXR1JrZTVGUEw1QjhKWWdhX19tQjlNS1E2TTc0ZFZmNnNUVzMxbU1lZjRON0FHSHBzTHlzaHRPWFVoeHhVNA?oc=5\" target=\"_blank\" rel=\"nofollow noopener\">Cihan uratuje Zeynep? Plan Bahar dzia\u0142a: Kuzey znajduje nieprzytomn\u0105 Sil\u0119!<\/a>&nbsp;&nbsp;Telemagazyn<\/li>\n<li><a href=\"https:\/\/news.google.com\/rss\/articles\/CBMirAFBVV95cUxPMld0TjZMSWRhTDI1NTNPb0RPdFJiOFpGc3MtN2lDTV9MaUZRLTVWRDY0TG9zcjhSWmlmWHlkSy1HYmpOcVNGSERUTFRuQ0gxRXFLeURmYkdQNFZUbnQ5cElqU1l4OHAydXc1bkVIcjRFN2VwOFFjRFhxLWJCeERrOU9VTnFNSjIwQ2pVVF9Gck95N19WWDBuc0ZhSXlBVzdDaGNCSDZLUFZZa1U5?oc=5\" target=\"_blank\" rel=\"nofollow noopener\">\u201eMi\u0142o\u015b\u0107 i nadzieja\u201d. Odcinek 334. Desperacka decyzja Bahar<\/a>&nbsp;&nbsp;TVP<\/li>\n<li><a href=\"https:\/\/news.google.com\/rss\/articles\/CBMitwFBVV95cUxPWlFhQzU0VXJvZHJZTTVxNU1KVG1FUjI1UzVJQl9tT1RzTTBMRXktaUF3UjU4NFRadVl4cnJOSHJVTHd5UjB6X0pzT1JBU1JsVVhDZzNkMUx5bDFUbXJGUW5CODVlQUdtd1VSQjdkRGlMVzFGcUhDRzRFdlUxT0xpSnpaNEVPc0NiU29iVHh6UXJJTU9lY1VBRkFqdWVGQ0xmdlVLdlJvb05kWDdYa1ljczJsTnV0Rk0?oc=5\" target=\"_blank\" rel=\"nofollow noopener\">&#8222;Mi\u0142o\u015b\u0107 i nadzieja&#8221;, odcinek 335. Co wydarzy si\u0119 w serialu?<\/a>&nbsp;&nbsp;Kultura Onet<\/li>\n<li><a href=\"https:\/\/news.google.com\/rss\/articles\/CBMi3wFBVV95cUxPbnhGSjAyY1dwUzdWWm1nWGR2dzBRb1ZnX3czRURWU2dHTVhTek96NnpyMWl2QXAzWm91elYxTWFSZ0JkOEtiZld1REljbG9hTEtFTm53aGRYY2V3Q00td3I5Zm9RaWNQV3poelgtYnVJX1ZJMV8yYWtTYW5faW03VWRweS1iakVVX1NSTl9IdU55N2c3Z2hqMkk3ajljZU9iNEh6VTJaVUcxUUFvaE9FcncyOE1ELThWaDdpQ3RoTXBkZ3ZWUWc2bmpSalFlSU1iclVBdjNQbVZFTE91VDRF?oc=5\" target=\"_blank\" rel=\"nofollow noopener\">&#8222;Mi\u0142o\u015b\u0107 i nadzieja&#8221;: widzowie krytykuj\u0105 dzisiejszy odcinek. Maj\u0105 do\u015b\u0107 Bahar<\/a>&nbsp;&nbsp;swiatseriali.interia.pl<\/li>\n<li><a href=\"https:\/\/news.google.com\/rss\/articles\/CBMi5wFBVV95cUxPLUI3d1FjT3V1R2NaMk5wNnZTRlFBWEdVRHNBS2ROS1dfSXlvay13WHZnT2ZkSGZ2Q3lmM2JmNUpFZGVDbWc3YlhRd1hKYzJUYzF1cUd2djItLUtPU0M1U0ZEX0lPS2UxUi13c2laQm1mMGIzVFBVMHl3YTdDa01VVm1LNTFqSEE2MkphTkVkRy1KUVpHYi00eDZiaE1kdmhEN1JwVzBhWG1PLUZiZ3I0Wjl6MTUtUU1zV1JFZVNzVEFzcGlRSkVHX2doRUZPQ0N1SkFDVGRyeVNNZlEyNjhNa0RqdnpDSms?oc=5\" target=\"_blank\" rel=\"nofollow noopener\">Mi\u0142o\u015b\u0107 i nadzieja, odcinek 338: Zar\u0119czyny Sili i Kuzeya. I tak nie pozb\u0119d\u0105 si\u0119 Bahar? &#8211; ZDJ\u0118CIA<\/a>&nbsp;&nbsp;Super Seriale<\/li>\n<\/ol>\n","protected":false},"excerpt":{"rendered":"Cihan uratuje Zeynep? Plan Bahar dzia\u0142a: Kuzey znajduje nieprzytomn\u0105 Sil\u0119!&nbsp;&nbsp;Telemagazyn \u201eMi\u0142o\u015b\u0107 i nadzieja\u201d. Odcinek 334. Desperacka decyzja Bahar&nbsp;&nbsp;TVP&hellip;\n","protected":false},"author":2,"featured_media":60432,"comment_status":"","ping_status":"","sticky":false,"template":"","format":"standard","meta":{"footnotes":""},"categories":[22],"tags":[122,42,38,40,39,41,123],"class_list":{"0":"post-111264","1":"post","2":"type-post","3":"status-publish","4":"format-standard","5":"has-post-thumbnail","7":"category-rozrywka","8":"tag-entertainment","9":"tag-pl","10":"tag-poland","11":"tag-polish","12":"tag-polska","13":"tag-polski","14":"tag-rozrywka"},"share_on_mastodon":{"url":"https:\/\/pubeurope.com\/@pl\/115586008537297796","error":""},"_links":{"self":[{"href":"https:\/\/www.europesays.com\/pl\/wp-json\/wp\/v2\/posts\/111264","targetHints":{"allow":["GET"]}}],"collection":[{"href":"https:\/\/www.europesays.com\/pl\/wp-json\/wp\/v2\/posts"}],"about":[{"href":"https:\/\/www.europesays.com\/pl\/wp-json\/wp\/v2\/types\/post"}],"author":[{"embeddable":true,"href":"https:\/\/www.europesays.com\/pl\/wp-json\/wp\/v2\/users\/2"}],"replies":[{"embeddable":true,"href":"https:\/\/www.europesays.com\/pl\/wp-json\/wp\/v2\/comments?post=111264"}],"version-history":[{"count":0,"href":"https:\/\/www.europesays.com\/pl\/wp-json\/wp\/v2\/posts\/111264\/revisions"}],"wp:featuredmedia":[{"embeddable":true,"href":"https:\/\/www.europesays.com\/pl\/wp-json\/wp\/v2\/media\/60432"}],"wp:attachment":[{"href":"https:\/\/www.europesays.com\/pl\/wp-json\/wp\/v2\/media?parent=111264"}],"wp:term":[{"taxonomy":"category","embeddable":true,"href":"https:\/\/www.europesays.com\/pl\/wp-json\/wp\/v2\/categories?post=111264"},{"taxonomy":"post_tag","embeddable":true,"href":"https:\/\/www.europesays.com\/pl\/wp-json\/wp\/v2\/tags?post=111264"}],"curies":[{"name":"wp","href":"https:\/\/api.w.org\/{rel}","templated":true}]}}