{"id":111267,"date":"2025-11-21T05:26:09","date_gmt":"2025-11-21T05:26:09","guid":{"rendered":"https:\/\/www.europesays.com\/pl\/111267\/"},"modified":"2025-11-21T05:26:09","modified_gmt":"2025-11-21T05:26:09","slug":"polski-klub-chce-kamila-grosickiego-sensacyjne-wiesci-od-borka","status":"publish","type":"post","link":"https:\/\/www.europesays.com\/pl\/111267\/","title":{"rendered":"Polski klub chce Kamila Grosickiego! Sensacyjne wie\u015bci od Borka"},"content":{"rendered":"<p>Mateusz Borek przekaza\u0142 sensacyjne informacje na temat Kamila Grosickiego. O kapitana Pogoni Szczecin ma zabiega\u0107 inny klub Ekstraklasy.<\/p>\n<p>Grosicki jest zwi\u0105zany z &#8222;Portowcami&#8221; nieprzerwanie od sierpnia 2021 roku. Jego kontrakt obowi\u0105zuje tylko do ko\u0144ca czerwca. Co prawda w\u0142adze Pogoni zapowiada\u0142y, \u017ce chc\u0105 przed\u0142u\u017cy\u0107 umow\u0119, ale wci\u0105\u017c w tej sprawie nie zapad\u0142y \u017cadne wi\u0105\u017c\u0105ce ustalenia.<\/p>\n<p>Dalsza cz\u0119\u015b\u0107 tekstu pod wideo<\/p>\n<p>Cho\u0107 obecnie trudno wyobrazi\u0107 sobie Grosickiego w innym polskim klubie, to wygl\u0105da na to, \u017ce jeden z nich podj\u0105\u0142 \u015bmia\u0142\u0105 pr\u00f3b\u0119 sprowadzenia do\u015bwiadczonego pi\u0142karza. Mateusz Borek wyja\u015bni\u0142, \u017ce chodzi o Widzew \u0141\u00f3d\u017a.<\/p>\n<p>&#8211; Dosz\u0142o do spotkania Tana Keslera z Kamilem Grosickim w sprawie przed\u0142u\u017cenia kontraktu. Natomiast bardzo mocno zaatakowa\u0142 dyrektor sportowy Widzewa \u0141\u00f3d\u017a \u2013 Dariusz Adamczuk &#8211; poinformowa\u0142 Borek w Kanale Sportowym.<\/p>\n<p>&#8211; Widzew chce Kamila Grosickiego. Albo teraz i kontrakt p\u00f3\u0142 roku plus dwa lata, albo po sezonie za darmo, je\u015bli nie dojdzie do porozumienia Kamila z Pogoni\u0105. Grosicki chce od niej dwuletni kontrakt \u2013 doda\u0142..<\/p>\n<p>Adamczuk niedawno m\u00f3wi\u0142, \u017ce priorytetem Widzewa na zimowe okno transferowe b\u0119dzie sprowadzenie Polak\u00f3w. Mieliby to by\u0107 zawodnicy ocieraj\u0105cy si\u0119 o reprezentacj\u0119 Polski i maj\u0105cy do\u015bwiadczenie z lig zagranicznych. Grosicki oczywi\u015bcie spe\u0142nia te wymogi.<\/p>\n<p>37-latek w tym sezonie rozegra\u0142 pi\u0119tna\u015bcie mecz\u00f3w w Ekstraklasie. Strzeli\u0142 w nich sze\u015b\u0107 goli i zanotowa\u0142 cztery asysty.<\/p>\n","protected":false},"excerpt":{"rendered":"Mateusz Borek przekaza\u0142 sensacyjne informacje na temat Kamila Grosickiego. O kapitana Pogoni Szczecin ma zabiega\u0107 inny klub Ekstraklasy.&hellip;\n","protected":false},"author":2,"featured_media":111268,"comment_status":"","ping_status":"","sticky":false,"template":"","format":"standard","meta":{"footnotes":""},"categories":[24],"tags":[42,38,40,39,41,127,126],"class_list":{"0":"post-111267","1":"post","2":"type-post","3":"status-publish","4":"format-standard","5":"has-post-thumbnail","7":"category-sport","8":"tag-pl","9":"tag-poland","10":"tag-polish","11":"tag-polska","12":"tag-polski","13":"tag-sport","14":"tag-sports"},"share_on_mastodon":{"url":"https:\/\/pubeurope.com\/@pl\/115586032239039596","error":""},"_links":{"self":[{"href":"https:\/\/www.europesays.com\/pl\/wp-json\/wp\/v2\/posts\/111267","targetHints":{"allow":["GET"]}}],"collection":[{"href":"https:\/\/www.europesays.com\/pl\/wp-json\/wp\/v2\/posts"}],"about":[{"href":"https:\/\/www.europesays.com\/pl\/wp-json\/wp\/v2\/types\/post"}],"author":[{"embeddable":true,"href":"https:\/\/www.europesays.com\/pl\/wp-json\/wp\/v2\/users\/2"}],"replies":[{"embeddable":true,"href":"https:\/\/www.europesays.com\/pl\/wp-json\/wp\/v2\/comments?post=111267"}],"version-history":[{"count":0,"href":"https:\/\/www.europesays.com\/pl\/wp-json\/wp\/v2\/posts\/111267\/revisions"}],"wp:featuredmedia":[{"embeddable":true,"href":"https:\/\/www.europesays.com\/pl\/wp-json\/wp\/v2\/media\/111268"}],"wp:attachment":[{"href":"https:\/\/www.europesays.com\/pl\/wp-json\/wp\/v2\/media?parent=111267"}],"wp:term":[{"taxonomy":"category","embeddable":true,"href":"https:\/\/www.europesays.com\/pl\/wp-json\/wp\/v2\/categories?post=111267"},{"taxonomy":"post_tag","embeddable":true,"href":"https:\/\/www.europesays.com\/pl\/wp-json\/wp\/v2\/tags?post=111267"}],"curies":[{"name":"wp","href":"https:\/\/api.w.org\/{rel}","templated":true}]}}