{"id":111294,"date":"2025-11-21T06:02:11","date_gmt":"2025-11-21T06:02:11","guid":{"rendered":"https:\/\/www.europesays.com\/pl\/111294\/"},"modified":"2025-11-21T06:02:11","modified_gmt":"2025-11-21T06:02:11","slug":"goldie-hawn-obchodzi-80-urodziny-ikona-hollywood-i-jej-niezwykla-kariera","status":"publish","type":"post","link":"https:\/\/www.europesays.com\/pl\/111294\/","title":{"rendered":"Goldie Hawn obchodzi 80. urodziny. Ikona Hollywood i jej niezwyk\u0142a kariera"},"content":{"rendered":"<p class=\"ods-c-paragraph \">Opr\u00f3cz sukces\u00f3w zawodowych, Goldie Hawn jest matk\u0105 aktorki Kate Hudson i aktora Olivera Hudsona, a tak\u017ce od lat zwi\u0105zana jest z Kurtem Russellem. Jej \u017cycie prywatne i zawodowe nieustannie wzbudza zainteresowanie medi\u00f3w i fan\u00f3w na ca\u0142ym \u015bwiecie.<\/p>\n<p> Kiedy Goldie Hawn obchodzi swoje urodziny? <\/p>\n<p> Jak\u0105 rol\u0119 zagra\u0142a Goldie Hawn w swoim debiutanckim filmie? <\/p>\n<p> Ile wnucz\u0105t ma Goldie Hawn? <\/p>\n<p> Z jakiego powodu Goldie Hawn przerwa\u0142a karier\u0119 aktorsk\u0105 w latach 90-tych? <\/p>\n<p>  <img decoding=\"async\" src=\"https:\/\/www.europesays.com\/pl\/wp-content\/uploads\/2025\/11\/lpWk9lBaHR0cHM6Ly9vY2RuLmV1L3B1bHNjbXMvTURBXy81NmI3NmE4MzgxMWUwZDM0NTgyM2M1MzNhOWQ4OGFkMS5qcGeSlQMAA.jpeg\" height=\"529\" width=\"940\" alt=\"Goldie Hawn w 1970 r.\" loading=\"lazy\" class=\"ods-c-image__img ods-c-image__img--vertical\"\/><\/p>\n<p>Goldie Hawn w 1970 r.Pictorial Press Ltd \/ Alamy Stock Photo \/ PAP<\/p>\n<p class=\"ods-c-paragraph \">Hawn przysz\u0142a na \u015bwiat 21 listopada 1945 r. w Waszyngtonie jako c\u00f3rka Laury, w\u0142a\u015bcicielki szko\u0142y ta\u0144ca, oraz Edwarda Hawn, dyrygenta. Ma starsz\u0105 siostr\u0119 Patti, kt\u00f3ra pracuje jako publicystka rozrywkowa. W wywiadzie dla magazynu Interview z 2017 r. Hawn wspomina\u0142a, \u017ce rodzice byli dla niej wsparciem, ale jednocze\u015bnie stawiali wysokie wymagania, zar\u00f3wno w \u015bpiewie, jak i ta\u0144cu.<\/p>\n<p class=\"ods-c-paragraph \">Ju\u017c jako trzylatka rozpocz\u0119\u0142a nauk\u0119 baletu, a w wieku dziesi\u0119ciu lat wyst\u0119powa\u0142a w ch\u00f3rze Ballets Russes de Monte Carlo w &#8222;Dziadku do orzech\u00f3w&#8221;. Po rezygnacji z American University w wieku 19 lat, zacz\u0119\u0142a uczy\u0107 baletu w szkole tanecznej. Jej debiut jako profesjonalnej tancerki mia\u0142 miejsce na \u015awiatowych Targach w Nowym Jorku. P\u00f3\u017aniej podr\u00f3\u017cowa\u0142a po kraju, wyst\u0119puj\u0105c w teatrach i ta\u0144cz\u0105c w r\u00f3\u017cnych miejscach, m.in. w Puerto Rico, New Jersey i Los Angeles. Wyst\u0119py telewizyjne otworzy\u0142y jej drzwi do kariery aktorskiej, gdy agent zaproponowa\u0142 jej kontrakt.<\/p>\n<p>   Pierwsze kroki w aktorstwie<\/p>\n<p class=\"ods-c-paragraph \">Kariera aktorska Goldie Hawn rozpocz\u0119\u0142a si\u0119 w 1967 r. od roli Sandy Kramer w sitcomie &#8222;Good Morning World&#8221;. Po zako\u0144czeniu serialu w 1968 r. znalaz\u0142a si\u0119 w sta\u0142ej obsadzie programu komediowego &#8222;Rowan &amp; Martin&#8217;s Laugh-In&#8221;, gdzie wciela\u0142a si\u0119 w stereotypow\u0105 &#8222;g\u0142upi\u0105 blondynk\u0119&#8221;. W rozmowie z &#8222;Variety&#8221; w 2023 r. Hawn opowiada\u0142a, \u017ce by\u0142a pytana o wp\u0142yw tej roli na wizerunek kobiet d\u0105\u017c\u0105cych do niezale\u017cno\u015bci. Aktorka podkre\u015bla\u0142a, \u017ce &#8222;czu\u0142a si\u0119 ju\u017c wyzwolona, mimo odgrywania takiej postaci&#8221;.<\/p>\n<p class=\"ods-c-paragraph \">Za rol\u0119 Toni Simmons w &#8222;Kwiecie kaktusa&#8221; z 1969 r. Goldie Hawn zdoby\u0142a zar\u00f3wno Z\u0142oty Glob, jak i Oscara dla najlepszej aktorki drugoplanowej. Nie by\u0142a jednak obecna na ceremonii wr\u0119czenia nagrody, kt\u00f3r\u0105 przekaza\u0142 jej Fred Astaire. W wywiadzie dla &#8222;Variety&#8221; Hawn przyzna\u0142a, \u017ce \u017ca\u0142uje nieobecno\u015bci na gali i wyrazi\u0142a \u017cal, \u017ce nie mog\u0142a osobi\u015bcie odebra\u0107 statuetki.<\/p>\n<p><img decoding=\"async\" src=\"https:\/\/www.europesays.com\/pl\/wp-content\/uploads\/2025\/11\/oXmk9lBaHR0cHM6Ly9vY2RuLmV1L3B1bHNjbXMvTURBXy9jNWNlOTc2M2M5NmYwYTQyMWE3MzViM2FjODQ2MjMxZC5qcGeRlQLNA.jpeg\" height=\"529\" width=\"940\" alt=\"Goldie Hawn w 1987 r.\" loading=\"lazy\" class=\"ods-c-image__img ods-c-image__img--vertical\"\/><\/p>\n<p>Goldie Hawn w 1987 r.Entertainment Pictures \/ Alamy Stock Photo \/ PAP<\/p>\n<p class=\"ods-c-paragraph \">W latach 90-tych Hawn zagra\u0142a w kilku filmach, w tym w &#8222;Ze \u015bmierci\u0105 jej do twarzy&#8221; u boku Meryl Streep. Nast\u0119pnie zrobi\u0142a sobie czteroletni\u0105 przerw\u0119, by opiekowa\u0107 si\u0119 chor\u0105 matk\u0105. Powr\u00f3ci\u0142a jako producentka filmu &#8222;Mi\u0142osna rozgrywka&#8221; z 1995 r., a tak\u017ce zadebiutowa\u0142a jako re\u017cyserka telewizyjnego filmu &#8222;Hope&#8221;. W 1996 r. wyst\u0105pi\u0142a w &#8222;Zmowie pierwszych \u017con&#8221; u boku Diane Keaton i Bette Midler.<\/p>\n<p class=\"ods-c-paragraph \">Na pocz\u0105tku XXI w. artystka zdecydowa\u0142a si\u0119 wycofa\u0107 z aktorstwa, by za\u0142o\u017cy\u0107 w\u0142asn\u0105 fundacj\u0119. W 2003 r. powsta\u0142a Fundacja Goldie Hawn, kt\u00f3rej celem jest wspieranie dzieci. Stworzony przez ni\u0105 program MindUP dotar\u0142 ju\u017c do sze\u015bciu milion\u00f3w dzieci w 13 krajach. W rozmowie z magazynem &#8222;Forbes&#8221; w 2013 r. Hawn podkre\u015bla\u0142a, \u017ce praca nad fundacj\u0105 wymaga\u0142a od niej ogromnego zaanga\u017cowania, ale przynosi\u0142a te\u017c &#8222;wiele satysfakcji i dumy, widz\u0105c pozytywny wp\u0142yw na dzieci&#8221;.<\/p>\n<p>   Powr\u00f3t na ekran i bliskie relacje rodzinne<\/p>\n<p class=\"ods-c-paragraph \">Do aktorstwa wr\u00f3ci\u0142a w komedii &#8222;Snatched&#8221; z Amy Schumer w 2017 r. W jednym z wywiad\u00f3w t\u0142umaczy\u0142a, \u017ce po pi\u0119\u0107dziesi\u0105tce zastanawia\u0142a si\u0119, co dalej robi\u0107. &#8222;Chcia\u0142am gdzie\u015b zamieszka\u0107 na jaki\u015b czas, uczy\u0107 si\u0119 archeologii albo w jaki\u015b spos\u00f3b przyczyni\u0107 si\u0119 do uzdrowienia \u015bwiata. Nigdy nie ogl\u0105da\u0142am si\u0119 za siebie&#8221; \u2014 przyzna\u0142a.<\/p>\n<p><img decoding=\"async\" src=\"https:\/\/www.europesays.com\/pl\/wp-content\/uploads\/2025\/11\/5r_k9lBaHR0cHM6Ly9vY2RuLmV1L3B1bHNjbXMvTURBXy8yZDdhMWU0MTBjOWJhYTUxYWZmZmVlODU1MzgwZTE2My5qcGeSlQMAA.jpeg\" height=\"850\" width=\"940\" alt=\"Goldie Hawn z partnerem, Kurtem Russelem i dzie\u0107mi, Kate i Olivierem\" loading=\"lazy\" class=\"ods-c-image__img ods-c-image__img--viewport-width\"\/><\/p>\n<p>Goldie Hawn z partnerem, Kurtem Russelem i dzie\u0107mi, Kate i OlivieremBRENDAN MCDERMID \/ PAP<\/p>\n<p class=\"ods-c-paragraph \">Goldie Hawn utrzymuje bliskie relacje z dzie\u0107mi: Oliverem, Kate i Wyattem, a tak\u017ce z Bostonem, synem Russella z poprzedniego ma\u0142\u017ce\u0144stwa. W ok\u0142adkowym wywiadzie dla magazynu &#8222;People&#8221; z 2017 r. aktorka okre\u015bli\u0142a swoje dzieci jako &#8222;prezenty&#8221; i podkre\u015bli\u0142a, \u017ce Oliver jest wyj\u0105tkowym ojcem, aktorem i cz\u0142owiekiem. Z okazji 45. urodzin Kate, Hawn opublikowa\u0142a na Instagramie pe\u0142en czu\u0142o\u015bci wpis, w kt\u00f3rym wymieni\u0142a osi\u0105gni\u0119cia c\u00f3rki i zach\u0119ca\u0142a j\u0105 do dalszego rozwoju.<\/p>\n<p class=\"ods-c-paragraph \">Aktorka jest babci\u0105 o\u015bmiorga wnucz\u0105t: troje od Kate, troje od Olivera i dwoje od Wyatta. W rozmowie z &#8222;Today&#8221; Hawn przyzna\u0142a, \u017ce rola babci daje jej wiele rado\u015bci, cho\u0107 nie uwa\u017ca si\u0119 za szefow\u0105 rodziny. Podkre\u015bla, \u017ce jej zadaniem jest &#8222;zapewnienie wnukom szcz\u0119\u015bcia i wsparcia, kiedy tego potrzebuj\u0105&#8221;.<\/p>\n","protected":false},"excerpt":{"rendered":"Opr\u00f3cz sukces\u00f3w zawodowych, Goldie Hawn jest matk\u0105 aktorki Kate Hudson i aktora Olivera Hudsona, a tak\u017ce od lat&hellip;\n","protected":false},"author":2,"featured_media":111295,"comment_status":"","ping_status":"","sticky":false,"template":"","format":"standard","meta":{"footnotes":""},"categories":[22],"tags":[122,24401,24402,919,48,46,42,38,40,39,41,123,47,6493,26],"class_list":{"0":"post-111294","1":"post","2":"type-post","3":"status-publish","4":"format-standard","5":"has-post-thumbnail","7":"category-rozrywka","8":"tag-entertainment","9":"tag-goldie_hawn","10":"tag-kurt_russell","11":"tag-najnowsze_wiadomosci_kultura","12":"tag-nat_styl","13":"tag-omp","14":"tag-pl","15":"tag-poland","16":"tag-polish","17":"tag-polska","18":"tag-polski","19":"tag-rozrywka","20":"tag-screening_general","21":"tag-urodziny","22":"tag-wiadomosci"},"share_on_mastodon":{"url":"https:\/\/pubeurope.com\/@pl\/115586173970350506","error":""},"_links":{"self":[{"href":"https:\/\/www.europesays.com\/pl\/wp-json\/wp\/v2\/posts\/111294","targetHints":{"allow":["GET"]}}],"collection":[{"href":"https:\/\/www.europesays.com\/pl\/wp-json\/wp\/v2\/posts"}],"about":[{"href":"https:\/\/www.europesays.com\/pl\/wp-json\/wp\/v2\/types\/post"}],"author":[{"embeddable":true,"href":"https:\/\/www.europesays.com\/pl\/wp-json\/wp\/v2\/users\/2"}],"replies":[{"embeddable":true,"href":"https:\/\/www.europesays.com\/pl\/wp-json\/wp\/v2\/comments?post=111294"}],"version-history":[{"count":0,"href":"https:\/\/www.europesays.com\/pl\/wp-json\/wp\/v2\/posts\/111294\/revisions"}],"wp:featuredmedia":[{"embeddable":true,"href":"https:\/\/www.europesays.com\/pl\/wp-json\/wp\/v2\/media\/111295"}],"wp:attachment":[{"href":"https:\/\/www.europesays.com\/pl\/wp-json\/wp\/v2\/media?parent=111294"}],"wp:term":[{"taxonomy":"category","embeddable":true,"href":"https:\/\/www.europesays.com\/pl\/wp-json\/wp\/v2\/categories?post=111294"},{"taxonomy":"post_tag","embeddable":true,"href":"https:\/\/www.europesays.com\/pl\/wp-json\/wp\/v2\/tags?post=111294"}],"curies":[{"name":"wp","href":"https:\/\/api.w.org\/{rel}","templated":true}]}}