{"id":111314,"date":"2025-11-21T06:41:12","date_gmt":"2025-11-21T06:41:12","guid":{"rendered":"https:\/\/www.europesays.com\/pl\/111314\/"},"modified":"2025-11-21T06:41:12","modified_gmt":"2025-11-21T06:41:12","slug":"holenderskie-patrioty-w-drodze-do-polski-maja-szczegolne-zadanie","status":"publish","type":"post","link":"https:\/\/www.europesays.com\/pl\/111314\/","title":{"rendered":"Holenderskie Patrioty w drodze do Polski. Maj\u0105 szczeg\u00f3lne zadanie"},"content":{"rendered":"<ul class=\"UnorderedList_container__nmfSl\">\n<li class=\"UnorderedList_listElement__Py7xi\" data-id=\"ai-summary-link\">Du\u017co czytania, a ma\u0142o czasu? Sprawd\u017a\u00a0skr\u00f3t\u00a0artyku\u0142u<\/li>\n<\/ul>\n<p class=\"Paragraph_desktopParagraph__U31Gm\">Holandia rozpocz\u0119\u0142a w tym tygodniu przerzut oko\u0142o 300 \u017co\u0142nierzy oraz dw\u00f3ch system\u00f3w obrony przeciwlotniczej i przeciwrakietowej Patriot do Polski. Zgodnie z zapowiedzi\u0105 ministra Brekelmansa holenderski kontyngent osi\u0105gnie pe\u0142n\u0105 gotowo\u015b\u0107 1 grudnia i b\u0119dzie dzia\u0142a\u0142 do 1 czerwca 2026 r. Celem misji jest ochrona natowskiego w\u0119z\u0142a logistycznego, przez kt\u00f3ry przechodzi pomoc dla Ukrainy.<\/p>\n<p class=\"VideoPlayerText_videoPlayerText__iDwyz\">Dalszy ci\u0105g materia\u0142u pod wideo<\/p>\n<p class=\"Paragraph_desktopParagraph__U31Gm\">Na miejscu pracuj\u0105 ju\u017c kwatermistrzowie przygotowuj\u0105cy teren pod tymczasow\u0105 baz\u0119. W kolejnych tygodniach do\u0142\u0105cz\u0105 operatorzy system\u00f3w, kt\u00f3rzy przejm\u0105 nadz\u00f3r nad polsk\u0105 przestrzeni\u0105 powietrzn\u0105. Za przygotowanie komponentu Patriot odpowiada dow\u00f3dca jednostki DGLC, pu\u0142kownik Olav Spanjer. Nie potwierdzono, czy pe\u0142ni on funkcj\u0119 dow\u00f3dcy ca\u0142ej misji.<\/p>\n<ul class=\"OchatFollowUps_wrapper__1ry7X\">\n<li class=\"OchatFollowUps_item__Dhyly OchatFollowUps_itemDesktop__R6aBv\">Ile \u017co\u0142nierzy Holandia wysy\u0142a do Polski?<\/li>\n<li class=\"OchatFollowUps_item__Dhyly OchatFollowUps_itemDesktop__R6aBv\">Kiedy holenderski kontyngent osi\u0105gnie pe\u0142n\u0105 gotowo\u015b\u0107?<\/li>\n<li class=\"OchatFollowUps_item__Dhyly OchatFollowUps_itemDesktop__R6aBv\">Jakie systemy zostan\u0105 wys\u0142ane do Polski?<\/li>\n<li class=\"OchatFollowUps_item__Dhyly OchatFollowUps_itemDesktop__R6aBv\">Jak d\u0142ugo b\u0119dzie trwa\u0142a misja holenderskich \u017co\u0142nierzy w Polsce?<\/li>\n<\/ul>\n<p>Napi\u0119cie w regionie ro\u015bnie. Holenderski minister obrony zabra\u0142 g\u0142os <\/p>\n<p class=\"Paragraph_desktopParagraph__U31Gm\">Spanjer podkre\u015bli\u0142 w rozmowie z regionalnym nadawc\u0105 Omroep Brabant, \u017ce napi\u0119cie w regionie ro\u015bnie, a ostatnie rosyjskie ataki na zachodni\u0105 Ukrain\u0119 doprowadzi\u0142y do poderwania polskich my\u015bliwc\u00f3w i czasowego zamkni\u0119cia lotnisk.<\/p>\n<p class=\"Paragraph_desktopParagraph__U31Gm\">\u2014 Mamy nadziej\u0119, \u017ce nigdy nie b\u0119dziemy musieli u\u017cy\u0107 Patriot\u00f3w \u2014 to oznacza\u0142oby, \u017ce sytuacja naprawd\u0119 wymkn\u0119\u0142a si\u0119 spod kontroli \u2014 powiedzia\u0142. Doda\u0142, \u017ce obserwowanie na radarach rzeczywistych trajektorii rakiet nad Ukrain\u0105 mo\u017ce by\u0107 dla \u017co\u0142nierzy psychicznie obci\u0105\u017caj\u0105ce, bo nie s\u0105 to ju\u017c \u0107wiczenia, lecz realne zagro\u017cenia i potencjalne ofiary.<\/p>\n<p class=\"Paragraph_desktopParagraph__U31Gm\">Holandia wysy\u0142a do Polski najnowsz\u0105 wersj\u0119 systemu Patriot, wyposa\u017con\u0105 w zmodernizowane radary i oprogramowanie. Patriot w wariancie PAC-3 jest przeznaczony do przechwytywania m.in. rakiet balistycznych, pocisk\u00f3w manewruj\u0105cych i dron\u00f3w. Pojedynczy pocisk PAC-3 kosztuje ok. 4 mln euro.<\/p>\n<p>Patrioty z kluczow\u0105 rol\u0105 w Ukrainie <\/p>\n<p class=\"Paragraph_desktopParagraph__U31Gm\">Obok Patriot\u00f3w rozmieszczony zostanie r\u00f3wnie\u017c system NASAMS, s\u0142u\u017c\u0105cy do zwalczania cel\u00f3w nisko lec\u0105cych, w tym rakiet manewruj\u0105cych. Oddzielna jednostka b\u0119dzie odpowiada\u0107 za obron\u0119 bazy przed dronami.<\/p>\n<p class=\"Paragraph_desktopParagraph__U31Gm\">System Patriot jest szeroko stosowany w Ukrainie, gdzie odegra\u0142 kluczow\u0105 rol\u0119 w odpieraniu rosyjskich atak\u00f3w rakietowych. Wed\u0142ug holenderskiego resortu obrony wys\u0142anie system\u00f3w do Polski ma znaczenie zar\u00f3wno operacyjne, jak i symboliczne \u2014 potwierdza zaanga\u017cowanie Hagi w bezpiecze\u0144stwo wschodniej flanki NATO.<\/p>\n","protected":false},"excerpt":{"rendered":"Du\u017co czytania, a ma\u0142o czasu? Sprawd\u017a\u00a0skr\u00f3t\u00a0artyku\u0142u Holandia rozpocz\u0119\u0142a w tym tygodniu przerzut oko\u0142o 300 \u017co\u0142nierzy oraz dw\u00f3ch system\u00f3w&hellip;\n","protected":false},"author":2,"featured_media":111315,"comment_status":"","ping_status":"","sticky":false,"template":"","format":"standard","meta":{"footnotes":""},"categories":[12],"tags":[32,33,36,37,27,3684,67,64,34,35,28,31,53,25,52,68,51,55,42,38,40,39,41,47,29,30,65,50,26],"class_list":{"0":"post-111314","1":"post","2":"type-post","3":"status-publish","4":"format-standard","5":"has-post-thumbnail","7":"category-polska","8":"tag-breaking-news","9":"tag-breakingnews","10":"tag-featured-news","11":"tag-featurednews","12":"tag-headlines","13":"tag-holandia_kraj","14":"tag-intextvideo_splayer","15":"tag-inwazja_rosji_na_ukraine_2014_","16":"tag-latest-news","17":"tag-latestnews","18":"tag-naglowki","19":"tag-najwazniejsze-artykuly","20":"tag-new_header","21":"tag-news","22":"tag-onet3","23":"tag-onet3d","24":"tag-onet3d_2i","25":"tag-phx","26":"tag-pl","27":"tag-poland","28":"tag-polish","29":"tag-polska","30":"tag-polski","31":"tag-screening_general","32":"tag-top-stories","33":"tag-topstories","34":"tag-update_me","35":"tag-v2021","36":"tag-wiadomosci"},"share_on_mastodon":{"url":"https:\/\/pubeurope.com\/@pl\/115586327123214272","error":""},"_links":{"self":[{"href":"https:\/\/www.europesays.com\/pl\/wp-json\/wp\/v2\/posts\/111314","targetHints":{"allow":["GET"]}}],"collection":[{"href":"https:\/\/www.europesays.com\/pl\/wp-json\/wp\/v2\/posts"}],"about":[{"href":"https:\/\/www.europesays.com\/pl\/wp-json\/wp\/v2\/types\/post"}],"author":[{"embeddable":true,"href":"https:\/\/www.europesays.com\/pl\/wp-json\/wp\/v2\/users\/2"}],"replies":[{"embeddable":true,"href":"https:\/\/www.europesays.com\/pl\/wp-json\/wp\/v2\/comments?post=111314"}],"version-history":[{"count":0,"href":"https:\/\/www.europesays.com\/pl\/wp-json\/wp\/v2\/posts\/111314\/revisions"}],"wp:featuredmedia":[{"embeddable":true,"href":"https:\/\/www.europesays.com\/pl\/wp-json\/wp\/v2\/media\/111315"}],"wp:attachment":[{"href":"https:\/\/www.europesays.com\/pl\/wp-json\/wp\/v2\/media?parent=111314"}],"wp:term":[{"taxonomy":"category","embeddable":true,"href":"https:\/\/www.europesays.com\/pl\/wp-json\/wp\/v2\/categories?post=111314"},{"taxonomy":"post_tag","embeddable":true,"href":"https:\/\/www.europesays.com\/pl\/wp-json\/wp\/v2\/tags?post=111314"}],"curies":[{"name":"wp","href":"https:\/\/api.w.org\/{rel}","templated":true}]}}