{"id":111363,"date":"2025-11-21T07:23:08","date_gmt":"2025-11-21T07:23:08","guid":{"rendered":"https:\/\/www.europesays.com\/pl\/111363\/"},"modified":"2025-11-21T07:23:08","modified_gmt":"2025-11-21T07:23:08","slug":"pozar-pod-krakowem-plonie-zaklad-mechaniczny-i-autobusy-onet","status":"publish","type":"post","link":"https:\/\/www.europesays.com\/pl\/111363\/","title":{"rendered":"Po\u017car pod Krakowem. P\u0142onie zak\u0142ad mechaniczny i autobusy &#8211; Onet"},"content":{"rendered":"<ol>\n<li><a href=\"https:\/\/news.google.com\/rss\/articles\/CBMitwFBVV95cUxPejZsYmpLczBaSWl6TnJsb2UtU21icXcza0dEZTVxN2FlWDdGdUxPNUVSOHdSS3hYM2xtVEZoWUNNNUZqdnl4MFd4MkdjakU0Tjl0bU0zYVM2ZkJtZjU5ZERXQ3lEaHEzSmtxTFRBY0hGRERGaFk3ZWhTc0dEN2UxQVR4X3pnQmxJSmFPSG54UG5NbExGQWtnZUN5M2ZHV1BTMVViS1ZjMWswM2ZtdDZwWlVDZU5wMW8?oc=5\" target=\"_blank\" rel=\"nofollow noopener\">Po\u017car pod Krakowem. P\u0142onie zak\u0142ad mechaniczny i autobusy<\/a>&nbsp;&nbsp;Onet<\/li>\n<li><a href=\"https:\/\/news.google.com\/rss\/articles\/CBMiqwFBVV95cUxNTUQwcTRnam9rVzJjdzRNT3NYMUhuQTBlOEhBNEdtSVJVTHctMkRPSW9iUEh0RTRqSkhobUVoNC10azhuOUdralhSdk04R2lPWVpXNElSYk5VTG03d1NtWi1KaXVIbldkdHZLTG8wb3pmN1Z6SkZSdWRETEFxeG16LTRNaTRYblg3OWUyUFhjZ19XQ2toRV9KRTF5bGVNbWJRZVVPWlNrX0NvSU0?oc=5\" target=\"_blank\" rel=\"nofollow noopener\">Po\u017car warsztatu samochodowego pod Krakowem. Sp\u0142on\u0119\u0142y busy i warsztat samochodowy. Na miejscu 60 stra\u017cak\u00f3w<\/a>&nbsp;&nbsp;Wydarzenia Interia<\/li>\n<li><a href=\"https:\/\/news.google.com\/rss\/articles\/CBMiiAFBVV95cUxNNThOY0FZNUlxRnpCRzhTbUEtV1loRkxGQzFSS21UWXZmb0dyXzRpYjdDb1BhdWRHSEZMSFFyaHJLY3BEeWgyS28yRm12eVNWRkVSNm1SVkROZnN6U0lCUkRleGJ1Ym1ueWlBeTJsbUpocGloc3U3YXB4STFhbFhKQm9UUTJxTDJf?oc=5\" target=\"_blank\" rel=\"nofollow noopener\">Autobusy i samochody w ogniu. Po\u017car pod Krakowem<\/a>&nbsp;&nbsp;TVN24<\/li>\n<li><a href=\"https:\/\/news.google.com\/rss\/articles\/CBMiogFBVV95cUxPaXBRRndDYW5WSk5zX2w4MWtpNHYxaXhCUERXcE4tVHRDcHlUZmEwQzBXT0hoMk5wVkJINUZMa2g5aTFzTG1kQW44aTRkTzhla1dGdS0xNmZzRFJfSDdLSnl5eE5jUnBKaEJ6blBacXBRUHVrbEIwUVZ5VTJVM3RCeEFGQWZYSm56dDRJMEN0RF8zeEREYXFIZDV0VU9GRWl4cUE?oc=5\" target=\"_blank\" rel=\"nofollow noopener\">Du\u017cy po\u017car pod Krakowem. Do akcji zaanga\u017cowano 80 stra\u017cak\u00f3w<\/a>&nbsp;&nbsp;Onet Wiadomo\u015bci<\/li>\n<li><a href=\"https:\/\/news.google.com\/rss\/articles\/CBMirwFBVV95cUxONDFYVTBCemZnMWhkeVdtNXc5ZjZaekYzdDc5SjNSWjI5ZWRsZkh4ZmsybjJEbXhtLUg3UnJORzRsZjdqcU5GaVFsUFkwQU94Skp5VHZJSlF2c2syVGNpYnBUU29ndnI1SmhaejZWaWZMZUVVR1dHcWE3NkRqLU1HWEkyT3NlZzNVRHBVS3V1WGNVc2lfMWxPOHdKd2l2eGJqU0VkTWZDZDRiajU1NTZn?oc=5\" target=\"_blank\" rel=\"nofollow noopener\">Du\u017cy po\u017car pod Krakowem. W ogniu stan\u0119\u0142a hala i autobusy. Ponad 80 stra\u017cak\u00f3w w akcji<\/a>&nbsp;&nbsp;Fakt<\/li>\n<\/ol>\n","protected":false},"excerpt":{"rendered":"Po\u017car pod Krakowem. P\u0142onie zak\u0142ad mechaniczny i autobusy&nbsp;&nbsp;Onet Po\u017car warsztatu samochodowego pod Krakowem. Sp\u0142on\u0119\u0142y busy i warsztat samochodowy.&hellip;\n","protected":false},"author":2,"featured_media":111364,"comment_status":"","ping_status":"","sticky":false,"template":"","format":"standard","meta":{"footnotes":""},"categories":[12],"tags":[32,33,36,37,27,369,368,34,35,28,31,53,25,52,68,51,55,42,38,40,39,41,47,29,30,50,26],"class_list":{"0":"post-111363","1":"post","2":"type-post","3":"status-publish","4":"format-standard","5":"has-post-thumbnail","7":"category-polska","8":"tag-breaking-news","9":"tag-breakingnews","10":"tag-featured-news","11":"tag-featurednews","12":"tag-headlines","13":"tag-kk","14":"tag-krakowdlawas","15":"tag-latest-news","16":"tag-latestnews","17":"tag-naglowki","18":"tag-najwazniejsze-artykuly","19":"tag-new_header","20":"tag-news","21":"tag-onet3","22":"tag-onet3d","23":"tag-onet3d_2i","24":"tag-phx","25":"tag-pl","26":"tag-poland","27":"tag-polish","28":"tag-polska","29":"tag-polski","30":"tag-screening_general","31":"tag-top-stories","32":"tag-topstories","33":"tag-v2021","34":"tag-wiadomosci"},"share_on_mastodon":{"url":"https:\/\/pubeurope.com\/@pl\/115586492356497193","error":""},"_links":{"self":[{"href":"https:\/\/www.europesays.com\/pl\/wp-json\/wp\/v2\/posts\/111363","targetHints":{"allow":["GET"]}}],"collection":[{"href":"https:\/\/www.europesays.com\/pl\/wp-json\/wp\/v2\/posts"}],"about":[{"href":"https:\/\/www.europesays.com\/pl\/wp-json\/wp\/v2\/types\/post"}],"author":[{"embeddable":true,"href":"https:\/\/www.europesays.com\/pl\/wp-json\/wp\/v2\/users\/2"}],"replies":[{"embeddable":true,"href":"https:\/\/www.europesays.com\/pl\/wp-json\/wp\/v2\/comments?post=111363"}],"version-history":[{"count":0,"href":"https:\/\/www.europesays.com\/pl\/wp-json\/wp\/v2\/posts\/111363\/revisions"}],"wp:featuredmedia":[{"embeddable":true,"href":"https:\/\/www.europesays.com\/pl\/wp-json\/wp\/v2\/media\/111364"}],"wp:attachment":[{"href":"https:\/\/www.europesays.com\/pl\/wp-json\/wp\/v2\/media?parent=111363"}],"wp:term":[{"taxonomy":"category","embeddable":true,"href":"https:\/\/www.europesays.com\/pl\/wp-json\/wp\/v2\/categories?post=111363"},{"taxonomy":"post_tag","embeddable":true,"href":"https:\/\/www.europesays.com\/pl\/wp-json\/wp\/v2\/tags?post=111363"}],"curies":[{"name":"wp","href":"https:\/\/api.w.org\/{rel}","templated":true}]}}