{"id":111375,"date":"2025-11-21T07:30:06","date_gmt":"2025-11-21T07:30:06","guid":{"rendered":"https:\/\/www.europesays.com\/pl\/111375\/"},"modified":"2025-11-21T07:30:06","modified_gmt":"2025-11-21T07:30:06","slug":"karol-nawrocki-liderem-polskiej-prawicy-polacy-zabrali-glos-sondaz","status":"publish","type":"post","link":"https:\/\/www.europesays.com\/pl\/111375\/","title":{"rendered":"Karol Nawrocki liderem polskiej prawicy? Polacy zabrali g\u0142os [SONDA\u017b]"},"content":{"rendered":"<p class=\"ods-c-paragraph \">Badanie wykona\u0142 Instytut Bada\u0144 Pollster od 15 do 17 listopada na grupie 1003 doros\u0142ych Polak\u00f3w.<\/p>\n<p class=\"ods-c-paragraph \">***<\/p>\n<p class=\"ods-c-paragraph \">W sonda\u017cu ankietowani odpowiadali na nast\u0119puj\u0105ce pytanie: &#8222;czy s\u0105dzisz, \u017ce Karol Nawrocki stanie si\u0119 g\u0142\u00f3wnym liderem polskiej prawicy?&#8221;.<\/p>\n<p class=\"ods-c-paragraph \">Odpowied\u017a &#8222;tak&#8221; wybra\u0142o 58 proc. uczestnik\u00f3w sonda\u017cu, a &#8222;nie&#8221; \u2014 42 proc.<\/p>\n<p>Dalszy ci\u0105g artyku\u0142u pod materia\u0142em wideo<\/p>\n<p> Jakie s\u0105 wyniki sonda\u017cu dotycz\u0105cego Karola Nawrockiego? <\/p>\n<p> Jak Polacy ocenili pierwsze 100 dni urz\u0119dowania Karola Nawrockiego? <\/p>\n<p> Ile procent uczestnik\u00f3w sonda\u017cu my\u015bli, \u017ce Nawrocki stanie si\u0119 liderem prawicy? <\/p>\n<p> Jakie by\u0142y odpowiedzi krytyk\u00f3w w badaniu o Nawrockim? <\/p>\n<p>  Nowy sonda\u017c o Karolu Nawrockim. Polacy ocenili pierwsze 100 dni<\/p>\n<p class=\"ods-c-paragraph \">Ponadto Instytut Bada\u0144 Pollster poprosi\u0142 uczestnik\u00f3w badania o ocen\u0119 pierwszych 100 dni urz\u0119dowania Karola Nawrockiego. <\/p>\n<p class=\"ods-c-paragraph \">&#8222;Zdecydowanie dobrze&#8221; oceni\u0142o je 24 proc. ankietowanych, 25 proc. respondent\u00f3w udzieli\u0142o odpowiedzi &#8222;raczej dobrze&#8221;.<\/p>\n<p class=\"ods-c-paragraph \">W\u015br\u00f3d krytycznych opinii 12 proc. to odpowied\u017a &#8222;raczej \u017ale&#8221;, natomiast odpowiedzi &#8222;zdecydowanie \u017ale&#8221; udzieli\u0142o 27 proc. uczestnik\u00f3w sonda\u017cu.<\/p>\n<p class=\"ods-c-paragraph \">12 proc. nie mia\u0142o zdania na ten temat.<\/p>\n","protected":false},"excerpt":{"rendered":"Badanie wykona\u0142 Instytut Bada\u0144 Pollster od 15 do 17 listopada na grupie 1003 doros\u0142ych Polak\u00f3w. *** W sonda\u017cu&hellip;\n","protected":false},"author":2,"featured_media":110493,"comment_status":"","ping_status":"","sticky":false,"template":"","format":"standard","meta":{"footnotes":""},"categories":[12],"tags":[32,33,36,37,27,43,49,34,35,28,31,48,25,46,42,38,40,39,41,47,231,29,30,26],"class_list":{"0":"post-111375","1":"post","2":"type-post","3":"status-publish","4":"format-standard","5":"has-post-thumbnail","7":"category-polska","8":"tag-breaking-news","9":"tag-breakingnews","10":"tag-featured-news","11":"tag-featurednews","12":"tag-headlines","13":"tag-karol_nawrocki","14":"tag-kraj","15":"tag-latest-news","16":"tag-latestnews","17":"tag-naglowki","18":"tag-najwazniejsze-artykuly","19":"tag-nat_styl","20":"tag-news","21":"tag-omp","22":"tag-pl","23":"tag-poland","24":"tag-polish","25":"tag-polska","26":"tag-polski","27":"tag-screening_general","28":"tag-sondaze","29":"tag-top-stories","30":"tag-topstories","31":"tag-wiadomosci"},"share_on_mastodon":{"url":"https:\/\/pubeurope.com\/@pl\/115586519750150982","error":""},"_links":{"self":[{"href":"https:\/\/www.europesays.com\/pl\/wp-json\/wp\/v2\/posts\/111375","targetHints":{"allow":["GET"]}}],"collection":[{"href":"https:\/\/www.europesays.com\/pl\/wp-json\/wp\/v2\/posts"}],"about":[{"href":"https:\/\/www.europesays.com\/pl\/wp-json\/wp\/v2\/types\/post"}],"author":[{"embeddable":true,"href":"https:\/\/www.europesays.com\/pl\/wp-json\/wp\/v2\/users\/2"}],"replies":[{"embeddable":true,"href":"https:\/\/www.europesays.com\/pl\/wp-json\/wp\/v2\/comments?post=111375"}],"version-history":[{"count":0,"href":"https:\/\/www.europesays.com\/pl\/wp-json\/wp\/v2\/posts\/111375\/revisions"}],"wp:featuredmedia":[{"embeddable":true,"href":"https:\/\/www.europesays.com\/pl\/wp-json\/wp\/v2\/media\/110493"}],"wp:attachment":[{"href":"https:\/\/www.europesays.com\/pl\/wp-json\/wp\/v2\/media?parent=111375"}],"wp:term":[{"taxonomy":"category","embeddable":true,"href":"https:\/\/www.europesays.com\/pl\/wp-json\/wp\/v2\/categories?post=111375"},{"taxonomy":"post_tag","embeddable":true,"href":"https:\/\/www.europesays.com\/pl\/wp-json\/wp\/v2\/tags?post=111375"}],"curies":[{"name":"wp","href":"https:\/\/api.w.org\/{rel}","templated":true}]}}