{"id":111382,"date":"2025-11-21T07:35:09","date_gmt":"2025-11-21T07:35:09","guid":{"rendered":"https:\/\/www.europesays.com\/pl\/111382\/"},"modified":"2025-11-21T07:35:09","modified_gmt":"2025-11-21T07:35:09","slug":"ile-zaplacimy-za-prad-odpowiedz-w-2026-roku","status":"publish","type":"post","link":"https:\/\/www.europesays.com\/pl\/111382\/","title":{"rendered":"Ile zap\u0142acimy za pr\u0105d? Odpowied\u017a w 2026 roku"},"content":{"rendered":"<p><img data-lazyloaded=\"1\" width=\"1456\" height=\"820\" src=\"https:\/\/www.europesays.com\/pl\/wp-content\/uploads\/2025\/11\/Zrzut-ekranu-2025-07-23-111235-e1753261991675.jpg\" class=\"attachment-full size-full wp-post-image\" alt=\"Warszawa, 23.07.2025. Nowy minister energii Mi\u0142osz Motyka podczas konferencji prasowej premiera Donalda Tuska w KPRM w Warszawie, 23 bm. Szef rz\u0105du przedstawi\u0142 szczeg\u00f3\u0142y rekonstrukcji swojego gabinetu. (mr) PAP\/Leszek Szyma\u0144ski\" decoding=\"async\" fetchpriority=\"high\"  data-\/><\/p>\n<p class=\"image-caption\">Minister energii Mi\u0142osz Motyka \/ PAP\/Leszek Szyma\u0144ski<\/p>\n<p>Utworzony przy Ministerstwie Energii zesp\u00f3\u0142 ds. kszta\u0142towania taryf za energi\u0119 elektryczn\u0105 powinien wyda\u0107 swoj\u0105 rekomendacj\u0119 w sprawie ich wysoko\u015bci w I kwartale 2026 \u2013 poinformowa\u0142 minister Mi\u0142osz Motyka. <\/p>\n<p>Zesp\u00f3\u0142 powsta\u0142 w reakcji na ostatni\u0105 inicjatyw\u0119 legislacyjn\u0105 prezydenta Karola Nawrockiego, kt\u00f3rej celem jest obni\u017cenie ceny pr\u0105du o 33 proc. <\/p>\n<p>Motyka powt\u00f3rzy\u0142, \u017ce w 2026 r. spodziewa si\u0119 podobnego wzrostu taryf dystrybucyjnych, co w 2025 r.<\/p>\n<p>Rekomendacja b\u0119dzie dotyczy\u0142a wysoko\u015bci op\u0142at dla konkretnych grup odbiorc\u00f3w \u2013 powiedzia\u0142 dziennikarzom Motyka.<\/p>\n<p>Nie chcia\u0142 odpowiedzie\u0107 na pytanie, czy jego zdaniem obecne stawki taryf dystrybucyjnych s\u0105 zbyt wysokie wzgl\u0119dem koszt\u00f3w przedsi\u0119biorstw energetycznych.<\/p>\n<p>\u201eMam swoje zdanie, ale wiem jakie s\u0105 jego konsekwencje\u201d \u2013 powiedzia\u0142.<\/p>\n<p>Doda\u0142, \u017ce to zdanie zostanie \u2013 wsp\u00f3lnie z innymi cz\u0142onkami zespo\u0142u przy ME \u2013 przedstawione po rekomendacjach w zakresie wysoko\u015bci tych stawek.<\/p>\n<p>\u201eMy\u015bl\u0119, \u017ce to powinien by\u0107 pierwszy kwarta\u0142 przysz\u0142ego roku\u201d \u2013 powiedzia\u0142, pytany kiedy zesp\u00f3\u0142 opracuje rekomendacje.<\/p>\n<p>BA\/pap<\/p>\n","protected":false},"excerpt":{"rendered":"Minister energii Mi\u0142osz Motyka \/ PAP\/Leszek Szyma\u0144ski Utworzony przy Ministerstwie Energii zesp\u00f3\u0142 ds. kszta\u0142towania taryf za energi\u0119 elektryczn\u0105&hellip;\n","protected":false},"author":2,"featured_media":111383,"comment_status":"","ping_status":"","sticky":false,"template":"","format":"standard","meta":{"footnotes":""},"categories":[16],"tags":[113,112,2834,5318,42,38,40,39,41],"class_list":{"0":"post-111382","1":"post","2":"type-post","3":"status-publish","4":"format-standard","5":"has-post-thumbnail","7":"category-biznes","8":"tag-biznes","9":"tag-business","10":"tag-ceny","11":"tag-energia-elektryczna","12":"tag-pl","13":"tag-poland","14":"tag-polish","15":"tag-polska","16":"tag-polski"},"share_on_mastodon":{"url":"https:\/\/pubeurope.com\/@pl\/115586539660950893","error":""},"_links":{"self":[{"href":"https:\/\/www.europesays.com\/pl\/wp-json\/wp\/v2\/posts\/111382","targetHints":{"allow":["GET"]}}],"collection":[{"href":"https:\/\/www.europesays.com\/pl\/wp-json\/wp\/v2\/posts"}],"about":[{"href":"https:\/\/www.europesays.com\/pl\/wp-json\/wp\/v2\/types\/post"}],"author":[{"embeddable":true,"href":"https:\/\/www.europesays.com\/pl\/wp-json\/wp\/v2\/users\/2"}],"replies":[{"embeddable":true,"href":"https:\/\/www.europesays.com\/pl\/wp-json\/wp\/v2\/comments?post=111382"}],"version-history":[{"count":0,"href":"https:\/\/www.europesays.com\/pl\/wp-json\/wp\/v2\/posts\/111382\/revisions"}],"wp:featuredmedia":[{"embeddable":true,"href":"https:\/\/www.europesays.com\/pl\/wp-json\/wp\/v2\/media\/111383"}],"wp:attachment":[{"href":"https:\/\/www.europesays.com\/pl\/wp-json\/wp\/v2\/media?parent=111382"}],"wp:term":[{"taxonomy":"category","embeddable":true,"href":"https:\/\/www.europesays.com\/pl\/wp-json\/wp\/v2\/categories?post=111382"},{"taxonomy":"post_tag","embeddable":true,"href":"https:\/\/www.europesays.com\/pl\/wp-json\/wp\/v2\/tags?post=111382"}],"curies":[{"name":"wp","href":"https:\/\/api.w.org\/{rel}","templated":true}]}}