{"id":111398,"date":"2025-11-21T07:45:12","date_gmt":"2025-11-21T07:45:12","guid":{"rendered":"https:\/\/www.europesays.com\/pl\/111398\/"},"modified":"2025-11-21T07:45:12","modified_gmt":"2025-11-21T07:45:12","slug":"nowy-sondaz-potwierdza-to-nie-przypadek-tak-zle-z-pis-nie-bylo-od-lat-onet-wiadomosci","status":"publish","type":"post","link":"https:\/\/www.europesays.com\/pl\/111398\/","title":{"rendered":"Nowy sonda\u017c potwierdza: To nie przypadek. Tak \u017ale z PiS nie by\u0142o od lat &#8211; Onet Wiadomo\u015bci"},"content":{"rendered":"<ol>\n<li><a href=\"https:\/\/news.google.com\/rss\/articles\/CBMiuwFBVV95cUxPLUItRUQ4UUh6Nkh5WFRzbHdNODRVSnJkdkhMMUxrVGNpbnFrTGJCOFZDUGNXQzFkWTd2TlhNcmRLY1N3WTU4Z0hTRWpaYTBFbnEtYm9NTzNJRlBLbzd5bzc3bWJfRDRQa2JSRl80WTFWdUpueTNTMEpyX2d1a3hPUk9oelV4Sk1NR2l3VlF5dHRsRDFJQWMwZkNDUFVpSEFCUGIwekxlb1Q0Rm9PNTN5RTVoeGRMMTg0QURn?oc=5\" target=\"_blank\" rel=\"nofollow noopener\">Nowy sonda\u017c potwierdza: To nie przypadek. Tak \u017ale z PiS nie by\u0142o od lat<\/a>&nbsp;&nbsp;Onet Wiadomo\u015bci<\/li>\n<li><a href=\"https:\/\/news.google.com\/rss\/articles\/CBMiowFBVV95cUxNRFp5Zk1ZaE9JMlV2VVBNdFN2UUZLbzVJTlRHeVdfNjBYOXpkYXhtZkJnelF5NHphQ3psTkY1ZjN1R1hWbjlnZHNSOGIzQTZOOWNiVjR0cXBjN08ySlJ6YllBMndzODlHMFhjU3poVExVd1pRcElPcjRJSDRoM2lSWlJucTlFd25Sa2h5ZjJjb1BQMVMxb1RpdGQwWTFoMzRqbjRN?oc=5\" target=\"_blank\" rel=\"nofollow noopener\">PiS w sonda\u017cach najs\u0142absze od lat. Prof. Dudek: powiem brutalnie<\/a>&nbsp;&nbsp;Onet Wiadomo\u015bci<\/li>\n<li><a href=\"https:\/\/news.google.com\/rss\/articles\/CBMiswFBVV95cUxQY0l6d0pyLW1HTUtOVDlOczNqbEtXN3pDa3dRMk53VE9YczBhbHphVFZWTzRiOUlOanFXSW15SFRRWnEzMkJ4dnlmeVlQYmpTb1laWU9ZX1ZHcXRIWC1yU3NRdnVRb3lYWlZuSWJGVEplSGZCSE5WSFowck5tUm5ienB6RUJhcnRlNDhvRHNhbGwyZXJveWpxSXlpell0RnNqRXV5UDZ1ZEwtNEZnNzhiTjlUdw?oc=5\" target=\"_blank\" rel=\"nofollow noopener\">Zwi\u0119ksza si\u0119 dystans mi\u0119dzy najwi\u0119kszymi partiami. \u015awie\u017cy sonda\u017c poparcia<\/a>&nbsp;&nbsp;Wydarzenia w INTERIA.PL<\/li>\n<li><a href=\"https:\/\/news.google.com\/rss\/articles\/CBMivAFBVV95cUxOaF95T1NvMnMxYlVudFRrTEhDRm1yaHFicW5vOUNtLVhlZ3Q3YW1lU2JGUEVRVTBkTkxHbkMtbUFPOVZYdGM2dWRwUHpCaDNPYXFVLVBXaUNXeHNkSnFldHFOdnBFelpZc3F3RHFMczhwR01uN18yZzd1b0MtOWUyd2NsVnQ3R3VhbHB6LVI2SUdscXFUUjhkSTBCcXJzQlJPWFJPWG9fakRLMFFXQngwX2w2M3JhM00wMF9YVQ?oc=5\" target=\"_blank\" rel=\"nofollow noopener\">KO liderem, PiS najgorzej od lat, spadek Konfederacji [SONDA\u017b]<\/a>&nbsp;&nbsp;Business Insider Polska<\/li>\n<li><a href=\"https:\/\/news.google.com\/rss\/articles\/CBMilwFBVV95cUxPZGVvbUtYUXM4R2tMem5CRWhTVkxWR3oxOXEwLUt4TkNOVWVfcy1tNGliNXdzTUkwMXhLSG9XWDNVdDAyak1xQ1lqNGpMQmlHX0xiMkJxQm9FWmc0MXlsai1MT3c3c0FZNWdDbnZyMFB4QnN0TGI0cTc5VUVMQWg4Q3R4V3FvZDhJQjhtZGNGcEJmenFjVXNj0gGTAUFVX3lxTE5JeXhxVXIwWGktTU5MREhkS1BxREZGb3p1d19iQkFGQXUzeUZJUl9NbEh3UDVHV1R3UG1KaUVqd3ZkT3VBaHdjYnBjRHJ1QS04V2dWNVplTW9vOWlFLV9wRWN0X2lsU1FTWENkWk1GMmU0QUd2blE5UDdXLUM5Ynd0YjFtQmhlNGJldk1mU21hNWVidw?oc=5\" target=\"_blank\" rel=\"nofollow noopener\">Sonda\u017c: Koalicja Obywatelska zwi\u0119ksza przewag\u0119 nad PiS<\/a>&nbsp;&nbsp;Do Rzeczy<\/li>\n<\/ol>\n","protected":false},"excerpt":{"rendered":"Nowy sonda\u017c potwierdza: To nie przypadek. Tak \u017ale z PiS nie by\u0142o od lat&nbsp;&nbsp;Onet Wiadomo\u015bci PiS w sonda\u017cach&hellip;\n","protected":false},"author":2,"featured_media":111399,"comment_status":"","ping_status":"","sticky":false,"template":"","format":"standard","meta":{"footnotes":""},"categories":[5],"tags":[32,33,36,37,27,7210,1006,7211,34,35,4463,28,31,48,25,46,7212,529,42,38,40,39,202,41,4678,47,231,29,30,341,26],"class_list":{"0":"post-111398","1":"post","2":"type-post","3":"status-publish","4":"format-standard","5":"has-post-thumbnail","7":"category-naglowki","8":"tag-breaking-news","9":"tag-breakingnews","10":"tag-featured-news","11":"tag-featurednews","12":"tag-headlines","13":"tag-koalicja_obywatelska","14":"tag-konfederacja","15":"tag-konfederacja_korony_polskiej","16":"tag-latest-news","17":"tag-latestnews","18":"tag-lewica","19":"tag-naglowki","20":"tag-najwazniejsze-artykuly","21":"tag-nat_styl","22":"tag-news","23":"tag-omp","24":"tag-partia_razem","25":"tag-pis","26":"tag-pl","27":"tag-poland","28":"tag-polish","29":"tag-polska","30":"tag-polska_2050","31":"tag-polski","32":"tag-psl","33":"tag-screening_general","34":"tag-sondaze","35":"tag-top-stories","36":"tag-topstories","37":"tag-tylko_w_onecie","38":"tag-wiadomosci"},"share_on_mastodon":{"url":"https:\/\/pubeurope.com\/@pl\/115586578749273592","error":""},"_links":{"self":[{"href":"https:\/\/www.europesays.com\/pl\/wp-json\/wp\/v2\/posts\/111398","targetHints":{"allow":["GET"]}}],"collection":[{"href":"https:\/\/www.europesays.com\/pl\/wp-json\/wp\/v2\/posts"}],"about":[{"href":"https:\/\/www.europesays.com\/pl\/wp-json\/wp\/v2\/types\/post"}],"author":[{"embeddable":true,"href":"https:\/\/www.europesays.com\/pl\/wp-json\/wp\/v2\/users\/2"}],"replies":[{"embeddable":true,"href":"https:\/\/www.europesays.com\/pl\/wp-json\/wp\/v2\/comments?post=111398"}],"version-history":[{"count":0,"href":"https:\/\/www.europesays.com\/pl\/wp-json\/wp\/v2\/posts\/111398\/revisions"}],"wp:featuredmedia":[{"embeddable":true,"href":"https:\/\/www.europesays.com\/pl\/wp-json\/wp\/v2\/media\/111399"}],"wp:attachment":[{"href":"https:\/\/www.europesays.com\/pl\/wp-json\/wp\/v2\/media?parent=111398"}],"wp:term":[{"taxonomy":"category","embeddable":true,"href":"https:\/\/www.europesays.com\/pl\/wp-json\/wp\/v2\/categories?post=111398"},{"taxonomy":"post_tag","embeddable":true,"href":"https:\/\/www.europesays.com\/pl\/wp-json\/wp\/v2\/tags?post=111398"}],"curies":[{"name":"wp","href":"https:\/\/api.w.org\/{rel}","templated":true}]}}