{"id":111515,"date":"2025-11-21T09:22:10","date_gmt":"2025-11-21T09:22:10","guid":{"rendered":"https:\/\/www.europesays.com\/pl\/111515\/"},"modified":"2025-11-21T09:22:10","modified_gmt":"2025-11-21T09:22:10","slug":"byla-godz-557-ujecia-z-zakopanego-obiegaja-siec","status":"publish","type":"post","link":"https:\/\/www.europesays.com\/pl\/111515\/","title":{"rendered":"By\u0142a godz. 5:57. Uj\u0119cia z Zakopanego obiegaj\u0105 sie\u0107"},"content":{"rendered":"<p>Obok takich migawek trudno przej\u015b\u0107 oboj\u0119tnie. W\u00a0sieci pojawi\u0142y si\u0119 kadry z\u00a0Zakopanego, gdzie w\u00a0pi\u0105tkowy poranek zrobi\u0142o si\u0119 bardzo bia\u0142o.<\/p>\n<p>Do tych s\u0142\u00f3w za\u0142\u0105czono uj\u0119cia z\u00a0kamer internetowych. Pokazano cho\u0107by Krup\u00f3wki, gdzie wida\u0107 sporo bia\u0142ego puchu.<\/p>\n<p>Temperatura w\u00a0Zakopanem o\u00a0poranku wynios\u0142a -2 st. Celsjusza. Pogodowi eksperci zapowiadaj\u0105, \u017ce w\u00a0kolejnych godzinach mog\u0105 wyst\u0119powa\u0107 nast\u0119pne opady \u015bniegu. Poza tym temperatury mog\u0105 spa\u015b\u0107 nawet do -12 st. C. (w nocy z\u00a0soboty na niedziel\u0119).<\/p>\n<p>Uj\u0119cia z\u00a0Zakopanego. Ludzie reaguj\u0105 <\/p>\n<p>Zachwyt\u00f3w po publikacji zdj\u0119\u0107 z\u00a0za\u015bnie\u017conego Zakopanego absolutnie nie brakuje. Co pisz\u0105 internauci?<\/p>\n<p>Generalnie zimowe krajobrazy wywo\u0142a\u0142y du\u017ce poruszenie w\u00a0sieci.<\/p>\n","protected":false},"excerpt":{"rendered":"Obok takich migawek trudno przej\u015b\u0107 oboj\u0119tnie. W\u00a0sieci pojawi\u0142y si\u0119 kadry z\u00a0Zakopanego, gdzie w\u00a0pi\u0105tkowy poranek zrobi\u0142o si\u0119 bardzo bia\u0142o.&hellip;\n","protected":false},"author":2,"featured_media":111516,"comment_status":"","ping_status":"","sticky":false,"template":"","format":"standard","meta":{"footnotes":""},"categories":[12],"tags":[32,33,36,37,27,34,35,28,31,25,42,38,40,39,41,29,30,26],"class_list":{"0":"post-111515","1":"post","2":"type-post","3":"status-publish","4":"format-standard","5":"has-post-thumbnail","7":"category-polska","8":"tag-breaking-news","9":"tag-breakingnews","10":"tag-featured-news","11":"tag-featurednews","12":"tag-headlines","13":"tag-latest-news","14":"tag-latestnews","15":"tag-naglowki","16":"tag-najwazniejsze-artykuly","17":"tag-news","18":"tag-pl","19":"tag-poland","20":"tag-polish","21":"tag-polska","22":"tag-polski","23":"tag-top-stories","24":"tag-topstories","25":"tag-wiadomosci"},"share_on_mastodon":{"url":"https:\/\/pubeurope.com\/@pl\/115586960169264428","error":""},"_links":{"self":[{"href":"https:\/\/www.europesays.com\/pl\/wp-json\/wp\/v2\/posts\/111515","targetHints":{"allow":["GET"]}}],"collection":[{"href":"https:\/\/www.europesays.com\/pl\/wp-json\/wp\/v2\/posts"}],"about":[{"href":"https:\/\/www.europesays.com\/pl\/wp-json\/wp\/v2\/types\/post"}],"author":[{"embeddable":true,"href":"https:\/\/www.europesays.com\/pl\/wp-json\/wp\/v2\/users\/2"}],"replies":[{"embeddable":true,"href":"https:\/\/www.europesays.com\/pl\/wp-json\/wp\/v2\/comments?post=111515"}],"version-history":[{"count":0,"href":"https:\/\/www.europesays.com\/pl\/wp-json\/wp\/v2\/posts\/111515\/revisions"}],"wp:featuredmedia":[{"embeddable":true,"href":"https:\/\/www.europesays.com\/pl\/wp-json\/wp\/v2\/media\/111516"}],"wp:attachment":[{"href":"https:\/\/www.europesays.com\/pl\/wp-json\/wp\/v2\/media?parent=111515"}],"wp:term":[{"taxonomy":"category","embeddable":true,"href":"https:\/\/www.europesays.com\/pl\/wp-json\/wp\/v2\/categories?post=111515"},{"taxonomy":"post_tag","embeddable":true,"href":"https:\/\/www.europesays.com\/pl\/wp-json\/wp\/v2\/tags?post=111515"}],"curies":[{"name":"wp","href":"https:\/\/api.w.org\/{rel}","templated":true}]}}