{"id":111525,"date":"2025-11-21T09:29:15","date_gmt":"2025-11-21T09:29:15","guid":{"rendered":"https:\/\/www.europesays.com\/pl\/111525\/"},"modified":"2025-11-21T09:29:15","modified_gmt":"2025-11-21T09:29:15","slug":"list-do-lawrowa-partia-brauna-pisze-o-normalizacji-stosunkow","status":"publish","type":"post","link":"https:\/\/www.europesays.com\/pl\/111525\/","title":{"rendered":"List do \u0141awrowa. Partia Brauna pisze o &#8222;normalizacji stosunk\u00f3w&#8221;"},"content":{"rendered":"<p>Listy zosta\u0142y podpisane przez pos\u0142a do europarlamentu Grzegorza Brauna i pos\u0142\u00f3w na Sejm W\u0142odzimierza Skalika, Romana Fritza oraz S\u0142awomira Zawi\u015blaka. Oba z nich zaczynaj\u0105 si\u0119 od cytatu papie\u017ca Piusa XII &#8222;Nic nie jest stracone przez pok\u00f3j. Wszystko mo\u017ce by\u0107 stracone w wojnie&#8221;.<\/p>\n<p>Konfederacja Korony Polskiej pisze do \u0141awrowa. W tre\u015bci protest i wezwanie o &#8222;normalizacji stosunk\u00f3w polsko-rosyjskich&#8221;<\/p>\n<p>W korespondencji przes\u0142anej do \u0141awrowa, wyrazili protest przeciwko usuni\u0119ciu p\u0142askorze\u017aby Orderu Virtuti Militari i Krzy\u017ca Kampanii Wrze\u015bniowej z Polskiego Cmentarza Wojennego w Katyniu, co ich zdaniem godzin to godzi w pami\u0119\u0107 polskich \u017co\u0142nierzy oraz &#8222;godz\u0105 w najg\u0142\u0119bsze podstawy wzajemnego poszanowania mi\u0119dzy narodami&#8221;. Przedstawiciele partii domagaj\u0105 si\u0119 &#8222;przywr\u00f3cenia stanu i godno\u015bci&#8221; cmentarza.<\/p>\n<p>\u00a0<\/p>\n<p>ZOBACZ: <a href=\"https:\/\/www.polsatnews.pl\/wiadomosc\/2025-10-21\/polska-przechwyci-samolot-putina-lawrow-grzmi-po-slowach-sikorskiego\/\" rel=\"nofollow noopener\" target=\"_blank\">Polska przechwyci samolot Putina? \u0141awrow grzmi po s\u0142owach Sikorskiego<\/a><\/p>\n<p>\u00a0<\/p>\n<p>W kolejnych fragmentach pisma pojawiaj\u0105 si\u0119 podzi\u0119kowania za &#8222;zaanga\u017cowanie rosyjskich w\u0142adz w ujawnienie prawdy o zbrodni katy\u0144skiej&#8221;, rozumiane jako utworzenie cmentarza w Katyniu i przekazanie stronie polskiej dokument\u00f3w przez by\u0142ego prezydenta Borysa Jelcyna. Zdaniem KKP, pokazuje to &#8222;r\u00f3\u017cnic\u0119 w poszanowaniu ofiar zbrodni i dba\u0142o\u015bci o cmentarze, w zestawieniu z innymi pa\u0144stwami&#8221;.\u00a0<\/p>\n<p>\u00a0<\/p>\n<p>Ostatni akapit listu zawiera twierdzenie, \u017ce &#8222;tragicznym absurdem&#8221; by\u0142oby doj\u015bcie w stosunkach polsko-rosyjskich do &#8222;ko\u0144ca drabiny eskalacyjnej&#8221;. Partia pozostaje na stanowisku, \u017ce jest za &#8222;deeskalacj\u0105&#8221; i &#8222;normalizacj\u0105 stosunk\u00f3w polsko-rosyjskich&#8221;, uznaj\u0105c je za wci\u0105\u017c mo\u017cliwe. Pismo ko\u0144czy si\u0119 stwierdzeniem, \u017ce cho\u0107 wyst\u0119puje &#8222;ogrom problem\u00f3w&#8221; we wzajemnych relacjach, &#8222;nie znajd\u0105 one pozytywnego rozwi\u0105zania na \u015bcie\u017cce innej ni\u017c pokojowa&#8221;.<\/p>\n<p>\u00a0<\/p>\n<p>List po decyzji Sikorskiego. Zamkni\u0119ty konsulat w Gda\u0144sku<\/p>\n<p>G\u0142\u00f3wnym powodem wys\u0142ania pisma do Rados\u0142awa Sikorskiego jest \u015brodowa decyzja szefa MSZ o wycofaniu zgody na funkcjonowanie rosyjskiego konsulatu w Gda\u0144sku, co jest reakcj\u0105 na akcje dywersyjne przeprowadzone w Polsce. Wicepremier doda\u0142, \u017ce nie jest to jeszcze pe\u0142na odpowied\u017a na niedawne akty dywersji i wrogie dzia\u0142ania rosyjskiego pa\u0144stwa.<\/p>\n<p>\u00a0<\/p>\n<p>ZOBACZ: <a href=\"https:\/\/www.polsatnews.pl\/wiadomosc\/2025-11-19\/sabotaz-na-kolei-szef-msz-podjalem-decyzje-o-zamknieciu-rosyjskiego-konsulatu-w-gdansku\/\" rel=\"nofollow noopener\" target=\"_blank\">Rosyjski konsulat zostanie zamkni\u0119ty. Szef MSZ zdecydowa\u0142<\/a><\/p>\n<p>\u00a0<\/p>\n<p>Braun i pos\u0142owie zarzucaj\u0105 Sikorskiemu podj\u0119cie b\u0142\u0119dnej decyzji, kt\u00f3rej celem jest jedynie jego &#8222;chwilowe zaistnienie w mediach&#8221;. W kolejnych akapitach politycy prawicowej partii stwierdzaj\u0105, \u017ce takie gesty prowadz\u0105 do eskalacji napi\u0119cia mi\u0119dzy pa\u0144stwami i nara\u017caj\u0105 na niebezpiecze\u0144stwo Polak\u00f3w mieszkaj\u0105cych w Rosji. Nast\u0119pnie pisz\u0105 o r\u00f3\u017cnicach w potencjale militarnym pomi\u0119dzy Polsk\u0105 a Rosj\u0105, ko\u0144cz\u0105c pytaniem o to, dlaczego &#8222;igra polskim narodem&#8221;.\u00a0<\/p>\n<p>\u00a0<\/p>\n<p>Konfederacja Korony Polskiej stoi na stanowisku, \u017ce Polska powinna budowa\u0107 relacje z Rosj\u0105, poniewa\u017c polsk\u0105 racj\u0105 stanu jest przetrwanie i rozw\u00f3j narodu dzi\u0119ki utrzymaniu pokoju &#8222;zamiast generowania coraz ostrzejszych akt\u00f3w wzajemnej wrogo\u015bci wobec Rosji&#8221;. Podobnie jak w li\u015bcie do \u0141awrowa, napisano te\u017c o &#8222;absurdzie&#8221; jakim by\u0142oby doj\u015bcie do ko\u0144ca drabiny eskalacyjnej w stosunkach polsko-rosyjskich.\u00a0<\/p>\n<p>\u00a0<\/p>\n<p>Na koniec KKP przypomina, \u017ce jest parti\u0105 kt\u00f3ra opowiada si\u0119 za &#8222;deeskalacj\u0105 i normalizacj\u0105 w stosunkach polsko-rosyjskich&#8221;, mo\u017cliwych do osi\u0105gni\u0119cia drog\u0105 pokojow\u0105. W \u017cadnym z list\u00f3w nie ma s\u0142\u00f3w pot\u0119pienia pe\u0142noskalowej inwazji Rosji na Ukrain\u0119 czy niedawnych akt\u00f3w dywersji na terenie Polski.\u00a0<\/p>\n<p>\u00a0<\/p>\n<p>Widzia\u0142e\u015b co\u015b wa\u017cnego? Przy\u015blij zdj\u0119cie, film lub napisz, co si\u0119 sta\u0142o. Skorzystaj z naszej <a href=\"https:\/\/www.polsatnews.pl\/platforma-widzow\/\" target=\"_blank\" rel=\"noopener noreferrer nofollow\">Wrzutni<\/a><\/p>\n<p>                <img decoding=\"async\" src=\"https:\/\/www.europesays.com\/pl\/wp-content\/uploads\/2025\/11\/k2i8rs4i56211dqpgbpn4htscvc1dcna.jpg\" alt=\"\" itemprop=\"contentUrl\" style=\"position:absolute; width: 100%; max-height: 100%;\"\/><video controls=\"\" controlslist=\"nodownload\" poster=\"https:\/\/www.europesays.com\/pl\/wp-content\/uploads\/2025\/11\/k2i8rs4i56211dqpgbpn4htscvc1dcna.jpg\" class=\"videoPlayer player6854911 news__video\" data-id=\"6854911\">Twoja przegl\u0105darka nie wspiera odtwarzacza wideo&#8230;<\/video><\/p>\n<p>                <a class=\"news__read-more-button\" href=\"https:\/\/www.polsatnews.pl\/\" rel=\"nofollow noopener\" target=\"_blank\">Czytaj wi\u0119cej<\/a><\/p>\n","protected":false},"excerpt":{"rendered":"Listy zosta\u0142y podpisane przez pos\u0142a do europarlamentu Grzegorza Brauna i pos\u0142\u00f3w na Sejm W\u0142odzimierza Skalika, Romana Fritza oraz&hellip;\n","protected":false},"author":2,"featured_media":111526,"comment_status":"","ping_status":"","sticky":false,"template":"","format":"standard","meta":{"footnotes":""},"categories":[12],"tags":[32,33,36,37,27,34,35,28,31,25,42,38,40,39,41,29,30,26],"class_list":{"0":"post-111525","1":"post","2":"type-post","3":"status-publish","4":"format-standard","5":"has-post-thumbnail","7":"category-polska","8":"tag-breaking-news","9":"tag-breakingnews","10":"tag-featured-news","11":"tag-featurednews","12":"tag-headlines","13":"tag-latest-news","14":"tag-latestnews","15":"tag-naglowki","16":"tag-najwazniejsze-artykuly","17":"tag-news","18":"tag-pl","19":"tag-poland","20":"tag-polish","21":"tag-polska","22":"tag-polski","23":"tag-top-stories","24":"tag-topstories","25":"tag-wiadomosci"},"share_on_mastodon":{"url":"https:\/\/pubeurope.com\/@pl\/115586988050941144","error":""},"_links":{"self":[{"href":"https:\/\/www.europesays.com\/pl\/wp-json\/wp\/v2\/posts\/111525","targetHints":{"allow":["GET"]}}],"collection":[{"href":"https:\/\/www.europesays.com\/pl\/wp-json\/wp\/v2\/posts"}],"about":[{"href":"https:\/\/www.europesays.com\/pl\/wp-json\/wp\/v2\/types\/post"}],"author":[{"embeddable":true,"href":"https:\/\/www.europesays.com\/pl\/wp-json\/wp\/v2\/users\/2"}],"replies":[{"embeddable":true,"href":"https:\/\/www.europesays.com\/pl\/wp-json\/wp\/v2\/comments?post=111525"}],"version-history":[{"count":0,"href":"https:\/\/www.europesays.com\/pl\/wp-json\/wp\/v2\/posts\/111525\/revisions"}],"wp:featuredmedia":[{"embeddable":true,"href":"https:\/\/www.europesays.com\/pl\/wp-json\/wp\/v2\/media\/111526"}],"wp:attachment":[{"href":"https:\/\/www.europesays.com\/pl\/wp-json\/wp\/v2\/media?parent=111525"}],"wp:term":[{"taxonomy":"category","embeddable":true,"href":"https:\/\/www.europesays.com\/pl\/wp-json\/wp\/v2\/categories?post=111525"},{"taxonomy":"post_tag","embeddable":true,"href":"https:\/\/www.europesays.com\/pl\/wp-json\/wp\/v2\/tags?post=111525"}],"curies":[{"name":"wp","href":"https:\/\/api.w.org\/{rel}","templated":true}]}}