{"id":111533,"date":"2025-11-21T09:35:07","date_gmt":"2025-11-21T09:35:07","guid":{"rendered":"https:\/\/www.europesays.com\/pl\/111533\/"},"modified":"2025-11-21T09:35:07","modified_gmt":"2025-11-21T09:35:07","slug":"zatrucia-pestycydami-w-stambule-media-lacza-smierc-czteroosobowej-rodziny-i-studentki","status":"publish","type":"post","link":"https:\/\/www.europesays.com\/pl\/111533\/","title":{"rendered":"Zatrucia pestycydami w Stambule. Media \u0142\u0105cz\u0105 \u015bmier\u0107 czteroosobowej rodziny i studentki"},"content":{"rendered":"<p class=\"art_paragraph\">Po\u00a0\u015bmierci rodziny z Hamburga podczas <a href=\"https:\/\/wiadomosci.gazeta.pl\/wakacje#anchorLink\" rel=\"nofollow noopener\" target=\"_blank\">wakacji<\/a> w Stambule\u00a0tureckie <a href=\"https:\/\/next.gazeta.pl\/next\/7,151243,32367674,google-pixel-10-w-poteznej-promocji-w-media-expert-256-gb-wyrownalo.html#anchorLink\" rel=\"nofollow noopener\" target=\"_blank\">media<\/a> dostrzegaj\u0105 podobie\u0144stwa do losu niemieckiej studentki programu Erasmus, kt\u00f3ra zmar\u0142a rok temu tak\u017ce w tym mie\u015bcie. Pocz\u0105tkowo uznano, \u017ce \u015bmier\u0107 21-latki spowodowana by\u0142a zatruciem pokarmowym, jak powiedzia\u0142 adwokat reprezentuj\u0105cy jej rodzin\u0119, Ekim Hakeri, niemieckiej agencji prasowej DPA. Jednak raport medycyny s\u0105dowej, opublikowany dopiero w sierpniu br. podaje jako przyczyn\u0119 \u015bmierci zatrucie pestycydami u\u017cywanymi do\u00a0walki z pluskwami. <a href=\"https:\/\/wiadomosci.gazeta.pl\/prokuratura#anchorLink\" rel=\"nofollow noopener\" target=\"_blank\">Prokuratura<\/a> wszcz\u0119\u0142a dochodzenie w tej sprawie.<\/p>\n<p> \u015amier\u0107 kobiety w Stambule<\/p>\n<p class=\"art_paragraph\">Jak podano w raporcie, \u015brodek do\u00a0zwalczania pluskiew\u00a0zosta\u0142 u\u017cyty na pierwszym pi\u0119trze, nast\u0119pnie przekszta\u0142ci\u0142 si\u0119 w gaz i rozprzestrzeni\u0142 si\u0119 po ca\u0142ym budynku. Studentka mieszka\u0142a na drugim pi\u0119trze. Wed\u0142ug <a href=\"https:\/\/wiadomosci.gazeta.pl\/horoskop#anchorLink\" rel=\"nofollow noopener\" target=\"_blank\">informacji<\/a> <a href=\"https:\/\/wiadomosci.gazeta.pl\/nasz-dziennik#anchorLink\" rel=\"nofollow noopener\" target=\"_blank\">dziennika<\/a> &#8222;Hurriyet&#8221; 21-latka pochodzi\u0142a z Hamburga.<\/p>\n<p class=\"art_paragraph\">Spraw\u0119 bli\u017cej opisuje niemiecki tygodnik &#8222;Der Spiegel&#8221;. Marlene P.\u00a0zosta\u0142a znaleziona 3 listopada ubieg\u0142ego\u00a0roku nieprzytomna w swoim mieszkaniu i trafi\u0142a do szpitala, gdzie wkr\u00f3tce zmar\u0142a. Tygodnik dysponuje raportem medycyny s\u0105dowej.<\/p>\n<p class=\"art_paragraph\">&#8222;Bior\u0105c pod uwag\u0119 okoliczno\u015bci, w jakich nast\u0105pi\u0142a \u015bmier\u0107, jednog\u0142o\u015bnie stwierdzono, \u017ce zosta\u0142a spowodowana zatruciem spowodowanym gazowaniem i rozprzestrzenianiem si\u0119 pestycyd\u00f3w stosowanych do zwalczania pluskiew w budynku&#8221; &#8211; podsumowano w raporcie cytowanym przez magazyn.<\/p>\n<p>\n    Zobacz wideo Masz poni\u017cej 35 lat? W Maroku dostaniesz dotacj\u0119 na wej\u015bcie w polityk\u0119\n  <\/p>\n<p> Hotel w centrum uwagi<\/p>\n<p class=\"art_paragraph\">W sprawie rodziny z\u00a0Hamburga, kt\u00f3ra niedawno zmar\u0142a w Stambule, r\u00f3wnie\u017c pocz\u0105tkowo zak\u0142adano, \u017ce przyczyn\u0105 \u015bmierci by\u0142o zatrucie pokarmowe. We wtorek opublikowano wst\u0119pny raport tureckiej medycyny s\u0105dowej. Wed\u0142ug pa\u0144stwowej stacji telewizyjnej TRT \u015bmier\u0107 czteroosobowej rodziny mog\u0142a by\u0107\u00a0spowodowana zatruciem \u015brodkiem chemicznym\u00a0u\u017cywanym w hotelu.<\/p>\n<p class=\"art_paragraph\">Prawdopodobie\u0144stwo zatrucia pokarmowego zosta\u0142o ocenione jako niewielkie. Ustalono, \u017ce w hotelu w dzielnicy Fatih, gdzie zatrzyma\u0142a si\u0119 rodzina, u\u017cyto wcze\u015bniej \u015brodk\u00f3w chemicznych do zwalczania pluskiew.<\/p>\n<p class=\"art_paragraph\"><a href=\"https:\/\/www.dw.com\/pl\/zatrucie-chemikaliami-w-stambule-kolejny-przypadek-z-niemiec\/a-74820670\" class=\"art_link\" rel=\"dofollow noopener\" target=\"_blank\">Artyku\u0142 pochodzi z serwisu Deutsche Welle.<\/a><\/p>\n","protected":false},"excerpt":{"rendered":"Po\u00a0\u015bmierci rodziny z Hamburga podczas wakacji w Stambule\u00a0tureckie media dostrzegaj\u0105 podobie\u0144stwa do losu niemieckiej studentki programu Erasmus, kt\u00f3ra&hellip;\n","protected":false},"author":2,"featured_media":111534,"comment_status":"","ping_status":"","sticky":false,"template":"","format":"standard","meta":{"footnotes":""},"categories":[14],"tags":[32,33,27,34,35,28,31,25,40,41,80,29,30,26,82,83,84],"class_list":{"0":"post-111533","1":"post","2":"type-post","3":"status-publish","4":"format-standard","5":"has-post-thumbnail","7":"category-swiat","8":"tag-breaking-news","9":"tag-breakingnews","10":"tag-headlines","11":"tag-latest-news","12":"tag-latestnews","13":"tag-naglowki","14":"tag-najwazniejsze-artykuly","15":"tag-news","16":"tag-polish","17":"tag-polski","18":"tag-swiat","19":"tag-top-stories","20":"tag-topstories","21":"tag-wiadomosci","22":"tag-world","23":"tag-world-news","24":"tag-worldnews"},"share_on_mastodon":{"url":"https:\/\/pubeurope.com\/@pl\/115587011448164632","error":""},"_links":{"self":[{"href":"https:\/\/www.europesays.com\/pl\/wp-json\/wp\/v2\/posts\/111533","targetHints":{"allow":["GET"]}}],"collection":[{"href":"https:\/\/www.europesays.com\/pl\/wp-json\/wp\/v2\/posts"}],"about":[{"href":"https:\/\/www.europesays.com\/pl\/wp-json\/wp\/v2\/types\/post"}],"author":[{"embeddable":true,"href":"https:\/\/www.europesays.com\/pl\/wp-json\/wp\/v2\/users\/2"}],"replies":[{"embeddable":true,"href":"https:\/\/www.europesays.com\/pl\/wp-json\/wp\/v2\/comments?post=111533"}],"version-history":[{"count":0,"href":"https:\/\/www.europesays.com\/pl\/wp-json\/wp\/v2\/posts\/111533\/revisions"}],"wp:featuredmedia":[{"embeddable":true,"href":"https:\/\/www.europesays.com\/pl\/wp-json\/wp\/v2\/media\/111534"}],"wp:attachment":[{"href":"https:\/\/www.europesays.com\/pl\/wp-json\/wp\/v2\/media?parent=111533"}],"wp:term":[{"taxonomy":"category","embeddable":true,"href":"https:\/\/www.europesays.com\/pl\/wp-json\/wp\/v2\/categories?post=111533"},{"taxonomy":"post_tag","embeddable":true,"href":"https:\/\/www.europesays.com\/pl\/wp-json\/wp\/v2\/tags?post=111533"}],"curies":[{"name":"wp","href":"https:\/\/api.w.org\/{rel}","templated":true}]}}