{"id":111557,"date":"2025-11-21T09:50:09","date_gmt":"2025-11-21T09:50:09","guid":{"rendered":"https:\/\/www.europesays.com\/pl\/111557\/"},"modified":"2025-11-21T09:50:09","modified_gmt":"2025-11-21T09:50:09","slug":"zakopianka-stoi-atak-zimy-sparalizowal-ruch-zdjecia","status":"publish","type":"post","link":"https:\/\/www.europesays.com\/pl\/111557\/","title":{"rendered":"Zakopianka stoi. Atak zimy sparali\u017cowa\u0142 ruch [ZDJ\u0118CIA]"},"content":{"rendered":"<p class=\"Paragraph_desktopParagraph__U31Gm\">Jak podaje &#8222;Gazeta Krakowska&#8221;, w pi\u0105tek rano kierowcy na odcinku zakopianki mi\u0119dzy Nowym Targiem a Rabk\u0105 skar\u017cyli si\u0119 na problemy spowodowane opadami intensywnego \u015bniegu. Sytuacja jest jeszcze trudniejsza na trasie w stron\u0119 Podhala, gdzie utworzy\u0142 si\u0119 gigantyczny korek.<\/p>\n<blockquote>\n<p class=\"Paragraph_desktopParagraph__U31Gm\">&#8222;Na nowej, dwujezdniowej trasie zalega kilka centymetr\u00f3w \u015bniegu, a lewy pas jest praktycznie nieprzejezdny&#8221; <\/p>\n<\/blockquote>\n<p class=\"Paragraph_desktopParagraph__U31Gm\">\u2014 podaje lokalny portal.<\/p>\n<p class=\"Paragraph_desktopParagraph__U31Gm\">W mediach spo\u0142eczno\u015bciowych pojawi\u0142y si\u0119 zdj\u0119cia i nagrania pojazd\u00f3w stoj\u0105cych w zatorach na popularnej trasie do Zakopanego.<\/p>\n<ul class=\"OchatFollowUps_wrapper__1ry7X\">\n<li class=\"OchatFollowUps_item__Dhyly OchatFollowUps_itemDesktop__R6aBv\">Jakie s\u0105 utrudnienia na Zakopiance?<\/li>\n<li class=\"OchatFollowUps_item__Dhyly OchatFollowUps_itemDesktop__R6aBv\">Gdzie s\u0105 najwi\u0119ksze korki?<\/li>\n<li class=\"OchatFollowUps_item__Dhyly OchatFollowUps_itemDesktop__R6aBv\">Jakiego mrozu mo\u017cna si\u0119 spodziewa\u0107 w najbli\u017cszych dniach?<\/li>\n<li class=\"OchatFollowUps_item__Dhyly OchatFollowUps_itemDesktop__R6aBv\">Jakie s\u0105 prognozy temperatury na poniedzia\u0142ek?<\/li>\n<\/ul>\n<p class=\"Paragraph_desktopParagraph__U31Gm\">&#8222;Gazeta Krakowska&#8221; podaje, \u017ce na odcinku Rabka \u2014 Nowy Targ samochody zatrzymuj\u0105 si\u0119 na podjazdach \u2014 niekt\u00f3rzy nie s\u0105 w stanie ruszy\u0107 z miejsca, przez co korek ci\u0105gnie si\u0119 kilometrami. Na miejsce ruszy\u0142y p\u0142ugopiaskarki, kt\u00f3re walcz\u0105 o popraw\u0119 sytuacji.<\/p>\n<p class=\"Paragraph_desktopParagraph__U31Gm\">Jak podaje Polska Agencja Prasowa, na zakopiance ruch jest mocno spowolniony m.in. przez tiry maj\u0105ce problemy na podjazdach. Utrudnienia wyst\u0119puj\u0105 r\u00f3wnie\u017c na drodze krajowej nr 28 na odcinku Mszana Dolna \u2014 Limanowa \u2014 Nowy S\u0105cz \u2014 Gryb\u00f3w.<\/p>\n<p class=\"Paragraph_desktopParagraph__U31Gm\">Dzi\u015b i w kolejnych dniach przez po\u0142udniowo wschodni\u0105 i cz\u0119\u015bciowo wschodni\u0105 Polsk\u0119 przechodzi\u0107 b\u0119d\u0105 intensywne opady \u015bniegu. To jednak nie wszystko, gdy\u017c niebawem w po\u0142udniow\u0105 cz\u0119\u015b\u0107 Polski uderzy solidny mr\u00f3z. Kilka dni temu pierwszy raz tej jesieni mr\u00f3z osi\u0105gn\u0105\u0142 dwucyfrow\u0105 warto\u015b\u0107.<\/p>\n<p>Najpierw \u015bnieg, potem mr\u00f3z. Temperatura spadnie do -15 st. C <\/p>\n<p class=\"Paragraph_desktopParagraph__U31Gm\"><a href=\"https:\/\/pogoda.onet.pl\/artykuly\/wyjatkowo-zimna-noc-w-czesci-polski-temperatura-spadla-az-do-10-st-c-mapy\/3wbcr54\" id=\"7ddd3bce-83b0-492b-afc2-b04622eb5e8b\" rel=\"nofollow noopener\" target=\"_blank\">W \u015brod\u0119 (19 listopada) w Poroninie (pow. tatrza\u0144ski) temperatura obni\u017cy\u0142a si\u0119 do -10 st. C.<\/a> Przed nami jednak znacznie ni\u017csze warto\u015bci. Prze\u0142om tego i nast\u0119pnego tygodnia ma by\u0107 najzimniejszy podczas tegorocznej jesieni. W sobot\u0119 (22 listopada) w ci\u0105gu dnia spodziewamy si\u0119 ok. -4 st. C u podn\u00f3\u017ca g\u00f3r, 0 st. C na po\u0142udniu i w centrum oraz maksymalnie 2-3 st. C na p\u00f3\u0142nocy. Jeszcze zimniej ma by\u0107 w niedziel\u0119. W tym dniu na wschodzie, po\u0142udniu i w centrum nie b\u0119dzie wi\u0119cej ni\u017c -2\/-1 st. C. Dodatnia temperatura utrzyma si\u0119 na zachodzie i Pomorzu, gdzie spodziewamy si\u0119 ok. 1-2 st. C. W kolejnych dniach nowego tygodnia wi\u0119kszego ocieplenia nie wida\u0107.<\/p>\n<p class=\"Paragraph_desktopParagraph__U31Gm\">Znacznie ni\u017cszych warto\u015bci spodziewamy si\u0119 w nocy. Wszystko wskazuje na to, \u017ce najzimniejszy b\u0119dzie poniedzia\u0142kowy poranek (24 listopada). W Ma\u0142opolsce spodziewamy si\u0119 spadk\u00f3w temperatury do ok. -10\/-12 st. C, a w rejonach podg\u00f3rskich nawet do ok. -15 st. C. Na pozosta\u0142ym obszarze odnotujemy ok. -7\/-3 st. C.<\/p>\n","protected":false},"excerpt":{"rendered":"Jak podaje &#8222;Gazeta Krakowska&#8221;, w pi\u0105tek rano kierowcy na odcinku zakopianki mi\u0119dzy Nowym Targiem a Rabk\u0105 skar\u017cyli si\u0119&hellip;\n","protected":false},"author":2,"featured_media":111558,"comment_status":"","ping_status":"","sticky":false,"template":"","format":"standard","meta":{"footnotes":""},"categories":[12],"tags":[32,33,36,37,27,34,35,28,31,53,25,19588,52,68,51,55,42,6253,38,40,39,41,19820,47,29,30,50,26,9507,7441],"class_list":{"0":"post-111557","1":"post","2":"type-post","3":"status-publish","4":"format-standard","5":"has-post-thumbnail","7":"category-polska","8":"tag-breaking-news","9":"tag-breakingnews","10":"tag-featured-news","11":"tag-featurednews","12":"tag-headlines","13":"tag-latest-news","14":"tag-latestnews","15":"tag-naglowki","16":"tag-najwazniejsze-artykuly","17":"tag-new_header","18":"tag-news","19":"tag-nowy_targ","20":"tag-onet3","21":"tag-onet3d","22":"tag-onet3d_2i","23":"tag-phx","24":"tag-pl","25":"tag-podhale","26":"tag-poland","27":"tag-polish","28":"tag-polska","29":"tag-polski","30":"tag-rabka_zdroj","31":"tag-screening_general","32":"tag-top-stories","33":"tag-topstories","34":"tag-v2021","35":"tag-wiadomosci","36":"tag-zakopianka","37":"tag-zima"},"share_on_mastodon":{"url":"https:\/\/pubeurope.com\/@pl\/115587070332640685","error":""},"_links":{"self":[{"href":"https:\/\/www.europesays.com\/pl\/wp-json\/wp\/v2\/posts\/111557","targetHints":{"allow":["GET"]}}],"collection":[{"href":"https:\/\/www.europesays.com\/pl\/wp-json\/wp\/v2\/posts"}],"about":[{"href":"https:\/\/www.europesays.com\/pl\/wp-json\/wp\/v2\/types\/post"}],"author":[{"embeddable":true,"href":"https:\/\/www.europesays.com\/pl\/wp-json\/wp\/v2\/users\/2"}],"replies":[{"embeddable":true,"href":"https:\/\/www.europesays.com\/pl\/wp-json\/wp\/v2\/comments?post=111557"}],"version-history":[{"count":0,"href":"https:\/\/www.europesays.com\/pl\/wp-json\/wp\/v2\/posts\/111557\/revisions"}],"wp:featuredmedia":[{"embeddable":true,"href":"https:\/\/www.europesays.com\/pl\/wp-json\/wp\/v2\/media\/111558"}],"wp:attachment":[{"href":"https:\/\/www.europesays.com\/pl\/wp-json\/wp\/v2\/media?parent=111557"}],"wp:term":[{"taxonomy":"category","embeddable":true,"href":"https:\/\/www.europesays.com\/pl\/wp-json\/wp\/v2\/categories?post=111557"},{"taxonomy":"post_tag","embeddable":true,"href":"https:\/\/www.europesays.com\/pl\/wp-json\/wp\/v2\/tags?post=111557"}],"curies":[{"name":"wp","href":"https:\/\/api.w.org\/{rel}","templated":true}]}}