{"id":111580,"date":"2025-11-21T10:05:08","date_gmt":"2025-11-21T10:05:08","guid":{"rendered":"https:\/\/www.europesays.com\/pl\/111580\/"},"modified":"2025-11-21T10:05:08","modified_gmt":"2025-11-21T10:05:08","slug":"grzegorz-braun-pisze-do-siergieja-lawrowa-drugi-list-do-ministra-sikorskiego-2","status":"publish","type":"post","link":"https:\/\/www.europesays.com\/pl\/111580\/","title":{"rendered":"Grzegorz Braun pisze do Siergieja \u0141awrowa. Drugi list do ministra Sikorskiego"},"content":{"rendered":"<ul class=\"UnorderedList_container__nmfSl\">\n<li class=\"UnorderedList_listElement__Py7xi\" data-id=\"ai-summary-link\">Du\u017co czytania, a ma\u0142o czasu? Sprawd\u017a\u00a0skr\u00f3t\u00a0artyku\u0142u<\/li>\n<\/ul>\n<p class=\"Paragraph_desktopParagraph__U31Gm\">Listy zosta\u0142y opublikowane na oficjalnym profilu Konfederacji Korony Polskiej na platformie X. Podpisali si\u0119 pod nimi europose\u0142 <a href=\"https:\/\/wiadomosci.onet.pl\/grzegorz-braun-polityk-rezyser\" id=\"54c5e348-4166-45b8-83a2-013751fed618\" rel=\"nofollow noopener\" target=\"_blank\">Grzegorz Braun<\/a> oraz pos\u0142owie na Sejm: W\u0142odzimierz Skalik, Roman Fritz i S\u0142awomir Zawi\u015blak. Oba listy rozpoczynaj\u0105 si\u0119 cytatem papie\u017ca Piusa XII: &#8222;Nic nie jest stracone przez pok\u00f3j. Wszystko mo\u017ce by\u0107 stracone w wojnie&#8221;.<\/p>\n<p class=\"VideoPlayerText_videoPlayerText__iDwyz\">Dalszy ci\u0105g materia\u0142u pod wideo<\/p>\n<p class=\"Paragraph_desktopParagraph__U31Gm\">W li\u015bcie do <a href=\"https:\/\/wiadomosci.onet.pl\/siergiej-lawrow-szef-rosyjskiej-dyplomacji\" id=\"16660f13-7ab0-4813-b302-327920c15b06\" rel=\"nofollow noopener\" target=\"_blank\">Siergieja \u0141awrowa<\/a> przedstawiciele Konfederacji Korony Polskiej wyrazili sprzeciw wobec usuni\u0119cia p\u0142askorze\u017aby Orderu Virtuti Militari i Krzy\u017ca Kampanii Wrze\u015bniowej z Polskiego Cmentarza Wojennego w Katyniu. Wed\u0142ug nich dzia\u0142ania te naruszaj\u0105 pami\u0119\u0107 o polskich \u017co\u0142nierzach oraz podwa\u017caj\u0105 fundamenty wzajemnego szacunku mi\u0119dzy narodami. Politycy zaapelowali o &#8222;przywr\u00f3cenie stanu i godno\u015bci&#8221; nekropolii.<\/p>\n<ul class=\"OchatFollowUps_wrapper__1ry7X\">\n<li class=\"OchatFollowUps_item__Dhyly OchatFollowUps_itemDesktop__R6aBv\">Jakie by\u0142y g\u0142\u00f3wne punkty listu Grzegorza Brauna do \u0141awrowa?<\/li>\n<li class=\"OchatFollowUps_item__Dhyly OchatFollowUps_itemDesktop__R6aBv\">Co zawiera\u0142o pismo skierowane do Rados\u0142awa Sikorskiego?<\/li>\n<li class=\"OchatFollowUps_item__Dhyly OchatFollowUps_itemDesktop__R6aBv\">Kto podpisa\u0142 listy skierowane do \u0141awrowa i Sikorskiego?<\/li>\n<li class=\"OchatFollowUps_item__Dhyly OchatFollowUps_itemDesktop__R6aBv\">Jakie dzia\u0142ania polityk\u00f3w nie zosta\u0142y pot\u0119pione w listach?<\/li>\n<\/ul>\n<p class=\"Paragraph_desktopParagraph__U31Gm\">W dalszej cz\u0119\u015bci pisma skierowanego do rosyjskiego ministra spraw zagranicznych znalaz\u0142y si\u0119 podzi\u0119kowania za &#8222;zaanga\u017cowanie rosyjskich w\u0142adz w ujawnienie prawdy o zbrodni katy\u0144skiej&#8221;. Autorzy wskazali na utworzenie cmentarza w Katyniu i przekazanie Polsce dokument\u00f3w przez by\u0142ego prezydenta Borysa Jelcyna jako przyk\u0142ady dzia\u0142a\u0144, kt\u00f3re \u2014 ich zdaniem \u2014 pokazuj\u0105 r\u00f3\u017cnic\u0119 w podej\u015bciu do upami\u0119tniania ofiar i troski o cmentarze w por\u00f3wnaniu z innymi pa\u0144stwami.<\/p>\n<p class=\"Paragraph_desktopParagraph__U31Gm\">Politycy zaapelowali o popraw\u0119 stosunk\u00f3w mi\u0119dzy Polsk\u0105 i Rosj\u0105. &#8222;Doj\u015bcie do ko\u0144ca drabiny eskalacyjnej we wzajemnych relacjach by\u0142oby tragicznym absurdem. Konfederacja Korony Polskiej konsekwentnie opowiada si\u0119 za deeskalacj\u0105 i normalizacj\u0105 w stosunkach polsko-rosyjskich i nadal uwa\u017camy, \u017ce jeszcze jest to mo\u017cliwe&#8221; \u2014 czytamy w li\u015bcie.<\/p>\n<p>Grzegorz Braun zwr\u00f3ci\u0142 si\u0119 do Sikorskiego i \u0141awrowa. Apeluje o deeskalacj\u0119 <\/p>\n<p class=\"Paragraph_desktopParagraph__U31Gm\">Pismo skierowane do <a href=\"https:\/\/wiadomosci.onet.pl\/radoslaw-sikorski-polityk\" id=\"12959d54-469f-4cbe-9f89-09fce1e6789b\" rel=\"nofollow noopener\" target=\"_blank\">Rados\u0142awa Sikorskiego<\/a> by\u0142o odpowiedzi\u0105 na jego <a href=\"https:\/\/wiadomosci.onet.pl\/kraj\/radoslaw-sikorski-reaguje-polska-zamyka-rosyjski-konsulat-w-gdansku\/mme51vt\" id=\"afe86aae-bb08-4f21-9b1a-309a8f6f5e89\" rel=\"nofollow noopener\" target=\"_blank\">decyzj\u0119 o cofni\u0119ciu zgody na dzia\u0142alno\u015b\u0107 rosyjskiego konsulatu w Gda\u0144sku<\/a>. Decyzja zosta\u0142a podj\u0119ta w reakcji na akcje dywersyjne przeprowadzone na terenie Polski w miniony weekend.<\/p>\n<p class=\"Paragraph_desktopParagraph__U31Gm\">&#8222;Wzywamy Pana, \u017ceby porzuci\u0142 Pan dora\u017ane impulsy retorsji, ale kierowa\u0142 si\u0119 d\u0142ugofalow\u0105 polsk\u0105 racj\u0105 stanu, rozumian\u0105 jako przetrwanie i rozw\u00f3j polskiego narodu, co w najbli\u017cszym czasie oznacza przede wszystkim utrzymanie pokoju, zamiast generowania coraz ostrzejszych akt\u00f3w wzajemnej wrogo\u015bci wobec Rosji&#8221; \u2014 napisali do szefa MSZ Rados\u0142awa Sikorskiego.<\/p>\n<p class=\"Paragraph_desktopParagraph__U31Gm\">W \u017cadnym z opublikowanych list\u00f3w nie pojawi\u0142y si\u0119 s\u0142owa pot\u0119pienia dla pe\u0142noskalowej inwazji Rosji na Ukrain\u0119. Politycy Konfederacji Korony Polskiej r\u00f3wnie\u017c nie skrytykowali w nich ostatnich akt\u00f3w dywersji dokonanych na trasach kolejowych na terytorium Polski.<\/p>\n","protected":false},"excerpt":{"rendered":"Du\u017co czytania, a ma\u0142o czasu? Sprawd\u017a\u00a0skr\u00f3t\u00a0artyku\u0142u Listy zosta\u0142y opublikowane na oficjalnym profilu Konfederacji Korony Polskiej na platformie X.&hellip;\n","protected":false},"author":2,"featured_media":111581,"comment_status":"","ping_status":"","sticky":false,"template":"","format":"standard","meta":{"footnotes":""},"categories":[12],"tags":[32,33,36,37,7514,27,67,7225,34,35,28,31,53,25,52,68,51,55,42,38,40,39,2847,41,1534,62,47,5913,29,30,65,50,26],"class_list":{"0":"post-111580","1":"post","2":"type-post","3":"status-publish","4":"format-standard","5":"has-post-thumbnail","7":"category-polska","8":"tag-breaking-news","9":"tag-breakingnews","10":"tag-featured-news","11":"tag-featurednews","12":"tag-grzegorz_braun_polityk_rezyser","13":"tag-headlines","14":"tag-intextvideo_splayer","15":"tag-konfederacja_korony_polskiej_partia_polityczna","16":"tag-latest-news","17":"tag-latestnews","18":"tag-naglowki","19":"tag-najwazniejsze-artykuly","20":"tag-new_header","21":"tag-news","22":"tag-onet3","23":"tag-onet3d","24":"tag-onet3d_2i","25":"tag-phx","26":"tag-pl","27":"tag-poland","28":"tag-polish","29":"tag-polska","30":"tag-polska_polak_polka_polacy_polki","31":"tag-polski","32":"tag-radoslaw_sikorski_polityk","33":"tag-rosja_kraj_rosjanin_rosjanie_rosjanka_rosjanki","34":"tag-screening_general","35":"tag-siergiej_lawrow_szef_rosyjskiej_dyplomacji","36":"tag-top-stories","37":"tag-topstories","38":"tag-update_me","39":"tag-v2021","40":"tag-wiadomosci"},"share_on_mastodon":{"url":"","error":"Validation failed: Text character limit of 500 exceeded"},"_links":{"self":[{"href":"https:\/\/www.europesays.com\/pl\/wp-json\/wp\/v2\/posts\/111580","targetHints":{"allow":["GET"]}}],"collection":[{"href":"https:\/\/www.europesays.com\/pl\/wp-json\/wp\/v2\/posts"}],"about":[{"href":"https:\/\/www.europesays.com\/pl\/wp-json\/wp\/v2\/types\/post"}],"author":[{"embeddable":true,"href":"https:\/\/www.europesays.com\/pl\/wp-json\/wp\/v2\/users\/2"}],"replies":[{"embeddable":true,"href":"https:\/\/www.europesays.com\/pl\/wp-json\/wp\/v2\/comments?post=111580"}],"version-history":[{"count":0,"href":"https:\/\/www.europesays.com\/pl\/wp-json\/wp\/v2\/posts\/111580\/revisions"}],"wp:featuredmedia":[{"embeddable":true,"href":"https:\/\/www.europesays.com\/pl\/wp-json\/wp\/v2\/media\/111581"}],"wp:attachment":[{"href":"https:\/\/www.europesays.com\/pl\/wp-json\/wp\/v2\/media?parent=111580"}],"wp:term":[{"taxonomy":"category","embeddable":true,"href":"https:\/\/www.europesays.com\/pl\/wp-json\/wp\/v2\/categories?post=111580"},{"taxonomy":"post_tag","embeddable":true,"href":"https:\/\/www.europesays.com\/pl\/wp-json\/wp\/v2\/tags?post=111580"}],"curies":[{"name":"wp","href":"https:\/\/api.w.org\/{rel}","templated":true}]}}