{"id":111600,"date":"2025-11-21T10:21:08","date_gmt":"2025-11-21T10:21:08","guid":{"rendered":"https:\/\/www.europesays.com\/pl\/111600\/"},"modified":"2025-11-21T10:21:08","modified_gmt":"2025-11-21T10:21:08","slug":"wieczysta-ma-nowego-trenera-juz-trzeciego-tej-jesieni","status":"publish","type":"post","link":"https:\/\/www.europesays.com\/pl\/111600\/","title":{"rendered":"Wieczysta ma nowego trenera. Ju\u017c trzeciego tej jesieni"},"content":{"rendered":"\n<p class=\"contentpart contentpart--default contentpart--text\" data-position=\"0\"><a href=\"https:\/\/sportowefakty.wp.pl\/pilka-nozna\/kazimierz-moskal\" rel=\"nofollow noopener\" target=\"_blank\">Kazimierz Moskal<\/a>\u00a0jest trzecim szkoleniowcem beniaminka I ligi w tym sezonie po <a href=\"https:\/\/sportowefakty.wp.pl\/pilka-nozna\/przemyslaw-cecherz\" rel=\"nofollow noopener\" target=\"_blank\">Przemys\u0142awie Cecherzu<\/a>\u00a0i <a href=\"https:\/\/sportowefakty.wp.pl\/pilka-nozna\/gino-lettieri\" rel=\"nofollow noopener\" target=\"_blank\">Gino Lettierim<\/a>. A czwartego, je\u015bli we\u017amiemy pod uwag\u0119 <a href=\"https:\/\/sportowefakty.wp.pl\/pilka-nozna\/rafal-jedrszczyk\" rel=\"nofollow noopener\" target=\"_blank\">Rafa\u0142a J\u0119drszczyka<\/a>, zwi\u0105zanego z klubem od lat II trenera, kt\u00f3ry poprowadzi\u0142 krakowian tymczasowo w ostatnim meczu po zwolnieniu Lettieriego.<\/p>\n<p class=\"contentpart contentpart--default contentpart--text\" data-position=\"1\">J\u0119drszczyk zasi\u0105dzie te\u017c na \u0142awce krakowian w sobotnim meczu z Chrobrym G\u0142og\u00f3w. Jak poda\u0142 klub, Moskal prac\u0119 z zespo\u0142em rozpocznie w najbli\u017cszy poniedzia\u0142ek.<\/p>\n<p> <img role=\"presentation\" src=\"https:\/\/std.wpcdn.pl\/images\/adv\/placeholder_wp.svg\" loading=\"lazy\" alt=\"\" decoding=\"async\"\/>  <\/p>\n<p class=\"contentpart contentpart--default contentpart--text\" data-position=\"2\">Nowy trener Wieczystej musi ugasi\u0107 po\u017car, kt\u00f3ry wybuch\u0142 przy Cha\u0142upnika 16 w pa\u017adzierniku. Wieczysta czeka na ligowe zwyci\u0119stwo ju\u017c od 28 wrze\u015bnia. Po pokonaniu Ruchu Chorz\u00f3w (4:2) w 11. kolejce, by\u0142a wiceliderem I ligi i mia\u0142a tylko cztery punkty straty do pierwszej w stawce Wis\u0142y.<\/p>\n<p class=\"contentpart contentpart--default contentpart--text\" data-position=\"4\">Sze\u015b\u0107 mecz\u00f3w p\u00f3\u017aniej zajmuje dopiero \u00f3sm\u0105 pozycj\u0119 i ma 15 &#8222;oczek&#8221; mniej od Bia\u0142ej Gwiazdy. Do drugiej lokaty, kt\u00f3ra gwarantuje bezpo\u015bredni awans do PKO Ekstraklasy, traci natomiast osiem punkt\u00f3w.<\/p>\n<p class=\"contentpart contentpart--default contentpart--text\" data-position=\"5\">Po zwyci\u0119stwie nad Ruchem Wieczysta zdoby\u0142a tylko dwa punkty: dwa spotkania zremisowa\u0142a, a cztery przegra\u0142a. Po pierwszej pora\u017cce (z Odr\u0105 Opole 0:2) prac\u0119 straci\u0142 Cecherz, a zatrudnienie Lettieriego okaza\u0142o si\u0119 chybion\u0105 decyzj\u0105. \u017b\u00f3\u0142to-czarni przegrali wszystkie trzy mecze rozegrane pod wodz\u0105 W\u0142ocha.<\/p>\n<p class=\"contentpart contentpart--default contentpart--text\" data-position=\"6\">Dla samego Moskala to powr\u00f3t do pracy po rocznej przerwie. Ostatnim przystankiem w jego szkoleniowej karierze by\u0142a Wis\u0142a Krak\u00f3w. I to dos\u0142ownie przystankiem, bo 58-latek prowadzi\u0142 Bia\u0142\u0105 Gwiazd\u0119 wyj\u0105tkowo kr\u00f3tko, bo od czerwca do wrze\u015bnia 2024 roku.<\/p>\n<p> <img role=\"presentation\" src=\"https:\/\/std.wpcdn.pl\/images\/adv\/placeholder_wp.svg\" loading=\"lazy\" alt=\"\" decoding=\"async\"\/>  <\/p>\n<p class=\"contentpart contentpart--default contentpart--text\" data-position=\"7\">By\u0142a to jego czwarta przygoda z Wis\u0142\u0105 w roli trenera. Poza Reymonta 22 pracowa\u0142 te\u017c w Termalice Bruk-Bet Nieciecza, GKS-ie Katowice, Pogoni Szczecin, Sandecji Nowy S\u0105cz, \u0141\u00f3dzkim Klubie Sportowym (dwukrotnie) i Zag\u0142\u0119biu Sosnowiec. W sezonie 2022\/23 wprowadzi\u0142 \u0142odzian do PKO Ekstraklasy i takie samo zadanie ma w Wieczystej.<\/p>\n<p class=\"contentpart contentpart--default contentpart--text\" data-position=\"8\">Zauwa\u017cmy, \u017ce Moskal jest kolejn\u0105 legend\u0105 Wis\u0142y, kt\u00f3rej zaufa\u0142 Wojciech Kwiecie\u0144. Buduj\u0105c sw\u00f3j klub, &#8222;kr\u00f3l aptek&#8221; stawia na ludzi sprawdzonych przy Reymonta 22. Dyrektorem sportowym Wieczystej jest Zdzis\u0142aw Kapka, a wcze\u015bniej t\u0119 rol\u0119 pe\u0142ni\u0142 \u015bp. Andrzej Iwan. Trenerami Wieczystej w &#8222;erze Kwietnia&#8221; byli natomiast m.in. Franciszek Smuda czy Dariusz Marzec.<\/p>\n","protected":false},"excerpt":{"rendered":"Kazimierz Moskal\u00a0jest trzecim szkoleniowcem beniaminka I ligi w tym sezonie po Przemys\u0142awie Cecherzu\u00a0i Gino Lettierim. A czwartego, je\u015bli&hellip;\n","protected":false},"author":2,"featured_media":111601,"comment_status":"","ping_status":"","sticky":false,"template":"","format":"standard","meta":{"footnotes":""},"categories":[24],"tags":[3640,24304,1304,269,42,38,40,39,41,127,126,3651],"class_list":{"0":"post-111600","1":"post","2":"type-post","3":"status-publish","4":"format-standard","5":"has-post-thumbnail","7":"category-sport","8":"tag-betclic-i-liga","9":"tag-kazimierz-moskal","10":"tag-krakow","11":"tag-pilka-nozna","12":"tag-pl","13":"tag-poland","14":"tag-polish","15":"tag-polska","16":"tag-polski","17":"tag-sport","18":"tag-sports","19":"tag-wieczysta-krakow"},"share_on_mastodon":{"url":"https:\/\/pubeurope.com\/@pl\/115587192483067895","error":""},"_links":{"self":[{"href":"https:\/\/www.europesays.com\/pl\/wp-json\/wp\/v2\/posts\/111600","targetHints":{"allow":["GET"]}}],"collection":[{"href":"https:\/\/www.europesays.com\/pl\/wp-json\/wp\/v2\/posts"}],"about":[{"href":"https:\/\/www.europesays.com\/pl\/wp-json\/wp\/v2\/types\/post"}],"author":[{"embeddable":true,"href":"https:\/\/www.europesays.com\/pl\/wp-json\/wp\/v2\/users\/2"}],"replies":[{"embeddable":true,"href":"https:\/\/www.europesays.com\/pl\/wp-json\/wp\/v2\/comments?post=111600"}],"version-history":[{"count":0,"href":"https:\/\/www.europesays.com\/pl\/wp-json\/wp\/v2\/posts\/111600\/revisions"}],"wp:featuredmedia":[{"embeddable":true,"href":"https:\/\/www.europesays.com\/pl\/wp-json\/wp\/v2\/media\/111601"}],"wp:attachment":[{"href":"https:\/\/www.europesays.com\/pl\/wp-json\/wp\/v2\/media?parent=111600"}],"wp:term":[{"taxonomy":"category","embeddable":true,"href":"https:\/\/www.europesays.com\/pl\/wp-json\/wp\/v2\/categories?post=111600"},{"taxonomy":"post_tag","embeddable":true,"href":"https:\/\/www.europesays.com\/pl\/wp-json\/wp\/v2\/tags?post=111600"}],"curies":[{"name":"wp","href":"https:\/\/api.w.org\/{rel}","templated":true}]}}