{"id":111604,"date":"2025-11-21T10:23:12","date_gmt":"2025-11-21T10:23:12","guid":{"rendered":"https:\/\/www.europesays.com\/pl\/111604\/"},"modified":"2025-11-21T10:23:12","modified_gmt":"2025-11-21T10:23:12","slug":"sony-w-ogniu-krytyki-usuwa-hitowa-gre-z-kont-uzytkownikow","status":"publish","type":"post","link":"https:\/\/www.europesays.com\/pl\/111604\/","title":{"rendered":"Sony w ogniu krytyki. Usuwa hitow\u0105 gr\u0119 z kont u\u017cytkownik\u00f3w"},"content":{"rendered":"<p>Sony znalaz\u0142o si\u0119 w ogniu krytyki po tym, jak cz\u0119\u015b\u0107 graczy zacz\u0119\u0142a zg\u0142asza\u0107 nietypow\u0105 sytuacj\u0119 zwi\u0105zan\u0105 ze Stardew Valley na PlayStation.<\/p>\n<p>U\u017cytkownicy, kt\u00f3rzy od lat posiadali cyfrow\u0105 wersj\u0119 gry &#8211; mi\u0119dzy innymi dzi\u0119ki opcji cross-buy &#8211; otrzymuj\u0105 obecnie maile informuj\u0105ce zwi\u0105zane z \u017c\u0105daniem zwrotu. Problem w tym, \u017ce nikt z nich refundacji nie sk\u0142ada\u0142, a sama produkcja niespodziewanie przesta\u0142a widnie\u0107 w bibliotece jako pe\u0142noprawnie zakupiona, zast\u0105piona wersj\u0105 powi\u0105zan\u0105 z aktywn\u0105 subskrypcj\u0105 PlayStation Plus.<\/p>\n<p>    Dalsza cz\u0119\u015b\u0107 tekstu pod wideo<\/p>\n<p>Gracze donosz\u0105 r\u00f3wnie\u017c, \u017ce wersja na PS Vita wci\u0105\u017c dzia\u0142a, je\u015bli by\u0142a wcze\u015bniej pobrana, cho\u0107 nie wiadomo, czy nowe zakupy zosta\u0142y zablokowane, czy to tylko efekt wcze\u015bniejszej instalacji na urz\u0105dzeniu. Wielu komentuje sytuacj\u0119 jako absurdaln\u0105 i niesprawiedliw\u0105, zw\u0142aszcza w zestawieniu z innymi platformami &#8211; u\u017cytkownicy Xboxa przypominaj\u0105, \u017ce ich gry z dawnego abonamentu Games with Gold nadal pozostaj\u0105 w pe\u0142ni &#8222;ich&#8221;, niezale\u017cnie od up\u0142ywu lat czy zmian w programie.<\/p>\n<p>        <img loading=\"lazy\" decoding=\"async\" src=\"https:\/\/www.europesays.com\/pl\/wp-content\/uploads\/2025\/11\/1763225233_593_B32963402.414688363;dc_trk_aid=607216972;dc_trk_cid=228291445;ord=[timestamp];dc_lat=;dc_rdid=;tag_f.gif\" attributionsrc=\"\" border=\"0\" height=\"1\" width=\"1\" alt=\"Advertisement\"\/><\/p>\n<p>                                <img loading=\"lazy\" decoding=\"async\" width=\"603\" height=\"873\" alt=\"Sony w ogniu krytyki. Usuwa hitow\u0105 gr\u0119 z kont u\u017cytkownik\u00f3w\" data-placeholder=\"data:image\/png;base64,iVBORw0KGgoAAAANSUhEUgAAAAEAAAABCAQAAAC1HAwCAAAAC0lEQVR42mO89B8AAqkB05ycXjIAAAAASUVORK5CYII=\" class=\"lazy\" src=\"data:image\/png;base64,iVBORw0KGgoAAAANSUhEUgAAAAEAAAABCAQAAAC1HAwCAAAAC0lEQVR42mO89B8AAqkB05ycXjIAAAAASUVORK5CYII=\" data-src=\"https:\/\/www.europesays.com\/pl\/wp-content\/uploads\/2025\/11\/9435f4cdadbd4f149a7c.png\"\/><\/p>\n<p>    <img decoding=\"async\" src=\"https:\/\/www.ppe.pl\/build\/client\/images\/icons\/resize-icon.e1e9c338.svg\" class=\"resize-icon__icon\" alt=\"resize icon\"\/><\/p>\n<p>Dodatkowe kontrowersje budzi problem widoczny ju\u017c od d\u0142u\u017cszego czasu w ekosystemie PlayStation: je\u015bli gracz ma przypisan\u0105 gr\u0119 w ramach PlayStation Plus Extra, cz\u0119sto nie mo\u017ce ju\u017c kupi\u0107 jej rozszerzonej lub lepszej edycji &#8211; jak w przypadku Returnal. Sytuacja ze Stardew Valley tylko dolewa oliwy do ognia, wskazuj\u0105c na rosn\u0105cy chaos w zarz\u0105dzaniu licencjami cyfrowymi na platformie Sony.<\/p>\n","protected":false},"excerpt":{"rendered":"Sony znalaz\u0142o si\u0119 w ogniu krytyki po tym, jak cz\u0119\u015b\u0107 graczy zacz\u0119\u0142a zg\u0142asza\u0107 nietypow\u0105 sytuacj\u0119 zwi\u0105zan\u0105 ze Stardew&hellip;\n","protected":false},"author":2,"featured_media":83785,"comment_status":"","ping_status":"","sticky":false,"template":"","format":"standard","meta":{"footnotes":""},"categories":[20],"tags":[120,118,119,42,38,40,39,41,116,114,115,121,117],"class_list":{"0":"post-111604","1":"post","2":"type-post","3":"status-publish","4":"format-standard","5":"has-post-thumbnail","7":"category-nauka-i-technika","8":"tag-nauka","9":"tag-nauka-i-technika","10":"tag-naukatechnika","11":"tag-pl","12":"tag-poland","13":"tag-polish","14":"tag-polska","15":"tag-polski","16":"tag-science","17":"tag-science-and-technology","18":"tag-sciencetechnology","19":"tag-technika","20":"tag-technology"},"share_on_mastodon":{"url":"https:\/\/pubeurope.com\/@pl\/115587200495758116","error":""},"_links":{"self":[{"href":"https:\/\/www.europesays.com\/pl\/wp-json\/wp\/v2\/posts\/111604","targetHints":{"allow":["GET"]}}],"collection":[{"href":"https:\/\/www.europesays.com\/pl\/wp-json\/wp\/v2\/posts"}],"about":[{"href":"https:\/\/www.europesays.com\/pl\/wp-json\/wp\/v2\/types\/post"}],"author":[{"embeddable":true,"href":"https:\/\/www.europesays.com\/pl\/wp-json\/wp\/v2\/users\/2"}],"replies":[{"embeddable":true,"href":"https:\/\/www.europesays.com\/pl\/wp-json\/wp\/v2\/comments?post=111604"}],"version-history":[{"count":0,"href":"https:\/\/www.europesays.com\/pl\/wp-json\/wp\/v2\/posts\/111604\/revisions"}],"wp:featuredmedia":[{"embeddable":true,"href":"https:\/\/www.europesays.com\/pl\/wp-json\/wp\/v2\/media\/83785"}],"wp:attachment":[{"href":"https:\/\/www.europesays.com\/pl\/wp-json\/wp\/v2\/media?parent=111604"}],"wp:term":[{"taxonomy":"category","embeddable":true,"href":"https:\/\/www.europesays.com\/pl\/wp-json\/wp\/v2\/categories?post=111604"},{"taxonomy":"post_tag","embeddable":true,"href":"https:\/\/www.europesays.com\/pl\/wp-json\/wp\/v2\/tags?post=111604"}],"curies":[{"name":"wp","href":"https:\/\/api.w.org\/{rel}","templated":true}]}}