{"id":111637,"date":"2025-11-21T10:44:10","date_gmt":"2025-11-21T10:44:10","guid":{"rendered":"https:\/\/www.europesays.com\/pl\/111637\/"},"modified":"2025-11-21T10:44:10","modified_gmt":"2025-11-21T10:44:10","slug":"ministranci-od-dzis-w-kinach-w-jednej-z-glownych-rol-syn-kamilli-baar","status":"publish","type":"post","link":"https:\/\/www.europesays.com\/pl\/111637\/","title":{"rendered":"&#8222;Ministranci&#8221; od dzi\u015b w kinach. W jednej z g\u0142\u00f3wnych r\u00f3l syn Kamilli Baar"},"content":{"rendered":"<p class=\"Paragraph_desktopParagraph__U31Gm\">Film &#8222;Ministranci&#8221; w re\u017cyserii Piotra Domalewskiego \u2014 tegoroczny zwyci\u0119zca Z\u0142otych Lw\u00f3w na jubileuszowym 50. Festiwalu Polskich Film\u00f3w Fabularnych w Gdyni \u2014 od dzi\u015b, 21 listopada, dost\u0119pny jest w polskich kinach. Produkcja ju\u017c przed premier\u0105 zebra\u0142a imponuj\u0105c\u0105 liczb\u0119 nagr\u00f3d, a w\u015br\u00f3d m\u0142odych gwiazd filmu uwag\u0119 widz\u00f3w przyci\u0105ga 14-letni Bruno B\u0142ach-Baar, syn aktorskiego duetu Kamilli Baar i Wojciecha B\u0142acha.<\/p>\n<ul class=\"OchatFollowUps_wrapper__1ry7X\">\n<li class=\"OchatFollowUps_item__Dhyly OchatFollowUps_itemDesktop__R6aBv\">Jakie nagrody zdoby\u0142 film 'Ministranci&#8217;?<\/li>\n<li class=\"OchatFollowUps_item__Dhyly OchatFollowUps_itemDesktop__R6aBv\">Kto zagra\u0142 w filmie 'Ministranci&#8217;?<\/li>\n<li class=\"OchatFollowUps_item__Dhyly OchatFollowUps_itemDesktop__R6aBv\">W jakiej roli wyst\u0105pi\u0142 Bruno B\u0142ach-Baar?<\/li>\n<li class=\"OchatFollowUps_item__Dhyly OchatFollowUps_itemDesktop__R6aBv\">Jaka jest tematyka filmu 'Ministranci&#8217;?<\/li>\n<\/ul>\n<p>&#8222;Ministranci&#8221; ju\u017c w kinach. W jednej z g\u0142\u00f3wnych r\u00f3l syn Kamilli Baar i Wojciecha B\u0142acha <\/p>\n<p class=\"Paragraph_desktopParagraph__U31Gm\">Film przedstawia histori\u0119 grupy nastoletnich ministrant\u00f3w, kt\u00f3rzy \u2014 rozczarowani bierno\u015bci\u0105 doros\u0142ych wobec lokalnych niesprawiedliwo\u015bci \u2014 postanawiaj\u0105 wzi\u0105\u0107 sprawy w swoje r\u0119ce. Ch\u0142opcy montuj\u0105 pods\u0142uch w konfesjonale, pr\u00f3buj\u0105c odkry\u0107 sekrety mieszka\u0144c\u00f3w, a nast\u0119pnie, inspirowani komiksowymi superbohaterami, pomagaj\u0105 jednocze\u015bnie potrzebuj\u0105cym i wymierzaj\u0105 surowe kary za grzechy.<\/p>\n<p class=\"Paragraph_desktopParagraph__U31Gm\">&#8222;Ministranci&#8221; okazali si\u0119 jednym z najwi\u0119kszych zwyci\u0119zc\u00f3w 50. FPFF. Opr\u00f3cz najwa\u017cniejszego lauru \u2014 Z\u0142otych Lw\u00f3w \u2014 film zdoby\u0142 r\u00f3wnie\u017c nagrody za najlepszy scenariusz i monta\u017c, a tak\u017ce Nagrod\u0119 Publiczno\u015bci, Z\u0142otego Klakiera, Z\u0142otego Kangura oraz wyr\u00f3\u017cnienia Stowarzyszenia Kin Studyjnych i Festiwali Filmu Polskiego za Granic\u0105.<\/p>\n<p><img decoding=\"async\" class=\"Image_image__0tuHp Image_autoHeight__f2n87 \" height=\"587\" width=\"388\" src=\"https:\/\/www.europesays.com\/pl\/wp-content\/uploads\/2025\/11\/3Chk9kpTURBXy9kMjYxOWJkZDdiODMxODFlMGFlNjBjYThmMTNlMzM5NS5qcGeSlQLNA6wAwsOVAgDNAkvCw94AA6EwAaExAaEzw.jpeg\" alt=\"Bruno B\u0142ach-Baar, 50. Festiwal Polskich Film\u00f3w Fabularnych (2025)\" loading=\"lazy\" \/>Piotr Matusewicz \/ East News<\/p>\n<p>Bruno B\u0142ach-Baar, 50. Festiwal Polskich Film\u00f3w Fabularnych (2025)<\/p>\n<p class=\"Paragraph_desktopParagraph__U31Gm\">Urodzony w 2011 r. Bruno B\u0142ach-Baar wciela si\u0119 w rol\u0119 Gustawa &#8222;Gucci&#8221;, jednego z kluczowych bohater\u00f3w. Partneruj\u0105 mu bracia Miko\u0142aj i Filip Juszczykowie oraz <a href=\"https:\/\/www.onet.pl\/styl-zycia\/plejada\/katarzyna-wajda-ma-powod-do-dumy-jej-syn-zagral-w-filmie-nagrodzonym-zlotym-lwem\/rkrytqn,0898b825\" id=\"f61fd63d-5c31-40fb-9bb6-7b593a4a9075\" rel=\"nofollow noopener\" target=\"_blank\">Tobiasz Wajda<\/a>, syn aktorki Katarzyny Wajdy. W obsadzie znale\u017ali si\u0119 r\u00f3wnie\u017c m.in. Kamila Urz\u0119dowska, Tomasz Schuchardt, S\u0142awomir Orzechowski i Artur Paczesny.<\/p>\n<p class=\"Paragraph_desktopParagraph__U31Gm\"><a href=\"https:\/\/plejada.pl\/kamilla-baar-aktorka\" id=\"85ea0de9-91b8-4291-a191-396f3f0e993c\" rel=\"nofollow noopener\" target=\"_blank\">Kamilla Baar<\/a> nie kry\u0142a dumy z osi\u0105gni\u0119\u0107 syna. Jak podkre\u015bli\u0142a w rozmowie z PAP, udzia\u0142 w produkcji by\u0142 dla niego czym\u015b wyj\u0105tkowym:<\/p>\n<blockquote>\n<p class=\"Paragraph_desktopParagraph__U31Gm\">Bruno prze\u017cy\u0142 niezwyk\u0142\u0105 przygod\u0119 i bardzo mu tego gratuluj\u0119. Ciesz\u0119 si\u0119 z nagr\u00f3d dla &#8222;Ministrant\u00f3w&#8221;, bo to znakomity film. Nied\u0142ugo b\u0119dzie mia\u0142 premier\u0119 w kinach, zach\u0119cam wszystkich, \u017ceby go zobaczyli<\/p>\n<\/blockquote>\n<p class=\"Paragraph_desktopParagraph__U31Gm\">\u2014 m\u00f3wi\u0142a aktorka.<\/p>\n<p class=\"Paragraph_desktopParagraph__U31Gm\">Doda\u0142a te\u017c, \u017ce stara\u0142a si\u0119 wspiera\u0107 go przede wszystkim jako mama. &#8222;Syna b\u0119d\u0119 zawsze wspiera\u0107, czy w tematach \u017cyciowych ambicji, czy rozprawki z j\u0119zyka polskiego&#8221; \u2014 zaznaczy\u0142a.<\/p>\n<p><img decoding=\"async\" class=\"Image_image__0tuHp Image_autoHeight__f2n87 \" height=\"587\" width=\"880\" src=\"https:\/\/www.europesays.com\/pl\/wp-content\/uploads\/2025\/11\/_zrk9kpTURBXy80NzdiMzc3Mzk4MTg3YjBiZjNmMDMzZTIyODEzOGNiYi5qcGeSlQLNA6wAwsOVAgDNAkvCw94AA6EwAaExAaEzw.jpeg\" alt=\"Tobiasz Wajda, Filip Juszczyk, Miko\u0142aj Juszczyk, Bruno B\u0142ach-Baar (Uroczysta premiera filmu &quot;Ministranci&quot;, 2025)\" loading=\"lazy\" \/>Pawe\u0142 Wrzecion \/ AKPA<\/p>\n<p>Tobiasz Wajda, Filip Juszczyk, Miko\u0142aj Juszczyk, Bruno B\u0142ach-Baar (Uroczysta premiera filmu &#8222;Ministranci&#8221;, 2025)<\/p>\n<p class=\"Paragraph_desktopParagraph__U31Gm\">Kamilla Baar ma za sob\u0105 dwa powa\u017cne ma\u0142\u017ce\u0144stwa. W 2005 r. po\u015blubi\u0142a Wojciecha Solarza, lecz ich zwi\u0105zek rozpad\u0142 si\u0119 po czterech latach. P\u00f3\u017aniej zwi\u0105za\u0142a si\u0119 z <a href=\"https:\/\/plejada.pl\/wojciech-blach\" id=\"d6837e9c-ed26-4803-a150-46bacab308ef\" rel=\"nofollow noopener\" target=\"_blank\">Wojciechem B\u0142achem<\/a>, ojcem jej syna Brunona. Para rozsta\u0142a si\u0119 w 2014 r., ale aktorka podkre\u015bla, \u017ce utrzymuj\u0105 serdeczne relacje.<\/p>\n<p><img decoding=\"async\" class=\"Image_image__0tuHp Image_autoHeight__f2n87 \" height=\"587\" width=\"391\" src=\"https:\/\/www.europesays.com\/pl\/wp-content\/uploads\/2025\/11\/1lkk9kpTURBXy81MDYxNTkwZjBhZjA0YjljNmYxNDdiODQ1YmE0MjQyYy5qcGeSlQLNA6wAwsOVAgDNAkvCw94AA6EwAaExAaEzw.jpeg\" alt=\"Kamilla Baar i Wojciech B\u0142ach (2013)\" loading=\"lazy\" \/>Pawe\u0142 Wrzecion \/ MW Media<\/p>\n<p>Kamilla Baar i Wojciech B\u0142ach (2013)<\/p>\n<p class=\"Paragraph_desktopParagraph__U31Gm\">Dzi\u0119kujemy, \u017ce przeczyta\u0142a\u015b\/e\u015b nasz artyku\u0142 do ko\u0144ca. W serwisie Plejada.pl ka\u017cdego dnia piszemy o najwa\u017cniejszych wydarzeniach show-biznesowych. B\u0105d\u017a na bie\u017c\u0105co! <a rel=\"nofollow noopener\" href=\"https:\/\/profile.google.com\/cp\/Cg0vZy8xMWJ6X19wdHBx\" id=\"08f927fd-b12f-4bdd-afc4-dfaf49df2e44\" target=\"_blank\">Obserwuj<\/a> Plejad\u0119 w Google. Odwied\u017a nas tak\u017ce na <a rel=\"nofollow noopener\" href=\"https:\/\/www.facebook.com\/plejadapl\" id=\"4857197c-281b-42c4-8623-61fc49ef6900\" target=\"_blank\">Facebooku<\/a>, <a rel=\"nofollow noopener\" href=\"https:\/\/www.instagram.com\/plejadapl\/\" id=\"e41c0d7b-4380-40a8-bf31-8ae98e7868bb\" target=\"_blank\">Instagramie<\/a>, <a rel=\"nofollow noopener\" href=\"https:\/\/www.youtube.com\/c\/plejada\" id=\"8abdeb56-037f-4816-8f8a-baa3710b35b4\" target=\"_blank\">YouTubie<\/a> oraz <a rel=\"nofollow noopener\" href=\"https:\/\/www.tiktok.com\/@plejada_pl\" id=\"4d0d608b-5d1b-4c96-9de4-caf1cfa128a4\" target=\"_blank\">TikToku<\/a>.<\/p>\n<p class=\"Paragraph_desktopParagraph__U31Gm\">Chcesz podzieli\u0107 si\u0119 ciekawym newsem lub zaproponowa\u0107 temat? Skontaktuj si\u0119 z nami, pisz\u0105c maila na adres: <a href=\"https:\/\/www.onet.pl\/styl-zycia\/plejada\/ministranci-od-dzis-w-kinach-w-jednej-z-glownych-rol-syn-kamilli-baar\/mailto:plejada@redakcjaonet.pl\" id=\"9702d481-760e-4d18-afcf-3bb0e0f1e0e4\" rel=\"nofollow noopener\" target=\"_blank\">plejada@redakcjaon<\/a><a rel=\"nofollow noopener\" href=\"https:\/\/et.pl\/\" id=\"70a5981d-1d93-4fba-839e-173498abbc79\" target=\"_blank\">et.pl<\/a>.<\/p>\n<p><script async src=\"\/\/www.instagram.com\/embed.js\"><\/script><script async src=\"\/\/www.tiktok.com\/embed.js\"><\/script><\/p>\n","protected":false},"excerpt":{"rendered":"Film &#8222;Ministranci&#8221; w re\u017cyserii Piotra Domalewskiego \u2014 tegoroczny zwyci\u0119zca Z\u0142otych Lw\u00f3w na jubileuszowym 50. Festiwalu Polskich Film\u00f3w Fabularnych&hellip;\n","protected":false},"author":2,"featured_media":111638,"comment_status":"","ping_status":"","sticky":false,"template":"","format":"standard","meta":{"footnotes":""},"categories":[22],"tags":[122,67,24433,261,53,52,68,51,55,42,38,40,39,41,123,47,65,50,6538],"class_list":{"0":"post-111637","1":"post","2":"type-post","3":"status-publish","4":"format-standard","5":"has-post-thumbnail","7":"category-rozrywka","8":"tag-entertainment","9":"tag-intextvideo_splayer","10":"tag-kamila_baar","11":"tag-kultura","12":"tag-new_header","13":"tag-onet3","14":"tag-onet3d","15":"tag-onet3d_2i","16":"tag-phx","17":"tag-pl","18":"tag-poland","19":"tag-polish","20":"tag-polska","21":"tag-polski","22":"tag-rozrywka","23":"tag-screening_general","24":"tag-update_me","25":"tag-v2021","26":"tag-wojciech_blach"},"share_on_mastodon":{"url":"https:\/\/pubeurope.com\/@pl\/115587282748942436","error":""},"_links":{"self":[{"href":"https:\/\/www.europesays.com\/pl\/wp-json\/wp\/v2\/posts\/111637","targetHints":{"allow":["GET"]}}],"collection":[{"href":"https:\/\/www.europesays.com\/pl\/wp-json\/wp\/v2\/posts"}],"about":[{"href":"https:\/\/www.europesays.com\/pl\/wp-json\/wp\/v2\/types\/post"}],"author":[{"embeddable":true,"href":"https:\/\/www.europesays.com\/pl\/wp-json\/wp\/v2\/users\/2"}],"replies":[{"embeddable":true,"href":"https:\/\/www.europesays.com\/pl\/wp-json\/wp\/v2\/comments?post=111637"}],"version-history":[{"count":0,"href":"https:\/\/www.europesays.com\/pl\/wp-json\/wp\/v2\/posts\/111637\/revisions"}],"wp:featuredmedia":[{"embeddable":true,"href":"https:\/\/www.europesays.com\/pl\/wp-json\/wp\/v2\/media\/111638"}],"wp:attachment":[{"href":"https:\/\/www.europesays.com\/pl\/wp-json\/wp\/v2\/media?parent=111637"}],"wp:term":[{"taxonomy":"category","embeddable":true,"href":"https:\/\/www.europesays.com\/pl\/wp-json\/wp\/v2\/categories?post=111637"},{"taxonomy":"post_tag","embeddable":true,"href":"https:\/\/www.europesays.com\/pl\/wp-json\/wp\/v2\/tags?post=111637"}],"curies":[{"name":"wp","href":"https:\/\/api.w.org\/{rel}","templated":true}]}}