{"id":111668,"date":"2025-11-21T11:03:11","date_gmt":"2025-11-21T11:03:11","guid":{"rendered":"https:\/\/www.europesays.com\/pl\/111668\/"},"modified":"2025-11-21T11:03:11","modified_gmt":"2025-11-21T11:03:11","slug":"potezna-wyrwa-w-drodze-na-trasie-ekspresowej-s1-siedem-pojazdow-zostalo-uszkodzonych","status":"publish","type":"post","link":"https:\/\/www.europesays.com\/pl\/111668\/","title":{"rendered":"Pot\u0119\u017cna wyrwa w drodze na trasie ekspresowej S1. Siedem pojazd\u00f3w zosta\u0142o uszkodzonych"},"content":{"rendered":"<p>Siedem uszkodzonych pojazd\u00f3w i du\u017ce korki w stron\u0119 Sosnowca &#8211; to efekt najechania na wyrw\u0119 w drodze na trasie ekspresowej S1 w pobli\u017cu granicy D\u0105browy G\u00f3rniczej i Sosnowca w wojew\u00f3dztwie \u015bl\u0105skim.<\/p>\n<p>                         &#13;<br \/>\n        &#13;<\/p>\n<p>                                        &#13;<br \/>\n                        &#13;<br \/>\n                            <img decoding=\"async\" src=\"https:\/\/www.europesays.com\/pl\/wp-content\/uploads\/2025\/11\/000LYIYNE81G5GTR-C123-F4.jpg\" title=\"Pot\u0119\u017cna wyrwa w drodze na S1. Siedem pojazd\u00f3w uszkodzonych\" alt=\"Pot\u0119\u017cna wyrwa w drodze na S1. Siedem pojazd\u00f3w uszkodzonych\" class=\"img-responsive\"\/>&#13;<\/p>\n<p>                            &#13;<\/p>\n<p>      &#13;<br \/>\n                            Zdj\u0119cie ilustracyjne&#13;<br \/>\n                                    \/Shutterstock  &#13;\n                                    <\/p>\n<p>&#13;<\/p>\n<p>Jak poinformowa\u0142 reporter RMF FM Maciej Pa\u0142ahicki, pot\u0119\u017cna wyrwa w\u00a0drodze na trasie ekspresowej S1 powsta\u0142a w\u00a0pi\u0105tek rano przy wiadukcie na wysoko\u015bci Huty Katowice, na pograniczu D\u0105browy G\u00f3rniczej i\u00a0Sosnowca.<\/p>\n<p>W powsta\u0142\u0105 dziur\u0119 wpad\u0142o po kolei a\u017c siedem pojazd\u00f3w, kt\u00f3re uszkodzi\u0142y zawieszenie i\u00a0nie mog\u0142y jecha\u0107 dalej.<\/p>\n<p>Policjanci spisali informacje od kierowc\u00f3w, kt\u00f3rzy doznali szk\u00f3d i\u00a0zapewne b\u0119d\u0105 domagali si\u0119 odszkodowa\u0144.<\/p>\n<p>Funkcjonariusze zabezpieczali uszkodzony odcinek drogi. Na miejscu pracuj\u0105 s\u0142u\u017cby, kt\u00f3re usuwaj\u0105 wyrw\u0119 w\u00a0drodze.<\/p>\n<p>Ruch w\u00a0kierunku Mys\u0142owic i\u00a0Tych\u00f3w odbywa si\u0119 w\u00a0tym miejscu jednym pasem.\u00a0Kierowcy musz\u0105 zatem uzbroi\u0107 si\u0119 w\u00a0cierpliwo\u015b\u0107 ze wzgl\u0119du na spore utrudnienia w\u00a0ruchu.<\/p>\n<p>                    <a href=\"https:\/\/www.rmf24.pl\/pogoda\/news-pierwszy-atak-zimy-na-poludniu-kraju-zrobilo-sie-bialo,nId,8042582\" rel=\"nofollow noopener\" target=\"_blank\">Pierwszy atak zimy. Na po\u0142udniu kraju zrobi\u0142o si\u0119 bia\u0142o <\/a><\/p>\n","protected":false},"excerpt":{"rendered":"Siedem uszkodzonych pojazd\u00f3w i du\u017ce korki w stron\u0119 Sosnowca &#8211; to efekt najechania na wyrw\u0119 w drodze na&hellip;\n","protected":false},"author":2,"featured_media":111669,"comment_status":"","ping_status":"","sticky":false,"template":"","format":"standard","meta":{"footnotes":""},"categories":[5],"tags":[32,33,36,37,27,34,35,28,31,25,42,38,40,39,41,29,30,26],"class_list":{"0":"post-111668","1":"post","2":"type-post","3":"status-publish","4":"format-standard","5":"has-post-thumbnail","7":"category-naglowki","8":"tag-breaking-news","9":"tag-breakingnews","10":"tag-featured-news","11":"tag-featurednews","12":"tag-headlines","13":"tag-latest-news","14":"tag-latestnews","15":"tag-naglowki","16":"tag-najwazniejsze-artykuly","17":"tag-news","18":"tag-pl","19":"tag-poland","20":"tag-polish","21":"tag-polska","22":"tag-polski","23":"tag-top-stories","24":"tag-topstories","25":"tag-wiadomosci"},"share_on_mastodon":{"url":"https:\/\/pubeurope.com\/@pl\/115587357707341533","error":""},"_links":{"self":[{"href":"https:\/\/www.europesays.com\/pl\/wp-json\/wp\/v2\/posts\/111668","targetHints":{"allow":["GET"]}}],"collection":[{"href":"https:\/\/www.europesays.com\/pl\/wp-json\/wp\/v2\/posts"}],"about":[{"href":"https:\/\/www.europesays.com\/pl\/wp-json\/wp\/v2\/types\/post"}],"author":[{"embeddable":true,"href":"https:\/\/www.europesays.com\/pl\/wp-json\/wp\/v2\/users\/2"}],"replies":[{"embeddable":true,"href":"https:\/\/www.europesays.com\/pl\/wp-json\/wp\/v2\/comments?post=111668"}],"version-history":[{"count":0,"href":"https:\/\/www.europesays.com\/pl\/wp-json\/wp\/v2\/posts\/111668\/revisions"}],"wp:featuredmedia":[{"embeddable":true,"href":"https:\/\/www.europesays.com\/pl\/wp-json\/wp\/v2\/media\/111669"}],"wp:attachment":[{"href":"https:\/\/www.europesays.com\/pl\/wp-json\/wp\/v2\/media?parent=111668"}],"wp:term":[{"taxonomy":"category","embeddable":true,"href":"https:\/\/www.europesays.com\/pl\/wp-json\/wp\/v2\/categories?post=111668"},{"taxonomy":"post_tag","embeddable":true,"href":"https:\/\/www.europesays.com\/pl\/wp-json\/wp\/v2\/tags?post=111668"}],"curies":[{"name":"wp","href":"https:\/\/api.w.org\/{rel}","templated":true}]}}