{"id":111722,"date":"2025-11-21T11:35:16","date_gmt":"2025-11-21T11:35:16","guid":{"rendered":"https:\/\/www.europesays.com\/pl\/111722\/"},"modified":"2025-11-21T11:35:16","modified_gmt":"2025-11-21T11:35:16","slug":"pozyczka-na-kpo-dla-polski-ke-zgodzila-sie-na-rewizje","status":"publish","type":"post","link":"https:\/\/www.europesays.com\/pl\/111722\/","title":{"rendered":"Po\u017cyczka na KPO dla Polski. KE zgodzi\u0142a si\u0119 na rewizj\u0119"},"content":{"rendered":"\n<p>&#13;<br \/>\nPo zmianach, o\u00a0jakie wnios\u0142a do\u00a0Komisji Europejskiej w\u0142adza w\u00a0Warszawie og\u00f3lna kwota po\u017cyczki na\u00a0realizacj\u0119 Krajowego Planu Odbudowy (KPO) dla\u00a0Polski zmniejszy si\u0119 o\u00a0oko\u0142o 5\u00a0miliard\u00f3w euro \u2013\u00a0do\u00a054,7 miliard\u00f3w euro. KE zaaprobowa\u0142a rewizj\u0119 polskiego KPO, a\u00a0do ostatecznej decyzji potrzebna jest jeszcze zgoda Rady Unii Europejskiej. &#13;\n<\/p>\n<p>Po\u017cyczka z\u00a0KPO nieco zmniejszona <\/p>\n<p>&#13;<br \/>\n&#8222;Komisja uwa\u017ca, \u017ce\u00a0zmiany zaproponowane przez Polsk\u0119 nie\u00a0wp\u0142ywaj\u0105 na\u00a0pozytywn\u0105 ocen\u0119 KPO okre\u015blon\u0105 w\u00a0decyzji wykonawczej Rady z\u00a0dnia 17 czerwca 2022\u00a0r. w\u00a0odniesieniu do\u00a0adekwatno\u015bci, skuteczno\u015bci, efektywno\u015bci i\u00a0sp\u00f3jno\u015bci programu Krajowego Planu Odbudowy w\u00a0\u015bwietle kryteri\u00f3w oceny okre\u015blonych w\u00a0art. 19 rozporz\u0105dzenia (UE) 2021\/241&#8221; \u2013\u00a0czytamy w\u00a0projekcie decyzji dla\u00a0Rady UE rewiduj\u0105cej polskiego KPO. Na\u00a0wniosek Polski w\u00a0rewizji zmniejszono kwot\u0119 po\u017cyczek KPO z\u00a0ponad 34,5 mld euro do\u00a0blisko 29,5 mld euro. &#13;\n<\/p>\n<p>&#13;<br \/>\n\u0141\u0105cznie chodzi o\u00a0120 zmian w\u00a0stosunku do\u00a0pierwotnego plany KPO. Jan Szyszko, wiceminister funduszy i\u00a0polityki regionalnej powiedzia\u0142 PAP Biznes, \u017ce\u00a0pieni\u0105dze te\u00a0zostan\u0105 zainwestowane m.in. w\u00a0budow\u0119 linii kolejowych, <a href=\"https:\/\/dorzeczy.pl\/kraj\/806175\/premier-tusk-wieze-wiatrowe-to-przyszlosc-naszej-energetyki.html\" rel=\"nofollow noopener\" target=\"_blank\">budow\u0119 polskich elektrowni wiatrowych<\/a> i\u00a0sieci transmisyjnych. Powstan\u0105 te\u017c kolejne \u017c\u0142obki, zakupiony ma\u00a0zosta\u0107 sprz\u0119t dla\u00a0oddzia\u0142\u00f3w onkologicznych i\u00a0dofinansowane samorz\u0105dy. &#13;\n<\/p>\n<p>KE zadowolona \u2013\u00a0polskie w\u0142adze nie\u00a0rezygnuj\u0105 &#8222;zielonej&#8221; transformacji<\/p>\n<p>&#13;<br \/>\nCo szczeg\u00f3lnie istotne z\u00a0punktu widzenia Komisji Europejskiej, w\u00a0projekcie decyzji o\u00a0zmianie polskiego KPO, pozostaj\u0105 instrumenty, kt\u00f3re znacz\u0105co przyczyniaj\u0105 si\u0119 do\u00a0tzw. zielonej transformacji energetycznej. Komisja informuje, \u017ce\u00a0&#8222;wk\u0142ad zmienionego KPO w\u00a0ochron\u0119 klimatu zmniejszy\u0142 si\u0119 z\u00a041,39 proc. do\u00a040,26 procent. &#13;\n<\/p>\n<p>&#13;<br \/>\nKomisja Europejska podkre\u015bli\u0142a, \u017ce\u00a0w\u0142adze polskie nie\u00a0wywi\u0105za\u0142y si\u0119 z\u00a0obowi\u0105zku przed\u0142o\u017cenia Komisji swojego ostatecznego Krajowego Planu na\u00a0rzecz Energii i\u00a0Klimatu do\u00a02030 roku, co\u00a0mia\u0142o nast\u0105pi\u0107 do\u00a030 czerwca 2024\u00a0r., jednak zmienione KPO pozostaje sp\u00f3jne z\u00a0informacjami przedstawionymi w\u00a0Krajowym Planie na\u00a0rzecz Energii i\u00a0Klimatu na\u00a0lata 2021\u20132030 w\u00a0grudniu 2019\u00a0r. &#13;\n<\/p>\n<p>&#13;<br \/>\n&#8222;Pomimo zmian, zmodyfikowany KPO nadal znacz\u0105co przyczynia si\u0119 do\u00a0\u0142agodzenia zmian klimatu poprzez interwencje w\u00a0zakresie produkcji i\u00a0dystrybucji energii odnawialnej, efektywno\u015bci energetycznej, <a href=\"https:\/\/dorzeczy.pl\/unia-europejska\/642031\/epbd-mocne-wystapienie-ewy-zajaczkowskiej-w-pe.html\" rel=\"nofollow noopener\" target=\"_blank\">dekarbonizacji budynk\u00f3w<\/a> i\u00a0transportu bezemisyjnego&#8221; \u2013\u00a0napisano. &#13;\n<\/p>\n<p>Ile d\u0142ugu rz\u0105d zaci\u0105gn\u0105\u0142 do\u00a0tej pory? <\/p>\n<p>&#13;<br \/>\nWcze\u015bniej Komisja zatwierdzi\u0142a wyp\u0142at\u0119 czwartej i\u00a0pi\u0105tej transzy po\u017cyczki na\u00a0KPO dla\u00a0Polski w\u00a0wysoko\u015bci ok. 26 mld z\u0142. Te\u00a0pieni\u0105dze rz\u0105d powinien otrzyma\u0107 na\u00a0pocz\u0105tku grudnia. \u0141\u0105cznie Polska ma\u00a0otrzyma\u0107 jeszcze trzy transze przekraczaj\u0105ce w\u00a0sumie 100 mld z\u0142. &#13;\n<\/p>\n<p>&#13;<br \/>\nDo tej pory w\u00a0ramach KPO do\u00a0Polski trafi\u0142o 67 mld z\u0142otych. Polska zainicjowa\u0142a finaln\u0105 rewizj\u0119 KPO 26 wrze\u015bnia. Po\u00a0zmniejszeniu cz\u0119\u015bci po\u017cyczkowej o\u00a0ok. 5\u00a0mld euro og\u00f3lna kwota KPO dla\u00a0Polski zmniejszy si\u0119 do\u00a054,7 mld euro. &#13;\n<\/p>\n<p>&#13;<br \/>\nCzytaj te\u017c:<br \/><a href=\"https:\/\/dorzeczy.pl\/ekonomia\/807267\/ue-pozyczy-pieniadze-zeby-wyplacic-polsce-transze-pozyczki-na-kpo.html\" rel=\"follow nofollow noopener\" data-schema=\"DORZECZY\" data-image=\"https:\/\/img.dorzeczy.pl\/_thumb\/4c\/c6\/4b01198b4c3fxxbda1becac7089a.jpeg\" target=\"_blank\">UE po\u017cyczy pieni\u0105dze \u017ceby wyp\u0142aci\u0107 Polsce transz\u0119 po\u017cyczki na\u00a0KPO<\/a>Czytaj te\u017c:<br \/><a href=\"https:\/\/dorzeczy.pl\/ekonomia\/807339\/ceny-energii-prof-grosse-dajmy-sobie-spokoj-z-ets-i-ets2.html\" rel=\"follow nofollow noopener\" data-schema=\"DORZECZY\" data-image=\"https:\/\/img.dorzeczy.pl\/_thumb\/6a\/12\/519d38e72f2fd4a9f1f44251935a.jpeg\" target=\"_blank\">Prof. Grosse: Musimy da\u0107 sobie spok\u00f3j z\u00a0polityk\u0105 unijn\u0105, kt\u00f3ra narzuca nam ETS i\u00a0ETS2<\/a>&#13;<\/p>\n","protected":false},"excerpt":{"rendered":"&#13; Po zmianach, o\u00a0jakie wnios\u0142a do\u00a0Komisji Europejskiej w\u0142adza w\u00a0Warszawie og\u00f3lna kwota po\u017cyczki na\u00a0realizacj\u0119 Krajowego Planu Odbudowy (KPO) dla\u00a0Polski&hellip;\n","protected":false},"author":2,"featured_media":111723,"comment_status":"","ping_status":"","sticky":false,"template":"","format":"standard","meta":{"footnotes":""},"categories":[16],"tags":[113,112,15815,98,105,111,11201,6233,3948,49,103,24448,102,42,38,40,39,41,16620,24449,104],"class_list":{"0":"post-111722","1":"post","2":"type-post","3":"status-publish","4":"format-standard","5":"has-post-thumbnail","7":"category-biznes","8":"tag-biznes","9":"tag-business","10":"tag-dlug","11":"tag-dorzeczy","12":"tag-ekonomia","13":"tag-grzegorz-grzymowicz","14":"tag-ke","15":"tag-komisja-europejska","16":"tag-kpo","17":"tag-kraj","18":"tag-obserwator-mediow","19":"tag-ochrona-klimatu","20":"tag-opinie","21":"tag-pl","22":"tag-poland","23":"tag-polish","24":"tag-polska","25":"tag-polski","26":"tag-pozyczka","27":"tag-rewizja","28":"tag-unia-europejska"},"share_on_mastodon":{"url":"https:\/\/pubeurope.com\/@pl\/115587483115435349","error":""},"_links":{"self":[{"href":"https:\/\/www.europesays.com\/pl\/wp-json\/wp\/v2\/posts\/111722","targetHints":{"allow":["GET"]}}],"collection":[{"href":"https:\/\/www.europesays.com\/pl\/wp-json\/wp\/v2\/posts"}],"about":[{"href":"https:\/\/www.europesays.com\/pl\/wp-json\/wp\/v2\/types\/post"}],"author":[{"embeddable":true,"href":"https:\/\/www.europesays.com\/pl\/wp-json\/wp\/v2\/users\/2"}],"replies":[{"embeddable":true,"href":"https:\/\/www.europesays.com\/pl\/wp-json\/wp\/v2\/comments?post=111722"}],"version-history":[{"count":0,"href":"https:\/\/www.europesays.com\/pl\/wp-json\/wp\/v2\/posts\/111722\/revisions"}],"wp:featuredmedia":[{"embeddable":true,"href":"https:\/\/www.europesays.com\/pl\/wp-json\/wp\/v2\/media\/111723"}],"wp:attachment":[{"href":"https:\/\/www.europesays.com\/pl\/wp-json\/wp\/v2\/media?parent=111722"}],"wp:term":[{"taxonomy":"category","embeddable":true,"href":"https:\/\/www.europesays.com\/pl\/wp-json\/wp\/v2\/categories?post=111722"},{"taxonomy":"post_tag","embeddable":true,"href":"https:\/\/www.europesays.com\/pl\/wp-json\/wp\/v2\/tags?post=111722"}],"curies":[{"name":"wp","href":"https:\/\/api.w.org\/{rel}","templated":true}]}}