{"id":111724,"date":"2025-11-21T11:37:08","date_gmt":"2025-11-21T11:37:08","guid":{"rendered":"https:\/\/www.europesays.com\/pl\/111724\/"},"modified":"2025-11-21T11:37:08","modified_gmt":"2025-11-21T11:37:08","slug":"czarnek-reaguje-na-konflikt-kaczynskiego-z-mentzenem-nie-bedzie-prowokacji","status":"publish","type":"post","link":"https:\/\/www.europesays.com\/pl\/111724\/","title":{"rendered":"Czarnek reaguje na konflikt Kaczy\u0144skiego z Mentzenem. &#8222;Nie b\u0119dzie prowokacji&#8221;"},"content":{"rendered":"<p class=\"ods-c-paragraph \">Przemys\u0142aw Czarnek zosta\u0142 zapytany na antenie radia RMF FM o konflikt pomi\u0119dzy Jaros\u0142awem Kaczy\u0144skim i S\u0142awomirem Mentzenem, kt\u00f3ry w listopadzie przybra\u0142 na intensywno\u015bci.<\/p>\n<blockquote class=\"ods-o-quota\">\n<p class=\"ods-o-quota__paragraph\">\u2014 Mam wielk\u0105 nadziej\u0119, \u017ce to by\u0142y ju\u017c ostatnie s\u0142owa w tym serialu i nie b\u0119dzie \u017cadnych nast\u0119pnych prowokacji ze strony S\u0142awomira Mentzena<\/p>\n<\/blockquote>\n<p class=\"ods-c-paragraph \">\u2014 o\u015bwiadczy\u0142 wiceszef Prawa i Sprawiedliwo\u015bci (PiS).<\/p>\n<p>Dalszy ci\u0105g artyku\u0142u pod materia\u0142em wideo<\/p>\n<p> Co s\u0105dzi Przemys\u0142aw Czarnek o konflikcie Kaczy\u0144ski-Mentzen? <\/p>\n<p> Jakie oczekiwania ma Czarnek wobec Mentzena? <\/p>\n<p> Jak powinien zachowa\u0107 si\u0119 S\u0142awomir Mentzen wed\u0142ug Czarnka? <\/p>\n<p> Od kiedy trwa konflikt mi\u0119dzy Kaczy\u0144skim a Mentzenem? <\/p>\n<p>  Przemys\u0142aw Czarnek m\u00f3wi, jak powinien zachowa\u0107 si\u0119 S\u0142awomir Mentzen<\/p>\n<p class=\"ods-c-paragraph \">Prowadz\u0105cy rozmow\u0119 Tomasz Terlikowski zwr\u00f3ci\u0142 Czarnkowi uwag\u0119, \u017ce Kaczy\u0144ski tak\u017ce u\u017cywa\u0142 wobec Mentzena ostrych okre\u015ble\u0144. \u2014 Zacz\u0105\u0142 jednak S\u0142awomir Mentzen. To ma bardzo du\u017ce znaczenie \u2014 stwierdzi\u0142 Czarnek.<\/p>\n<p class=\"ods-c-paragraph \">Terlikowski zauwa\u017cy\u0142, \u017ce &#8222;starszy polityk powinien by\u0107 bardziej umiarkowany i pow\u015bci\u0105gliwy&#8221;. \u2014 M\u0142odszy polityk powinien by\u0107 bardziej kulturalny w stosunku do starszego polityka. Takie tak\u017ce g\u0142osy s\u0142ysz\u0119 na spotkaniach w ca\u0142ej Polsce, w kt\u00f3rych uczestnicz\u0119 \u2014 odpar\u0142 Czarnek.<\/p>\n<p>Konflikt Jaros\u0142awa Kaczy\u0144skiego ze S\u0142awomirem Mentzenem   <\/p>\n<p class=\"ods-c-paragraph \">Konflikt pomi\u0119dzy prezesem PiS i liderem Konfederacji rozpocz\u0105\u0142 si\u0119 pod koniec pa\u017adziernika. <a href=\"https:\/\/businessinsider.com.pl\/wiadomosci\/to-pokazuje-tylko-jedno-jaroslaw-kaczynski-odpowiada-slawomirowi-mentzenowi\/37qe5z3\" id=\"fe26b529-e5bb-4308-82ac-f1ad8f0eb7d6\" rel=\"nofollow noopener\" target=\"_blank\">Kaczy\u0144ski skomentowa\u0142 propozycj\u0119 prawicowego paktu w najbli\u017cszych wyborach do Senatu<\/a>. Mentzen zaproponowa\u0142, aby &#8222;gospodarzem&#8221; umowy by\u0142 Karol Nawrocki. Prezesowi PiS zarzuci\u0142 m.in. niedotrzymywanie um\u00f3w.<\/p>\n<blockquote class=\"ods-o-quota\">\n<p class=\"ods-o-quota__paragraph\">\u2014 Racjonalni ludzie, jako tako wychowani, nierzucaj\u0105cy ca\u0142kowicie nieprawdziwych oskar\u017ce\u0144, mog\u0105 ze sob\u0105 rozmawia\u0107. Ale je\u017celi kto\u015b cierpi na jakie\u015b niedostatki, to powinien najpierw si\u0119 doprowadzi\u0107 do dobrego stanu, a dopiero p\u00f3\u017aniej przej\u015b\u0107 do polityki<\/p>\n<\/blockquote>\n<p class=\"ods-c-paragraph \">\u2014 odpowiedzia\u0142 na propozycj\u0119 Kaczy\u0144ski.<\/p>\n<p class=\"ods-c-paragraph \">Mentzen odebra\u0142 s\u0142owa Kaczy\u0144skiego jako aluzj\u0119 do jego autyzmu. \u2014 Jaros\u0142aw Kaczy\u0144ski jest nie tylko k\u0142amc\u0105, ale i chamem, i wykorzystuje moj\u0105 chorob\u0119 do uderzania we mnie \u2014 m\u00f3wi\u0142 na antenie Polsatu News. P\u00f3\u017aniej opublikowa\u0142 w mediach spo\u0142eczno\u015bciowych wpis, w kt\u00f3rym t\u0142umaczy\u0142 swoje s\u0142owa.<\/p>\n<p class=\"ods-c-paragraph \">&#8222;Kaczy\u0144ski wprost powiedzia\u0142, \u017ce osoby ze spektrum nie powinny bra\u0107 udzia\u0142u w \u017cyciu publicznym&#8221; \u2014 napisa\u0142 Mentzen. Zaznaczy\u0142, \u017ce w trakcie kampanii prezydenckiej spotka\u0142 wiele os\u00f3b w spektrum, kt\u00f3re m\u00f3wi\u0142y, \u017ce da\u0142 im nadziej\u0119 &#8222;\u017ce mo\u017cna z tym w miar\u0119 normalnie \u017cy\u0107, realizowa\u0107 si\u0119, odnosi\u0107 sukcesy&#8221;.<\/p>\n","protected":false},"excerpt":{"rendered":"Przemys\u0142aw Czarnek zosta\u0142 zapytany na antenie radia RMF FM o konflikt pomi\u0119dzy Jaros\u0142awem Kaczy\u0144skim i S\u0142awomirem Mentzenem, kt\u00f3ry&hellip;\n","protected":false},"author":2,"featured_media":111725,"comment_status":"","ping_status":"","sticky":false,"template":"","format":"standard","meta":{"footnotes":""},"categories":[12],"tags":[32,33,36,37,27,422,49,34,35,28,31,48,25,46,42,38,40,6571,39,41,1524,47,865,29,30,26],"class_list":{"0":"post-111724","1":"post","2":"type-post","3":"status-publish","4":"format-standard","5":"has-post-thumbnail","7":"category-polska","8":"tag-breaking-news","9":"tag-breakingnews","10":"tag-featured-news","11":"tag-featurednews","12":"tag-headlines","13":"tag-jaroslaw_kaczynski","14":"tag-kraj","15":"tag-latest-news","16":"tag-latestnews","17":"tag-naglowki","18":"tag-najwazniejsze-artykuly","19":"tag-nat_styl","20":"tag-news","21":"tag-omp","22":"tag-pl","23":"tag-poland","24":"tag-polish","25":"tag-polityka_politycy","26":"tag-polska","27":"tag-polski","28":"tag-przemyslaw_czarnek","29":"tag-screening_general","30":"tag-slawomir_mentzen","31":"tag-top-stories","32":"tag-topstories","33":"tag-wiadomosci"},"share_on_mastodon":{"url":"https:\/\/pubeurope.com\/@pl\/115587491179071483","error":""},"_links":{"self":[{"href":"https:\/\/www.europesays.com\/pl\/wp-json\/wp\/v2\/posts\/111724","targetHints":{"allow":["GET"]}}],"collection":[{"href":"https:\/\/www.europesays.com\/pl\/wp-json\/wp\/v2\/posts"}],"about":[{"href":"https:\/\/www.europesays.com\/pl\/wp-json\/wp\/v2\/types\/post"}],"author":[{"embeddable":true,"href":"https:\/\/www.europesays.com\/pl\/wp-json\/wp\/v2\/users\/2"}],"replies":[{"embeddable":true,"href":"https:\/\/www.europesays.com\/pl\/wp-json\/wp\/v2\/comments?post=111724"}],"version-history":[{"count":0,"href":"https:\/\/www.europesays.com\/pl\/wp-json\/wp\/v2\/posts\/111724\/revisions"}],"wp:featuredmedia":[{"embeddable":true,"href":"https:\/\/www.europesays.com\/pl\/wp-json\/wp\/v2\/media\/111725"}],"wp:attachment":[{"href":"https:\/\/www.europesays.com\/pl\/wp-json\/wp\/v2\/media?parent=111724"}],"wp:term":[{"taxonomy":"category","embeddable":true,"href":"https:\/\/www.europesays.com\/pl\/wp-json\/wp\/v2\/categories?post=111724"},{"taxonomy":"post_tag","embeddable":true,"href":"https:\/\/www.europesays.com\/pl\/wp-json\/wp\/v2\/tags?post=111724"}],"curies":[{"name":"wp","href":"https:\/\/api.w.org\/{rel}","templated":true}]}}