{"id":111726,"date":"2025-11-21T11:38:08","date_gmt":"2025-11-21T11:38:08","guid":{"rendered":"https:\/\/www.europesays.com\/pl\/111726\/"},"modified":"2025-11-21T11:38:08","modified_gmt":"2025-11-21T11:38:08","slug":"dywersanci-w-polsce-mamy-nowe-informacje-ze-sluzb-specjalnych","status":"publish","type":"post","link":"https:\/\/www.europesays.com\/pl\/111726\/","title":{"rendered":"Dywersanci w Polsce. Mamy nowe informacje ze s\u0142u\u017cb specjalnych"},"content":{"rendered":"<ul class=\"UnorderedList_container__nmfSl\">\n<li class=\"UnorderedList_listElement__Py7xi\" data-id=\"ai-summary-link\">Du\u017co czytania, a ma\u0142o czasu? Sprawd\u017a\u00a0skr\u00f3t\u00a0artyku\u0142u<\/li>\n<\/ul>\n<p class=\"Paragraph_desktopParagraph__U31Gm\">Podejrzani to pochodz\u0105cy z Donbasu rosyjskoj\u0119zyczni obywatele Ukrainy, od pewnego czasu przebywaj\u0105cy na terenie Polski: trzech m\u0119\u017cczyzn i kobieta. Zostali zwerbowani przez rosyjski wywiad najprawdopodobniej zdalnie, poprzez internetowe aplikacje.<\/p>\n<p class=\"Paragraph_desktopParagraph__U31Gm\">\u2014 Nie byli ze sob\u0105 zwi\u0105zani, prawdopodobnie nie wiedzieli nawet nawzajem o swoim istnieniu \u2014 opowiada jedno ze \u017ar\u00f3de\u0142 Onetu w s\u0142u\u017cbach specjalnych.<\/p>\n<p class=\"Paragraph_desktopParagraph__U31Gm\">\u2014 Ka\u017cdy mia\u0142 inne zadanie, w tym zorganizowanie i dostarczenie na miejsce materia\u0142u wybuchowego, kt\u00f3ry <a href=\"https:\/\/www.fakt.pl\/wydarzenia\/sabotaz-na-kolei-pod-warszawa-to-on-zatrzymal-pociag\/4ntgbev\" id=\"cf7f1971-a409-4691-ada6-0a69eee91988\" rel=\"nofollow noopener\" target=\"_blank\">zosta\u0142 u\u017cyty w wysadzeniu tor\u00f3w pod Warszaw\u0105<\/a> \u2014 dodaje.<\/p>\n<p class=\"VideoPlayerText_videoPlayerText__iDwyz\">Dalszy ci\u0105g materia\u0142u pod wideo<\/p>\n<p class=\"Paragraph_desktopParagraph__U31Gm\"><a href=\"https:\/\/wiadomosci.onet.pl\/kraj\/dywersja-na-kolei-trwaja-poszukiwania-czterech-osob-przebywajacych-w-polsce\/brlzc43\" id=\"64e86754-cf3b-4e07-8b39-e76948be5c1c\" rel=\"nofollow noopener\" target=\"_blank\">Okoliczno\u015bci ich zatrzymania s\u0105 obj\u0119te tajemnic\u0105<\/a>. S\u0142u\u017cby nie zdradzaj\u0105 gdzie i kiedy zostali zatrzymani. <a href=\"https:\/\/wiadomosci.onet.pl\/kraj\/znamy-nazwiska-sciganych-terrorystow-ktorzy-chcieli-wysadzic-pociagi-w-polsce\/mf5xvjk\" id=\"8927fcc3-7da6-49fe-befa-21b367fae1f7\" rel=\"nofollow noopener\" target=\"_blank\">Potwierdzaj\u0105 si\u0119 jednak doniesienia Onetu, \u017ce m\u00f3zgiem operacji by\u0142o dw\u00f3ch zwerbowanych wcze\u015bniej przez Rosjan Ukrai\u0144c\u00f3w<\/a>, kt\u00f3rzy wjechali do Polski z terenu Bia\u0142orusi i kilka godzin p\u00f3\u017aniej po wysadzeniu tor\u00f3w opu\u015bcili nasz kraj t\u0105 sam\u0105 drog\u0105.<\/p>\n<ul class=\"OchatFollowUps_wrapper__1ry7X\">\n<li class=\"OchatFollowUps_item__Dhyly OchatFollowUps_itemDesktop__R6aBv\">Kto zosta\u0142 aresztowany w zwi\u0105zku z dywersj\u0105 na kolei?<\/li>\n<li class=\"OchatFollowUps_item__Dhyly OchatFollowUps_itemDesktop__R6aBv\">Jakie zarzuty postawiono zatrzymanym?<\/li>\n<li class=\"OchatFollowUps_item__Dhyly OchatFollowUps_itemDesktop__R6aBv\">Sk\u0105d pochodz\u0105 podejrzani dywersanci?<\/li>\n<li class=\"OchatFollowUps_item__Dhyly OchatFollowUps_itemDesktop__R6aBv\">Jakie dwie wersje wydarze\u0144 s\u0105 brane pod uwag\u0119?<\/li>\n<\/ul>\n<p class=\"Paragraph_desktopParagraph__U31Gm\">\u2014 Ta dw\u00f3jka to profesjonali\u015bci, cenni dla rosyjskich s\u0142u\u017cb. Dlatego ewakuowali si\u0119 zaraz po przygotowaniu zamachu. Pozosta\u0142a czw\u00f3rka to tzw. jednoraz\u00f3wki, skuszone obietnic\u0105 szybkiego i \u0142atwego zarobku. Nie maj\u0105 zapewne wiedzy o szczeg\u00f3\u0142ach akcji i po wype\u0142nieniu swojego zadania nie przestawiaj\u0105 wielkiej warto\u015bci dla jego zleceniodawc\u00f3w \u2014 m\u00f3wi nasz informator.<\/p>\n<p>\u015aledztwo w r\u0119kach ABW. Prokuratura nadal czeka <\/p>\n<p class=\"Paragraph_desktopParagraph__U31Gm\">\u015aledztwo w sprawie ostatnich akt\u00f3w dywersji prowadzi departament kontrwywiadu Agencji Bezpiecze\u0144stwa Wewn\u0119trznego pod nadzorem prokuratury. To jednak funkcjonariusze s\u0142u\u017cby specjalnej prowadz\u0105 w nim wszystkie czynno\u015bci. To w\u0142a\u015bnie oni m.in. prowadz\u0105 przes\u0142uchania zatrzymanych. To w\u0142a\u015bnie dlatego prokuratura nie informuje na razie o statusie czw\u00f3rki zatrzymanych, cho\u0107 dawno min\u0119\u0142o ju\u017c ustawowe 48 godzin.<\/p>\n<p class=\"Paragraph_desktopParagraph__U31Gm\">Wed\u0142ug naszych informacji wobec ca\u0142ej czw\u00f3rki skierowane zosta\u0142y wnioski o tymczasowe aresztowania i \u015bledczy czekaj\u0105 na s\u0105dowe rozstrzygni\u0119cia w tej sprawie. Wtedy opinii publicznej zaprezentowany zostanie ca\u0142o\u015bciowy komunikat w ich sprawie.<\/p>\n<p class=\"Paragraph_desktopParagraph__U31Gm\">\u2014 Na t\u0119 chwil\u0119 bierzemy pod uwag\u0119 dwie g\u0142\u00f3wne wersje wydarze\u0144. Wed\u0142ug pierwszej przygotowywany by\u0142 zamach, kt\u00f3ry doprowadzi\u0107 mia\u0142 do wykolejenia poci\u0105gu, ale przeszkodzi\u0142 w tym b\u0142\u0105d lub niechlujstwo zamachowc\u00f3w. Wed\u0142ug drugiej ca\u0142a akcja mia\u0142a na celu tylko wystraszenie spo\u0142ecze\u0144stwa i pokazanie, \u017ce &#8222;Rosja ju\u017c tu jest&#8221; \u2014 m\u00f3wi nasze \u017ar\u00f3d\u0142o.<\/p>\n","protected":false},"excerpt":{"rendered":"Du\u017co czytania, a ma\u0142o czasu? Sprawd\u017a\u00a0skr\u00f3t\u00a0artyku\u0142u Podejrzani to pochodz\u0105cy z Donbasu rosyjskoj\u0119zyczni obywatele Ukrainy, od pewnego czasu przebywaj\u0105cy&hellip;\n","protected":false},"author":2,"featured_media":111727,"comment_status":"","ping_status":"","sticky":false,"template":"","format":"standard","meta":{"footnotes":""},"categories":[5],"tags":[166,32,33,4096,36,37,27,67,353,34,35,28,31,53,25,52,68,51,55,42,38,40,39,41,349,62,47,9910,29,30,65,50,26],"class_list":{"0":"post-111726","1":"post","2":"type-post","3":"status-publish","4":"format-standard","5":"has-post-thumbnail","7":"category-naglowki","8":"tag-abw_agencja_bezpieczenstwa_wewnetrznego","9":"tag-breaking-news","10":"tag-breakingnews","11":"tag-dywersja","12":"tag-featured-news","13":"tag-featurednews","14":"tag-headlines","15":"tag-intextvideo_splayer","16":"tag-kolej_koleje_pociag_pociagi_kolejnictwo","17":"tag-latest-news","18":"tag-latestnews","19":"tag-naglowki","20":"tag-najwazniejsze-artykuly","21":"tag-new_header","22":"tag-news","23":"tag-onet3","24":"tag-onet3d","25":"tag-onet3d_2i","26":"tag-phx","27":"tag-pl","28":"tag-poland","29":"tag-polish","30":"tag-polska","31":"tag-polski","32":"tag-prokuratura_prokurator_prokuratorzy","33":"tag-rosja_kraj_rosjanin_rosjanie_rosjanka_rosjanki","34":"tag-screening_general","35":"tag-sluzby_specjalne","36":"tag-top-stories","37":"tag-topstories","38":"tag-update_me","39":"tag-v2021","40":"tag-wiadomosci"},"share_on_mastodon":{"url":"","error":"Validation failed: Text character limit of 500 exceeded"},"_links":{"self":[{"href":"https:\/\/www.europesays.com\/pl\/wp-json\/wp\/v2\/posts\/111726","targetHints":{"allow":["GET"]}}],"collection":[{"href":"https:\/\/www.europesays.com\/pl\/wp-json\/wp\/v2\/posts"}],"about":[{"href":"https:\/\/www.europesays.com\/pl\/wp-json\/wp\/v2\/types\/post"}],"author":[{"embeddable":true,"href":"https:\/\/www.europesays.com\/pl\/wp-json\/wp\/v2\/users\/2"}],"replies":[{"embeddable":true,"href":"https:\/\/www.europesays.com\/pl\/wp-json\/wp\/v2\/comments?post=111726"}],"version-history":[{"count":0,"href":"https:\/\/www.europesays.com\/pl\/wp-json\/wp\/v2\/posts\/111726\/revisions"}],"wp:featuredmedia":[{"embeddable":true,"href":"https:\/\/www.europesays.com\/pl\/wp-json\/wp\/v2\/media\/111727"}],"wp:attachment":[{"href":"https:\/\/www.europesays.com\/pl\/wp-json\/wp\/v2\/media?parent=111726"}],"wp:term":[{"taxonomy":"category","embeddable":true,"href":"https:\/\/www.europesays.com\/pl\/wp-json\/wp\/v2\/categories?post=111726"},{"taxonomy":"post_tag","embeddable":true,"href":"https:\/\/www.europesays.com\/pl\/wp-json\/wp\/v2\/tags?post=111726"}],"curies":[{"name":"wp","href":"https:\/\/api.w.org\/{rel}","templated":true}]}}