{"id":111728,"date":"2025-11-21T11:40:13","date_gmt":"2025-11-21T11:40:13","guid":{"rendered":"https:\/\/www.europesays.com\/pl\/111728\/"},"modified":"2025-11-21T11:40:13","modified_gmt":"2025-11-21T11:40:13","slug":"goldie-hawn-zyje-w-rzymskim-malzenstwie-tylko-raz-byla-bliska-zdrady","status":"publish","type":"post","link":"https:\/\/www.europesays.com\/pl\/111728\/","title":{"rendered":"Goldie Hawn \u017cyje w &#8222;rzymskim ma\u0142\u017ce\u0144stwie&#8221;. Tylko raz by\u0142a bliska zdrady"},"content":{"rendered":"<p class=\"Paragraph_desktopParagraph__U31Gm\"><a href=\"https:\/\/plejada.pl\/goldie-hawn\" id=\"6754907a-837d-4bf7-a575-016f8f4196c3\" rel=\"nofollow noopener\" target=\"_blank\">Goldie Hawn<\/a> i Kurt Russell s\u0105 razem od 1983 r., jednak poznali si\u0119 w 1968 r. podczas kr\u0119cenia musicalu Disneya &#8222;The One and Only, Genuine, Original Family Band&#8221;. Aktorka tak wspomina ich pierwsze spotkanie.<\/p>\n<p class=\"Paragraph_desktopParagraph__U31Gm\">&#8222;Mia\u0142am 21 lat, a on 16 i wydawa\u0142 mi si\u0119 uroczy, ale by\u0142 zdecydowanie za m\u0142ody. A potem, po latach, spotkali\u015bmy si\u0119 ponownie i spodoba\u0142 mi si\u0119. Pami\u0119tam, \u017ce bardzo mi si\u0119 podoba\u0142, kiedy si\u0119 poznali\u015bmy. Ale oboje powiedzieli\u015bmy, \u017ce nigdy nie zwi\u0105\u017cemy si\u0119 z innym aktorem, wi\u0119c to pokazuje, \u017ce nigdy nic nie wiadomo&#8221; \u2014 wyzna\u0142a w wywiadzie dla Entertainment Weekly w 2009 r.<\/p>\n<ul class=\"OchatFollowUps_wrapper__1ry7X\">\n<li class=\"OchatFollowUps_item__Dhyly OchatFollowUps_itemDesktop__R6aBv\">Ile lat sko\u0144czy\u0142a Goldie Hawn?<\/li>\n<li class=\"OchatFollowUps_item__Dhyly OchatFollowUps_itemDesktop__R6aBv\">Jak d\u0142ugo Goldie Hawn jest w zwi\u0105zku z Kurtem Russellem?<\/li>\n<li class=\"OchatFollowUps_item__Dhyly OchatFollowUps_itemDesktop__R6aBv\">Dlaczego Goldie Hawn nie chce wychodzi\u0107 za Kurta Russella?<\/li>\n<li class=\"OchatFollowUps_item__Dhyly OchatFollowUps_itemDesktop__R6aBv\">Kto by\u0142 bliski zakochania si\u0119 w Goldie Hawn?<\/li>\n<\/ul>\n<p>Goldie Hawn i Kurt Russell s\u0105 razem od 42 lat. Nie my\u015bl\u0105 o \u015blubie <\/p>\n<p class=\"Paragraph_desktopParagraph__U31Gm\">Goldie Hawn, kt\u00f3ra wcze\u015bniej by\u0142a \u017con\u0105 muzyka Billa Hudsona, z kt\u00f3rym ma dwoje dzieci \u2014 Kate i Olivera, wielokrotnie podkre\u015bla\u0142a, \u017ce kluczem do trwa\u0142o\u015bci jej relacji z <a href=\"https:\/\/plejada.pl\/kurt-russell-aktor\" id=\"dbde2872-a85a-4ef5-8581-db28061fc68b\" rel=\"nofollow noopener\" target=\"_blank\">Kurtem Russellem<\/a> jest wzajemne zrozumienie i rado\u015b\u0107 z bycia razem.<\/p>\n<p class=\"Paragraph_desktopParagraph__U31Gm\">&#8222;Czy \u015bmiejemy si\u0119 razem? Czy dzielimy si\u0119 pewnymi rzeczami? Nie musisz dzieli\u0107 si\u0119 wszystkim. My\u015bl\u0119, \u017ce mamy wiele oczekiwa\u0144 wobec zwi\u0105zk\u00f3w, ale musisz lubi\u0107 t\u0119 osob\u0119. To bardzo wa\u017cne&#8221; \u2014 m\u00f3wi\u0142a.<\/p>\n<p class=\"Paragraph_desktopParagraph__U31Gm\">W 2024 r. podczas wydarzenia charytatywnego Fundacji Goldie Hawn MindUP, 80-letnia aktorka nie owija\u0142a w bawe\u0142n\u0119, m\u00f3wi\u0105c wprost, \u017ce kluczem do sukcesu jest &#8222;dobry seks&#8221;. Jak zaznaczy\u0142a, to fizyczna blisko\u015b\u0107, ciep\u0142o i intymno\u015b\u0107 s\u0105 fundamentem d\u0142ugotrwa\u0142ej relacji.<\/p>\n<p><img decoding=\"async\" class=\"Image_image__0tuHp Image_autoHeight__f2n87 \" height=\"587\" width=\"649\" src=\"https:\/\/www.europesays.com\/pl\/wp-content\/uploads\/2025\/11\/P9Ik9kpTURBXy8yZDdhMWU0MTBjOWJhYTUxYWZmZmVlODU1MzgwZTE2My5qcGeSlQLNA6wAwsOVAgDNAkvCw94AA6EwAaExAaEzw.jpeg\" alt=\"Goldie Hawn z m\u0119\u017cem, Kurtem Russelem i dzie\u0107mi, Kate i Olivierem\" loading=\"lazy\" \/>BRENDAN MCDERMID \/ PAP<\/p>\n<p>Goldie Hawn z m\u0119\u017cem, Kurtem Russelem i dzie\u0107mi, Kate i Olivierem<\/p>\n<p class=\"Paragraph_desktopParagraph__U31Gm\">Goldie Hawn i Kurt Russell nigdy nie wzi\u0119li \u015blubu. Jak sama aktorka przyzna\u0142a nie zamierza wychodzi\u0107 za aktora, bo to mog\u0142oby tylko popsu\u0107 ich relacje.<\/p>\n<blockquote>\n<p class=\"Paragraph_desktopParagraph__U31Gm\">Wa\u017cne jest tylko to, \u017ce kocham Kurta i on o tym wie. Nie chc\u0119 za niego wychodzi\u0107, bo ma\u0142\u017ce\u0144ski kontrakt wszystko psuje. Wiem co\u015b o tym, mia\u0142am dw\u00f3ch m\u0119\u017c\u00f3w. Jeste\u015bmy z Kurtem na dobre i na z\u0142e, przysi\u0119gli\u015bmy to sobie w obecno\u015bci naszych dzieci. A taka przysi\u0119ga znaczy wi\u0119cej ni\u017c akt \u015blubu<\/p>\n<\/blockquote>\n<p class=\"Paragraph_desktopParagraph__U31Gm\">\u2014 m\u00f3wi\u0142a Hawn w 2018 r. w wywiadzie dla &#8222;People&#8221;.<\/p>\n<p class=\"Paragraph_desktopParagraph__U31Gm\">Wtedy te\u017c ujawni\u0142a, \u017ce tylko raz \u2014 podczas pracy na planie &#8222;Ptaszka na uwi\u0119zi&#8221; (1990) \u2014 by\u0142a o krok od zakochania si\u0119 w Melu Gibsonie.<\/p>\n<p class=\"Paragraph_desktopParagraph__U31Gm\">&#8222;Mel by\u0142 uciele\u015bnieniem marze\u0144 kobiety: przystojny, inteligentny, zabawny. I te jego niesamowite oczy. Kiedy w scenariuszu pojawi\u0142a si\u0119 gor\u0105ca scena \u0142\u00f3\u017ckowa Marianne i Ricka [te role grali Hawn i Gibson], zadzwoni\u0142am do Kurta. Powiedzia\u0142am, \u017ce musi natychmiast przylecie\u0107 do Kanady [zdj\u0119cia powstawa\u0142y w Kolumbii Brytyjskiej], bo jestem o krok od zakochania si\u0119 w Melu. Przylecia\u0142, odby\u0142 m\u0119sk\u0105 rozmow\u0119 z Melem, a potem obaj porozmawiali z re\u017cyserem. Ze scenariusza znikn\u0119\u0142a gor\u0105ca scena mi\u0142osna, ja ocali\u0142am zwi\u0105zek z Kurtem, a Kurt \u2014 przyja\u017a\u0144 z Melem&#8221; \u2014 wyzna\u0142a.,<\/p>\n<p class=\"Paragraph_desktopParagraph__U31Gm\">Gibson zosta\u0142 przyjacielem rodziny Hawn i Russella. &#8222;Jest zabawny, ma mn\u00f3stwo energii. Uwielbiam z nim pracowa\u0107&#8221; \u2014 m\u00f3wi\u0142a aktorka w programie &#8222;Today&#8221; w 2019 r.<\/p>\n<p><img decoding=\"async\" class=\"Image_image__0tuHp Image_autoHeight__f2n87 \" height=\"587\" width=\"391\" src=\"https:\/\/www.europesays.com\/pl\/wp-content\/uploads\/2025\/11\/Hmsk9kpTURBXy82MjdjNGQxYzk3NWU0ZDIzYTRlMWVmNjYzZjQwNmQ1OS5qcGeSlQLNA6wAwsOVAgDNAkvCw94AA6EwAaExAaEzw.jpeg\" alt=\"Goldie Hawn, Kurt Russell\" loading=\"lazy\" \/>Scott Kirkland \/ Getty Images<\/p>\n<p>Goldie Hawn, Kurt Russell<\/p>\n<p class=\"Paragraph_desktopParagraph__U31Gm\">Dzi\u0119kujemy, \u017ce przeczyta\u0142a\u015b\/e\u015b nasz artyku\u0142 do ko\u0144ca. W serwisie Plejada.pl ka\u017cdego dnia piszemy o najwa\u017cniejszych wydarzeniach show-biznesowych. B\u0105d\u017a na bie\u017c\u0105co! <a rel=\"nofollow noopener\" href=\"https:\/\/profile.google.com\/cp\/Cg0vZy8xMWJ6X19wdHBx\" id=\"9f892c09-7116-4ea1-9048-27da80767b71\" target=\"_blank\">Obserwuj<\/a> Plejad\u0119 w Wiadomo\u015bciach Google. Odwied\u017a nas tak\u017ce na <a rel=\"nofollow noopener\" href=\"https:\/\/www.facebook.com\/plejadapl\" id=\"bac9677d-d593-4531-b31d-91ac72fa3433\" target=\"_blank\">Facebooku<\/a>, <a rel=\"nofollow noopener\" href=\"https:\/\/www.instagram.com\/plejadapl\/\" id=\"8cd6f5de-ae1b-452a-9166-80a7e386e367\" target=\"_blank\">Instagramie<\/a>, <a rel=\"nofollow noopener\" href=\"https:\/\/www.youtube.com\/c\/plejada\" id=\"442823ed-4f44-4dba-9dc8-7117d43668e2\" target=\"_blank\">YouTube<\/a> oraz <a rel=\"nofollow noopener\" href=\"https:\/\/www.tiktok.com\/@plejada_pl\" id=\"8967b878-126d-42d9-96a3-a3cdd3421e47\" target=\"_blank\">TikToku<\/a>.<\/p>\n<p class=\"Paragraph_desktopParagraph__U31Gm\">Chcesz podzieli\u0107 si\u0119 ciekawym newsem lub zaproponowa\u0107 temat? Skontaktuj si\u0119 z nami, pisz\u0105c e-maila na adres: <a href=\"https:\/\/www.onet.pl\/styl-zycia\/plejada\/goldie-hawn-zyje-w-rzymskim-malzenstwie-tylko-raz-byla-bliska-zdrady\/mailto:plejada@redakcjaonet.pl\" id=\"86764381-8dfe-42e0-a057-4a659935cade\" rel=\"nofollow noopener\" target=\"_blank\">plejada@redakcjaonet.pl<\/a>.<\/p>\n<p><script async src=\"\/\/www.instagram.com\/embed.js\"><\/script><script async src=\"\/\/www.tiktok.com\/embed.js\"><\/script><\/p>\n","protected":false},"excerpt":{"rendered":"Goldie Hawn i Kurt Russell s\u0105 razem od 1983 r., jednak poznali si\u0119 w 1968 r. podczas kr\u0119cenia&hellip;\n","protected":false},"author":2,"featured_media":111729,"comment_status":"","ping_status":"","sticky":false,"template":"","format":"standard","meta":{"footnotes":""},"categories":[22],"tags":[122,24401,67,261,24450,53,52,68,51,55,42,38,40,39,41,123,47,65,6493,50],"class_list":{"0":"post-111728","1":"post","2":"type-post","3":"status-publish","4":"format-standard","5":"has-post-thumbnail","7":"category-rozrywka","8":"tag-entertainment","9":"tag-goldie_hawn","10":"tag-intextvideo_splayer","11":"tag-kultura","12":"tag-kurt_russell_aktor","13":"tag-new_header","14":"tag-onet3","15":"tag-onet3d","16":"tag-onet3d_2i","17":"tag-phx","18":"tag-pl","19":"tag-poland","20":"tag-polish","21":"tag-polska","22":"tag-polski","23":"tag-rozrywka","24":"tag-screening_general","25":"tag-update_me","26":"tag-urodziny","27":"tag-v2021"},"share_on_mastodon":{"url":"https:\/\/pubeurope.com\/@pl\/115587503175160921","error":""},"_links":{"self":[{"href":"https:\/\/www.europesays.com\/pl\/wp-json\/wp\/v2\/posts\/111728","targetHints":{"allow":["GET"]}}],"collection":[{"href":"https:\/\/www.europesays.com\/pl\/wp-json\/wp\/v2\/posts"}],"about":[{"href":"https:\/\/www.europesays.com\/pl\/wp-json\/wp\/v2\/types\/post"}],"author":[{"embeddable":true,"href":"https:\/\/www.europesays.com\/pl\/wp-json\/wp\/v2\/users\/2"}],"replies":[{"embeddable":true,"href":"https:\/\/www.europesays.com\/pl\/wp-json\/wp\/v2\/comments?post=111728"}],"version-history":[{"count":0,"href":"https:\/\/www.europesays.com\/pl\/wp-json\/wp\/v2\/posts\/111728\/revisions"}],"wp:featuredmedia":[{"embeddable":true,"href":"https:\/\/www.europesays.com\/pl\/wp-json\/wp\/v2\/media\/111729"}],"wp:attachment":[{"href":"https:\/\/www.europesays.com\/pl\/wp-json\/wp\/v2\/media?parent=111728"}],"wp:term":[{"taxonomy":"category","embeddable":true,"href":"https:\/\/www.europesays.com\/pl\/wp-json\/wp\/v2\/categories?post=111728"},{"taxonomy":"post_tag","embeddable":true,"href":"https:\/\/www.europesays.com\/pl\/wp-json\/wp\/v2\/tags?post=111728"}],"curies":[{"name":"wp","href":"https:\/\/api.w.org\/{rel}","templated":true}]}}