{"id":111743,"date":"2025-11-21T11:50:23","date_gmt":"2025-11-21T11:50:23","guid":{"rendered":"https:\/\/www.europesays.com\/pl\/111743\/"},"modified":"2025-11-21T11:50:23","modified_gmt":"2025-11-21T11:50:23","slug":"od-1-stycznia-podwojna-zmiana-w-rachunkach-za-prad-tak-wysokiej-stawki-jeszcze-nie-bylo","status":"publish","type":"post","link":"https:\/\/www.europesays.com\/pl\/111743\/","title":{"rendered":"Od 1 stycznia podw\u00f3jna zmiana w rachunkach za pr\u0105d. Tak wysokiej stawki jeszcze nie by\u0142o"},"content":{"rendered":"<p>\t\t\t    \t<img decoding=\"async\" src=\"https:\/\/www.europesays.com\/pl\/wp-content\/uploads\/2025\/11\/280579_r0_940.jpg\" itemprop=\"image\" alt=\"Od 1 stycznia podw\u00f3jna zmiana w rachunkach za pr\u0105d. Tak wysokiej stawki jeszcze nie by\u0142o\" title=\"W 2026 r. o ok. 50 proc. wzro\u015bnie wysoko\u015b\u0107 op\u0142aty mocowej\" class=\"gallery-image\" fetchpriority=\"high\"\/><\/p>\n<p>\t\t\t\t\t\t\tW 2026 r. o ok. 50 proc. wzro\u015bnie wysoko\u015b\u0107 op\u0142aty mocowej<\/p>\n<p>\n\t\t\t\t\t\t\t\t\tProxima Studio \/ Shutterstock\n\t\t\t\t\t\t\t\t<\/p>\n<p>\n\t\t\tUrz\u0105d Regulacji Energetyki zatwierdzi\u0142 podwy\u017cki dw\u00f3ch kluczowych op\u0142at &#8211; mocowej i kogeneracyjnej &#8211; co wp\u0142ynie na wzrost rachunk\u00f3w za pr\u0105d od stycznia 2026 r. W historii istnienia op\u0142aty mocowej tak wysokiej stawki jeszcze nie by\u0142o.\n\t\t<\/p>\n<ul>&#13;<\/p>\n<li>Od stycznia 2026 r. wzro\u015bnie op\u0142ata mocowa i kogeneracyjna na rachunku za pr\u0105d.<\/li>\n<p>&#13;<\/p>\n<li>Podwy\u017cka op\u0142aty mocowej b\u0119dzie si\u0119ga\u0107 \u015brednio 50 proc. i jest najwi\u0119ksza w historii istnienia tego mechanizmu.\u00a0Skokow\u0105 podwy\u017ck\u0119 zauwa\u017cymy na rachunkach za energi\u0119\u00a0&#8211; informuje Forsal.pl.<\/li>\n<p>&#13;<\/p>\n<li>Na samej op\u0142acie mocowej\u00a0rodzina zu\u017cywaj\u0105ca 1800 kWh rocznie zap\u0142aci ok. 7,40 z\u0142 wi\u0119cej miesi\u0119cznie.<\/li>\n<p>&#13;\n<\/ul>\n<p>&#13;<\/p>\n<p>Od stycznia 2026 r. rachunki za pr\u0105d znacz\u0105co wzrosn\u0105. Spowodowane jest to zatwierdzeniem podwy\u017cek dw\u00f3ch kluczowych op\u0142at: mocowej i kogeneracyjnej.<\/p>\n<p>&#13;<\/p>\n<p>\t\t\t\t\t<a href=\"https:\/\/www.portalsamorzadowy.pl\/gospodarka-komunalna\/pellet-bije-rekordy-popularnosci-chociaz-drozeje-powod-jest-zaskakujacy,638167.html\" class=\"read-more-box-img-cnt\" rel=\"nofollow noopener\" target=\"_blank\"><br \/>\n\t\t\t\t<img decoding=\"async\" loading=\"lazy\" width=\"300\" height=\"200\" src=\"https:\/\/www.europesays.com\/pl\/wp-content\/uploads\/2025\/11\/280334_r0_300.jpg\" alt=\"Pellet bije rekordy popularno\u015bci, chocia\u017c dro\u017ceje. Pow\u00f3d jest zaskakuj\u0105cy\" class=\"read-more-box-img\"\/><br \/>\n\t\t\t<\/a><\/p>\n<p>&#13;<br \/>\nO ile wzro\u015bnie op\u0142ata mocowa za pr\u0105d w 2026 r.?&#13;<\/p>\n<p>Op\u0142ata mocowa w 2026 r. wzro\u015bnie \u015brednio o ok. 50 proc., co oznacza wy\u017csze koszty zar\u00f3wno dla gospodarstw domowych, jak i przedsi\u0119biorc\u00f3w. Przyk\u0142adowo, jak informuje Forsal.pl, rodzina zu\u017cywaj\u0105ca 1800 kWh rocznie zap\u0142aci ok. 7,4 z\u0142 wi\u0119cej miesi\u0119cznie, a biznes rozliczaj\u0105cy si\u0119 w taryfie C odczuje wzrost stawki z 0,1412 do 0,2194 z\u0142\/kWh w godzinach szczytu.<\/p>\n<p>&#13;<\/p>\n<p>Nowe miesi\u0119czne stawki op\u0142aty mocowej to:<\/p>\n<p>&#13;<\/p>\n<ul>&#13;<\/p>\n<li>4,29 z\u0142 przy zu\u017cyciu poni\u017cej 500 kWh rocznie (obecnie jest 2,86 z\u0142);<\/li>\n<p>&#13;<\/p>\n<li>10,31 z\u0142 dla zu\u017cycia w przedziale 500-1200 kWh (obecnie 6,86 z\u0142);<\/li>\n<p>&#13;<\/p>\n<li>17,18 z\u0142 przy zu\u017cyciu 1200-2800 kWh (obecnie 11,44 z\u0142);<\/li>\n<p>&#13;<\/p>\n<li>24,05 z\u0142 dla gospodarstw zu\u017cywaj\u0105cych powy\u017cej 2800 kWh rocznie (obecnie 16,01 z\u0142).<\/li>\n<p>&#13;\n<\/ul>\n<p>&#13;<\/p>\n<p>Podwy\u017cka op\u0142aty mocowej b\u0119dzie si\u0119ga\u0107 \u015brednio 50 proc. i jest najwi\u0119ksza w historii istnienia tego mechanizmu &#8211; informuje Forsal.pl.<\/p>\n<p>&#13;<\/p>\n<p>Op\u0142ata mocowa finansuje mechanizm, kt\u00f3ry zabezpiecza nas przed niedoborem energii elektrycznej, kt\u00f3ry mo\u017ce wyst\u0105pi\u0107,\u00a0gdy produkcja energii elektrycznej jest zbyt ma\u0142a w stosunku do zapotrzebowania w danym czasie &#8211; np. w sytuacji kiedy warunki pogodowe uniemo\u017cliwiaj\u0105 produkcj\u0119 energii elektrycznej ze \u017ar\u00f3de\u0142 odnawialnych lub wyst\u0119puj\u0105 awarie albo wy\u0142\u0105czenia jednostek wytw\u00f3rczych.<\/p>\n<p>&#13;<\/p>\n<p>\t\t\t\t\t<a href=\"https:\/\/www.portalsamorzadowy.pl\/gospodarka-komunalna\/nawet-18-4-tys-zl-za-ogrzewanie-domu-jest-sposob-zeby-tego-uniknac,637605.html\" class=\"read-more-box-img-cnt\" rel=\"nofollow noopener\" target=\"_blank\"><br \/>\n\t\t\t\t<img decoding=\"async\" loading=\"lazy\" width=\"300\" height=\"200\" src=\"https:\/\/www.europesays.com\/pl\/wp-content\/uploads\/2025\/11\/280083_r0_300.jpg\" alt=\"Nawet 18,4 tys. z\u0142 za ogrzewanie domu. Jest spos\u00f3b, \u017ceby tego unikn\u0105\u0107\" class=\"read-more-box-img\"\/><br \/>\n\t\t\t<\/a><\/p>\n<p>&#13;<br \/>\nO ile wzro\u015bnie op\u0142ata\u00a0kogeneracyjna\u00a0za pr\u0105d w 2026 r.?&#13;<\/p>\n<p>Dodatkowo w 2026 r. wro\u015bnie op\u0142ata kogeneracyjna &#8211; z 3 z\u0142\/MWh do 4,36 z\u0142\/MWh.<\/p>\n<p>&#13;<\/p>\n<p>Op\u0142ata kogeneracyjna &#8211; wyra\u017cona w z\u0142\/MWh, zwi\u0105zana jest z zapewnieniem dost\u0119pno\u015bci energii elektrycznej z wysokosprawnej kogeneracji w krajowym systemie elektroenergetycznym.<\/p>\n<p>&#13;<\/p>\n<p>\t\t\t\t\t<a href=\"https:\/\/www.portalsamorzadowy.pl\/gospodarka-komunalna\/startuja-wzmozone-kontrole-nieruchomosci-od-1-stycznia-oplaty-w-gore,638212.html\" class=\"read-more-box-img-cnt\" rel=\"nofollow noopener\" target=\"_blank\"><br \/>\n\t\t\t\t<img decoding=\"async\" loading=\"lazy\" width=\"300\" height=\"200\" src=\"https:\/\/www.europesays.com\/pl\/wp-content\/uploads\/2025\/11\/280565_r0_300.jpg\" alt=\"Startuj\u0105 wzmo\u017cone kontrole nieruchomo\u015bci. Od 1 stycznia op\u0142aty w g\u00f3r\u0119\" class=\"read-more-box-img\"\/><br \/>\n\t\t\t<\/a><\/p>\n<p>&#13;<br \/>\nW 2026 r. przewidziane s\u0105 podwy\u017cki na rachunkach za pr\u0105d&#13;<\/p>\n<p>Obie podwy\u017cki prze\u0142o\u017c\u0105 si\u0119 na rekordowe obci\u0105\u017cenia na rachunkach za energi\u0119 &#8211; ostrzega Forsal.pl.<\/p>\n<p>&#13;<\/p>\n<p>Eksperci wskazuj\u0105, \u017ce najlepszym sposobem ograniczania skutk\u00f3w rosn\u0105cych cen jest inwestycja w fotowoltaik\u0119, kt\u00f3ra pozwala zmniejszy\u0107 pob\u00f3r energii z sieci i tym samym obni\u017cy\u0107 koszty dodatkowych op\u0142at.<\/p>\n<p>&#13;<\/p>\n<p>\t\t\t\t\t<a href=\"https:\/\/www.portalsamorzadowy.pl\/gospodarka-komunalna\/moj-prad-wroci-w-nowej-odslonie-minister-klimatu-mowi-o-najwiekszym-bledzie,638464.html\" class=\"read-more-box-img-cnt\" rel=\"nofollow noopener\" target=\"_blank\"><br \/>\n\t\t\t\t<img decoding=\"async\" loading=\"lazy\" width=\"300\" height=\"200\" src=\"https:\/\/www.europesays.com\/pl\/wp-content\/uploads\/2025\/11\/280444_r0_300.jpg\" alt=\"M\u00f3j Pr\u0105d wr\u00f3ci w nowej ods\u0142onie. Minister klimatu m\u00f3wi o najwi\u0119kszym b\u0142\u0119dzie\" class=\"read-more-box-img\"\/><br \/>\n\t\t\t<\/a><\/p>\n<p>\t\t\t\t<img decoding=\"async\" src=\"https:\/\/www.europesays.com\/pl\/wp-content\/uploads\/2025\/11\/copyright.png\"\/><\/p>\n<p>Materia\u0142 chroniony prawem autorskim &#8211; zasady przedruk\u00f3w okre\u015bla <a href=\"https:\/\/www.portalsamorzadowy.pl\/korzystanie-z-serwisu.html\" rel=\"nofollow noopener\" target=\"_blank\">regulamin<\/a>.<\/p>\n","protected":false},"excerpt":{"rendered":"W 2026 r. o ok. 50 proc. wzro\u015bnie wysoko\u015b\u0107 op\u0142aty mocowej Proxima Studio \/ Shutterstock Urz\u0105d Regulacji Energetyki&hellip;\n","protected":false},"author":2,"featured_media":111744,"comment_status":"","ping_status":"","sticky":false,"template":"","format":"standard","meta":{"footnotes":""},"categories":[16],"tags":[664,1178,7916,10890,24471,7910,113,112,12207,10888,7908,7914,42,38,40,39,41,7909,24470,10889,7915],"class_list":{"0":"post-111743","1":"post","2":"type-post","3":"status-publish","4":"format-standard","5":"has-post-thumbnail","7":"category-biznes","8":"tag-typedefinedterm","9":"tag-0-html","10":"tag-1027-html","11":"tag-11771-html","12":"tag-12821-html","13":"tag-7910","14":"tag-biznes","15":"tag-business","16":"tag-namepodwyu017cki","17":"tag-namepru0105d","18":"tag-nameserwis-energia-gaz-ciepu0142o","19":"tag-nameurzu0105d-regulacji-energetyki","20":"tag-pl","21":"tag-poland","22":"tag-polish","23":"tag-polska","24":"tag-polski","25":"tag-urlhttps-www-portalsamorzadowy-pl-gospodarka-komunalna-podserwis-serwis-energia-gaz-cieplo","26":"tag-urlhttps-www-portalsamorzadowy-pl-klucze-podwyzki","27":"tag-urlhttps-www-portalsamorzadowy-pl-klucze-prad","28":"tag-urlhttps-www-portalsamorzadowy-pl-klucze-urzad-regulacji-energetyki"},"share_on_mastodon":{"url":"","error":""},"_links":{"self":[{"href":"https:\/\/www.europesays.com\/pl\/wp-json\/wp\/v2\/posts\/111743","targetHints":{"allow":["GET"]}}],"collection":[{"href":"https:\/\/www.europesays.com\/pl\/wp-json\/wp\/v2\/posts"}],"about":[{"href":"https:\/\/www.europesays.com\/pl\/wp-json\/wp\/v2\/types\/post"}],"author":[{"embeddable":true,"href":"https:\/\/www.europesays.com\/pl\/wp-json\/wp\/v2\/users\/2"}],"replies":[{"embeddable":true,"href":"https:\/\/www.europesays.com\/pl\/wp-json\/wp\/v2\/comments?post=111743"}],"version-history":[{"count":0,"href":"https:\/\/www.europesays.com\/pl\/wp-json\/wp\/v2\/posts\/111743\/revisions"}],"wp:featuredmedia":[{"embeddable":true,"href":"https:\/\/www.europesays.com\/pl\/wp-json\/wp\/v2\/media\/111744"}],"wp:attachment":[{"href":"https:\/\/www.europesays.com\/pl\/wp-json\/wp\/v2\/media?parent=111743"}],"wp:term":[{"taxonomy":"category","embeddable":true,"href":"https:\/\/www.europesays.com\/pl\/wp-json\/wp\/v2\/categories?post=111743"},{"taxonomy":"post_tag","embeddable":true,"href":"https:\/\/www.europesays.com\/pl\/wp-json\/wp\/v2\/tags?post=111743"}],"curies":[{"name":"wp","href":"https:\/\/api.w.org\/{rel}","templated":true}]}}