{"id":111788,"date":"2025-11-21T12:18:14","date_gmt":"2025-11-21T12:18:14","guid":{"rendered":"https:\/\/www.europesays.com\/pl\/111788\/"},"modified":"2025-11-21T12:18:14","modified_gmt":"2025-11-21T12:18:14","slug":"dwa-tygodnie-z-zamknietym-przejazdem-kolejowym-w-poznaniu-ktoredy-wyznaczono-objazd","status":"publish","type":"post","link":"https:\/\/www.europesays.com\/pl\/111788\/","title":{"rendered":"Dwa tygodnie z zamkni\u0119tym przejazdem kolejowym w Poznaniu. Kt\u00f3r\u0119dy wyznaczono objazd?"},"content":{"rendered":"<p>    Od pi\u0105tku zamkni\u0119ty b\u0119dzie przejazd w ci\u0105gu Kra\u0144cowej.<\/p>\n<p>Jak podaje Miejski In\u017cynier Ruchu, zamkni\u0119cie ma nast\u0105pi\u0107 w pi\u0105tek, 21 listopada, oko\u0142o 21:30. Je\u015bli wszystko p\u00f3jdzie zgodnie z planem, prace remontowe w ramach modernizacji przejazdu w ci\u0105gu Kra\u0144cowej potrwaj\u0105 do 4 grudnia do godzin porannych. Za inwestycj\u0119 odpowiada PKP PLK. <\/p>\n<p><a href=\"https:\/\/epoznan.pl\/adsysClick?id=20655\" target=\"_blank\" rel=\"nofollow noopener\">Totalna wyprzeda\u017c w Salonie Odzie\u017cy Shark! Rabaty 30%, 50%, a nawet 70%! Pozna\u0144, ul. Obornicka 251<\/a><\/p>\n<p>REKLAMA<\/p>\n<p>Utrudnienia czekaj\u0105 nie tylko kierowc\u00f3w, ale te\u017c pieszych. &#8211; W tym czasie ze wzgl\u0119d\u00f3w technologicznych i bezpiecze\u0144stwa prac planowane jest zamkni\u0119cie przejazdu na ul. Kra\u0144cowej dla ruchu pojazd\u00f3w i pieszych. Objazd wyznaczono ulicami: Kra\u0144cow\u0105, G\u0142\u00f3wn\u0105, \u015bw. Micha\u0142a i Warszawsk\u0105. O organizacji ruchu informowa\u0107 b\u0119d\u0105 czytelne tablice. Roboty zwi\u0119ksz\u0105 poziom bezpiecze\u0144stwa w ruchu kolejowym i drogowym &#8211; wyja\u015bnia MIR.<\/p>\n","protected":false},"excerpt":{"rendered":"Od pi\u0105tku zamkni\u0119ty b\u0119dzie przejazd w ci\u0105gu Kra\u0144cowej. Jak podaje Miejski In\u017cynier Ruchu, zamkni\u0119cie ma nast\u0105pi\u0107 w pi\u0105tek,&hellip;\n","protected":false},"author":2,"featured_media":111789,"comment_status":"","ping_status":"","sticky":false,"template":"","format":"standard","meta":{"footnotes":""},"categories":[16],"tags":[113,112,1075,24478,42,38,40,39,41,24477],"class_list":{"0":"post-111788","1":"post","2":"type-post","3":"status-publish","4":"format-standard","5":"has-post-thumbnail","7":"category-biznes","8":"tag-biznes","9":"tag-business","10":"tag-komunikacja","11":"tag-krancowa","12":"tag-pl","13":"tag-poland","14":"tag-polish","15":"tag-polska","16":"tag-polski","17":"tag-przejazd-kolejowy"},"share_on_mastodon":{"url":"https:\/\/pubeurope.com\/@pl\/115587652388473826","error":""},"_links":{"self":[{"href":"https:\/\/www.europesays.com\/pl\/wp-json\/wp\/v2\/posts\/111788","targetHints":{"allow":["GET"]}}],"collection":[{"href":"https:\/\/www.europesays.com\/pl\/wp-json\/wp\/v2\/posts"}],"about":[{"href":"https:\/\/www.europesays.com\/pl\/wp-json\/wp\/v2\/types\/post"}],"author":[{"embeddable":true,"href":"https:\/\/www.europesays.com\/pl\/wp-json\/wp\/v2\/users\/2"}],"replies":[{"embeddable":true,"href":"https:\/\/www.europesays.com\/pl\/wp-json\/wp\/v2\/comments?post=111788"}],"version-history":[{"count":0,"href":"https:\/\/www.europesays.com\/pl\/wp-json\/wp\/v2\/posts\/111788\/revisions"}],"wp:featuredmedia":[{"embeddable":true,"href":"https:\/\/www.europesays.com\/pl\/wp-json\/wp\/v2\/media\/111789"}],"wp:attachment":[{"href":"https:\/\/www.europesays.com\/pl\/wp-json\/wp\/v2\/media?parent=111788"}],"wp:term":[{"taxonomy":"category","embeddable":true,"href":"https:\/\/www.europesays.com\/pl\/wp-json\/wp\/v2\/categories?post=111788"},{"taxonomy":"post_tag","embeddable":true,"href":"https:\/\/www.europesays.com\/pl\/wp-json\/wp\/v2\/tags?post=111788"}],"curies":[{"name":"wp","href":"https:\/\/api.w.org\/{rel}","templated":true}]}}