{"id":111803,"date":"2025-11-21T12:28:08","date_gmt":"2025-11-21T12:28:08","guid":{"rendered":"https:\/\/www.europesays.com\/pl\/111803\/"},"modified":"2025-11-21T12:28:08","modified_gmt":"2025-11-21T12:28:08","slug":"oto-cala-prawda-na-temat-sensacyjnego-transferu-kamila-grosickiego-przeglad-sportowy-onet","status":"publish","type":"post","link":"https:\/\/www.europesays.com\/pl\/111803\/","title":{"rendered":"Oto ca\u0142a prawda na temat sensacyjnego transferu Kamila Grosickiego &#8211; Przegl\u0105d Sportowy Onet"},"content":{"rendered":"<ol>\n<li><a href=\"https:\/\/news.google.com\/rss\/articles\/CBMiywFBVV95cUxNeXo2VE9RRkJXZE5GQUdYRHB6S2VQaUttMU5vR3k5blBHSG53M1VvQ3NvUU9GOHJLRlgtcDVVVGFSSjMwY0dWZmJsU1JPTnByRklWY2tMcjBvTFhZLUpVUUtxTm5sNldmeXUxdGstZTJGV2c5WHlwTXgwdGk2Y0diWjItZ0NYQ0JRWlJrbUpRdVFMNUs1NzhnOXJzLUFfdkgxNnNNUVNzaHBFSWZJbzNHUVg2bGpEQkQtU0tiQ3hZREZaWVVFUldHbVo5MA?oc=5\" target=\"_blank\" rel=\"nofollow noopener\">Oto ca\u0142a prawda na temat sensacyjnego transferu Kamila Grosickiego<\/a>&nbsp;&nbsp;Przegl\u0105d Sportowy Onet<\/li>\n<li><a href=\"https:\/\/news.google.com\/rss\/articles\/CBMiqAFBVV95cUxNdktjMTZoZ0tUbUJYbDVsc1VaTWtERGhHd2pOY0NUcWNoSGJpR2dQdUJiZ1c3ZHVFcXJkZlhKTTVCU1NvWDFKM1pQeVZRa184UjkyU1gzTGJINGpGR05aaU8xNjhNZEczd1FtRFFpOHZaQk1ONi15STMzYXZ6V09QZm5OcFpwY1lEYUtia0lhX3YteHJSU1BRa2p4eEdPMldFckpHRldvN0I?oc=5\" target=\"_blank\" rel=\"nofollow noopener\">Chc\u0105 Grosickiego, b\u0119dzie transfer? &#8222;Powa\u017cna rozmowa&#8221;<\/a>&nbsp;&nbsp;SportoweFakty<\/li>\n<li><a href=\"https:\/\/news.google.com\/rss\/articles\/CBMixgFBVV95cUxQbmtkRzlRUF85U0lBM0E1VHg1MXJIZnhOeDgzaDAycVpocVRHdVlWYzJrZFozVk1LVVphSkt1elpTSjJrMGNKNEgtV1cwekpmelVMbGZzZ09QUEhGUVZQZVhGUXJoUkx4d3V6ejNHTmdwYzMta0RmRl9nSkgtTVhXQkV2Yk1CSTZPemt4cU1pZDgxVFRNcF9ZZTVYNGU0NEY3eXRjczZmZ0prbUk3MXpSaXM3ODNiYXdFOHU2cktfX05ZeGxaOUE?oc=5\" target=\"_blank\" rel=\"nofollow noopener\">Sensacyjne wie\u015bci. Media: Ten klub chce Grosickiego. Hit wewn\u0105trz Ekstraklasy<\/a>&nbsp;&nbsp;Sport w INTERIA.PL<\/li>\n<li><a href=\"https:\/\/news.google.com\/rss\/articles\/CBMiqwFBVV95cUxObHpDYjRXUHl1elVsUXhreHAzaFZqUWdHNnhQOEV6YzVqR0JMM1VNY0Q4TlExS1NkQlhDcGRCTXE3V2pKc0diczAyZGN5UjIxWDBzWnFXaFRPdFVJSmk2SDRvNWw3ZktROFNEc0V2MHpEeUZQUF9ONDZMRzU0UXUwWFJIUTFNdTVPV3JqdmNLMWlMdWpfWXNfN1A1TVgwUEFPcXNjX0xBcVRTaGc?oc=5\" target=\"_blank\" rel=\"nofollow noopener\">Sensacyjny transfer Grosickiego?! Borek ujawnia. To by\u0142by hit! Pi\u0142ka no\u017cna<\/a>&nbsp;&nbsp;Sport.pl<\/li>\n<li><a href=\"https:\/\/news.google.com\/rss\/articles\/CBMirwFBVV95cUxNNElSQ01YYWtiWllHQ1BXNXBUNm16eEN6TnpQQ2RleXpnSHI5Vk90cTFCX3dRbnVqX1MtM3kxY2lfTXV5RmdnNFZPbnZBdTdDMEJidlotLUpjTm9PU3Z1LUdjYmNKU1ZSeDE4elNJY2VuTUFzV09reUw0WS1iMVN4RzIyRW1IZnBsQ2F0NnlBOThOZDB0Vk9abDUzd1NzZEhuYjRHQWlZd1BLYnFBM1p3?oc=5\" target=\"_blank\" rel=\"nofollow noopener\">Polski klub chce Kamila Grosickiego! Sensacyjne wie\u015bci od Borka<\/a>&nbsp;&nbsp;Meczyki.pl<\/li>\n<\/ol>\n","protected":false},"excerpt":{"rendered":"Oto ca\u0142a prawda na temat sensacyjnego transferu Kamila Grosickiego&nbsp;&nbsp;Przegl\u0105d Sportowy Onet Chc\u0105 Grosickiego, b\u0119dzie transfer? &#8222;Powa\u017cna rozmowa&#8221;&nbsp;&nbsp;SportoweFakty Sensacyjne&hellip;\n","protected":false},"author":2,"featured_media":111804,"comment_status":"","ping_status":"","sticky":false,"template":"","format":"standard","meta":{"footnotes":""},"categories":[5],"tags":[32,33,274,36,37,27,67,594,34,35,194,28,31,25,42,275,38,40,39,41,136,128,47,135,29,30,2817,26,130,3469],"class_list":{"0":"post-111803","1":"post","2":"type-post","3":"status-publish","4":"format-standard","5":"has-post-thumbnail","7":"category-naglowki","8":"tag-breaking-news","9":"tag-breakingnews","10":"tag-ekstraklasa","11":"tag-featured-news","12":"tag-featurednews","13":"tag-headlines","14":"tag-intextvideo_splayer","15":"tag-kamil_grosicki","16":"tag-latest-news","17":"tag-latestnews","18":"tag-maja","19":"tag-naglowki","20":"tag-najwazniejsze-artykuly","21":"tag-news","22":"tag-pl","23":"tag-pogon_szczecin","24":"tag-poland","25":"tag-polish","26":"tag-polska","27":"tag-polski","28":"tag-ps_detal_new","29":"tag-psv2","30":"tag-screening_general","31":"tag-sport_sport","32":"tag-top-stories","33":"tag-topstories","34":"tag-transfery","35":"tag-wiadomosci","36":"tag-wiadomosci_sportowe","37":"tag-widzew_lodz"},"share_on_mastodon":{"url":"https:\/\/pubeurope.com\/@pl\/115587691498294334","error":""},"_links":{"self":[{"href":"https:\/\/www.europesays.com\/pl\/wp-json\/wp\/v2\/posts\/111803","targetHints":{"allow":["GET"]}}],"collection":[{"href":"https:\/\/www.europesays.com\/pl\/wp-json\/wp\/v2\/posts"}],"about":[{"href":"https:\/\/www.europesays.com\/pl\/wp-json\/wp\/v2\/types\/post"}],"author":[{"embeddable":true,"href":"https:\/\/www.europesays.com\/pl\/wp-json\/wp\/v2\/users\/2"}],"replies":[{"embeddable":true,"href":"https:\/\/www.europesays.com\/pl\/wp-json\/wp\/v2\/comments?post=111803"}],"version-history":[{"count":0,"href":"https:\/\/www.europesays.com\/pl\/wp-json\/wp\/v2\/posts\/111803\/revisions"}],"wp:featuredmedia":[{"embeddable":true,"href":"https:\/\/www.europesays.com\/pl\/wp-json\/wp\/v2\/media\/111804"}],"wp:attachment":[{"href":"https:\/\/www.europesays.com\/pl\/wp-json\/wp\/v2\/media?parent=111803"}],"wp:term":[{"taxonomy":"category","embeddable":true,"href":"https:\/\/www.europesays.com\/pl\/wp-json\/wp\/v2\/categories?post=111803"},{"taxonomy":"post_tag","embeddable":true,"href":"https:\/\/www.europesays.com\/pl\/wp-json\/wp\/v2\/tags?post=111803"}],"curies":[{"name":"wp","href":"https:\/\/api.w.org\/{rel}","templated":true}]}}