{"id":111811,"date":"2025-11-21T12:34:09","date_gmt":"2025-11-21T12:34:09","guid":{"rendered":"https:\/\/www.europesays.com\/pl\/111811\/"},"modified":"2025-11-21T12:34:09","modified_gmt":"2025-11-21T12:34:09","slug":"sejm-mial-wybrac-nowego-prezesa-ipn-jest-decyzja-3","status":"publish","type":"post","link":"https:\/\/www.europesays.com\/pl\/111811\/","title":{"rendered":"Sejm mia\u0142 wybra\u0107 nowego prezesa IPN. Jest decyzja"},"content":{"rendered":"<p class=\"ods-c-paragraph \">Kandydatem rekomendowanym przez Instytut Pami\u0119ci Narodowej by\u0142 Karol Polejowski, obecny wiceprezes IPN, kt\u00f3ry po obj\u0119ciu przez Karola Nawrockiego prezydentury pe\u0142ni obowi\u0105zki prezesa tej instytucji.<\/p>\n<p>Dalszy ci\u0105g artyku\u0142u pod materia\u0142em wideo<\/p>\n<p> Kto g\u0142osowa\u0142 za kandydatur\u0105 Karola Polejowskiego? <\/p>\n<p> Ile g\u0142os\u00f3w by\u0142o przeciwko Polejowskiemu? <\/p>\n<p> Jakie partie popar\u0142y Karola Polejowskiego? <\/p>\n<p> Kim jest Karol Polejowski? <\/p>\n<p class=\"ods-c-paragraph \">Jego kandydatur\u0119 popar\u0142o 201 pos\u0142\u00f3w, 227 by\u0142o przeciwko, a sze\u015bciu wstrzyma\u0142o si\u0119 od g\u0142osu. &#8222;Za&#8221; obecnym wiceprezesem IPN g\u0142osowali wszyscy obecni na posiedzeniu parlamentarzy\u015bci PiS. Kandydaturze Polejowskiego wyra\u017anie sprzeciwi\u0142 si\u0119 klub Koalicji Obywatelskiej \u2014 popar\u0142o j\u0105 zaledwie dw\u00f3ch ze 150 g\u0142osuj\u0105cych pos\u0142\u00f3w (Piotr Borys i Jakub Rutnicki).<\/p>\n<p class=\"ods-c-paragraph \">W\u015br\u00f3d polityk\u00f3w PSL Karol Polejowski uzyska\u0142 poparcie tylko Urszuli Nowog\u00f3rskiej. Marek Sawicki i Jacek Tomczak wstrzymali si\u0119 od g\u0142osu, pozosta\u0142ych 27 pos\u0142\u00f3w tej formacji zag\u0142osowa\u0142o przeciw. Kandydatury Polejowskiego nie poparli te\u017c wszyscy pos\u0142owie Polski 2050 oraz Lewicy. &#8222;Za&#8221; byli natomiast wszyscy pos\u0142owie Konfederacji, Republikan\u00f3w oraz Konfederacji Korony Polskiej. Parlamentarzy\u015bci partii Razem wstrzymali si\u0119 od g\u0142osu.<\/p>\n<p>   Kim jest Karol Polejowski?<\/p>\n<p class=\"ods-c-paragraph \">Karol Polejowski jest absolwentem Wydzia\u0142u Historycznego Uniwersytetu Gda\u0144skiego, wyk\u0142adowc\u0105 akademickim, autorem monografii i artyku\u0142\u00f3w naukowych, w tym kilkunastu w j. angielskim i francuskim.<\/p>\n<p class=\"ods-c-paragraph \">Stopie\u0144 doktora uzyska\u0142 w 2000 r. (&#8222;Geneza i rozw\u00f3j posiad\u0142o\u015bci zakonu krzy\u017cackiego na terenie Kr\u00f3lestwa Francji do po\u0142owy XIV wieku&#8221;), habilitacj\u0119 \u2014 w 2016 r. (&#8222;Matrimonium et crux: wzrost i kariera rodu Brienne w czasie wypraw krzy\u017cowych (do pocz\u0105tku XIV w.&#8221;). <a href=\"https:\/\/wiadomosci.onet.pl\/kraj\/kto-zastapi-karola-nawrockiego-w-ipn-jest-decyzja-kolegium\/26yfghk\" id=\"309dbe1d-e168-4fea-9ac3-10a540d676b4\" rel=\"nofollow noopener\" target=\"_blank\">By\u0142 pracownikiem Katedry Filologii Roma\u0144skiej Wydzia\u0142u Filologicznego Uniwersytetu Gda\u0144skiego.<\/a><\/p>\n<p class=\"ods-c-paragraph \">Obecnie zajmuje si\u0119 prac\u0105 naukow\u0105 w zakresie polskiego podziemia niepodleg\u0142o\u015bciowego w Polsce p\u00f3\u0142nocnej, Polskich Si\u0142 Zbrojnych na Zachodzie oraz Ludowego Wojska Polskiego w walce z podziemiem po 1944 r.<\/p>\n","protected":false},"excerpt":{"rendered":"Kandydatem rekomendowanym przez Instytut Pami\u0119ci Narodowej by\u0142 Karol Polejowski, obecny wiceprezes IPN, kt\u00f3ry po obj\u0119ciu przez Karola Nawrockiego&hellip;\n","protected":false},"author":2,"featured_media":111713,"comment_status":"","ping_status":"","sticky":false,"template":"","format":"standard","meta":{"footnotes":""},"categories":[12],"tags":[32,33,36,37,27,7988,43,49,34,35,28,31,48,25,46,42,38,40,39,41,47,423,29,30,26],"class_list":{"0":"post-111811","1":"post","2":"type-post","3":"status-publish","4":"format-standard","5":"has-post-thumbnail","7":"category-polska","8":"tag-breaking-news","9":"tag-breakingnews","10":"tag-featured-news","11":"tag-featurednews","12":"tag-headlines","13":"tag-ipn","14":"tag-karol_nawrocki","15":"tag-kraj","16":"tag-latest-news","17":"tag-latestnews","18":"tag-naglowki","19":"tag-najwazniejsze-artykuly","20":"tag-nat_styl","21":"tag-news","22":"tag-omp","23":"tag-pl","24":"tag-poland","25":"tag-polish","26":"tag-polska","27":"tag-polski","28":"tag-screening_general","29":"tag-sejm","30":"tag-top-stories","31":"tag-topstories","32":"tag-wiadomosci"},"share_on_mastodon":{"url":"https:\/\/pubeurope.com\/@pl\/115587715299791806","error":""},"_links":{"self":[{"href":"https:\/\/www.europesays.com\/pl\/wp-json\/wp\/v2\/posts\/111811","targetHints":{"allow":["GET"]}}],"collection":[{"href":"https:\/\/www.europesays.com\/pl\/wp-json\/wp\/v2\/posts"}],"about":[{"href":"https:\/\/www.europesays.com\/pl\/wp-json\/wp\/v2\/types\/post"}],"author":[{"embeddable":true,"href":"https:\/\/www.europesays.com\/pl\/wp-json\/wp\/v2\/users\/2"}],"replies":[{"embeddable":true,"href":"https:\/\/www.europesays.com\/pl\/wp-json\/wp\/v2\/comments?post=111811"}],"version-history":[{"count":0,"href":"https:\/\/www.europesays.com\/pl\/wp-json\/wp\/v2\/posts\/111811\/revisions"}],"wp:featuredmedia":[{"embeddable":true,"href":"https:\/\/www.europesays.com\/pl\/wp-json\/wp\/v2\/media\/111713"}],"wp:attachment":[{"href":"https:\/\/www.europesays.com\/pl\/wp-json\/wp\/v2\/media?parent=111811"}],"wp:term":[{"taxonomy":"category","embeddable":true,"href":"https:\/\/www.europesays.com\/pl\/wp-json\/wp\/v2\/categories?post=111811"},{"taxonomy":"post_tag","embeddable":true,"href":"https:\/\/www.europesays.com\/pl\/wp-json\/wp\/v2\/tags?post=111811"}],"curies":[{"name":"wp","href":"https:\/\/api.w.org\/{rel}","templated":true}]}}