{"id":111842,"date":"2025-11-21T12:52:10","date_gmt":"2025-11-21T12:52:10","guid":{"rendered":"https:\/\/www.europesays.com\/pl\/111842\/"},"modified":"2025-11-21T12:52:10","modified_gmt":"2025-11-21T12:52:10","slug":"wielka-niespodzianka-ubisoftu-premiera-assassins-creed-black-flag-iv-remake-juz-za-moment","status":"publish","type":"post","link":"https:\/\/www.europesays.com\/pl\/111842\/","title":{"rendered":"Wielka niespodzianka Ubisoftu. Premiera Assassin&#8217;s Creed Black Flag IV Remake ju\u017c za moment?!"},"content":{"rendered":"<p>Wed\u0142ug najnowszych informacji ujawnionych przez Toma Hendersona, jednego z najbardziej wiarygodnych bran\u017cowych insider\u00f3w, Ubisoft przygotowuje si\u0119 do rych\u0142ej prezentacji nowej ods\u0142ony serii Assassin\u2019s Creed.<\/p>\n<p>W dokumentach finansowych, kt\u00f3re firma opublikowa\u0142a po op\u00f3\u017anieniu i kr\u00f3tkim wstrzymaniu handlu akcjami, znalaz\u0142a si\u0119 wzmianka o niezapowiedzianej grze maj\u0105cej trafi\u0107 na rynek przed 31 marca 2026 roku. To w\u0142a\u015bnie ta pozycja &#8211; cho\u0107 oficjalnie nieujawniona &#8211; ma by\u0107 wed\u0142ug Hendersona d\u0142ugo wyczekiwanym projektem z uniwersum asasyn\u00f3w.<\/p>\n<p>    Dalsza cz\u0119\u015b\u0107 tekstu pod wideo<\/p>\n<p>Jak donosi Insider Gaming, tajemniczym tytu\u0142em jest remake Assassin\u2019s Creed IV: Black Flag, kt\u00f3ry ma zadebiutowa\u0107 ju\u017c w tygodniu rozpoczynaj\u0105cym si\u0119 23 marca 2026 roku. O grze m\u00f3wi si\u0119 od ponad 18 miesi\u0119cy, cho\u0107 Ubisoft nie potwierdzi\u0142 jeszcze jej istnienia. Wiele wskazuje jednak na to, \u017ce projekt jest na finiszu produkcji, a firma szykuje si\u0119 do jego pokazania &#8211; szczeg\u00f3lnie \u017ce to jedyny tytu\u0142 w tegorocznym planie wydawniczym, kt\u00f3ry pozostaje ukryty.<\/p>\n<p>        <img loading=\"lazy\" decoding=\"async\" src=\"https:\/\/www.europesays.com\/pl\/wp-content\/uploads\/2025\/11\/1763225233_593_B32963402.414688363;dc_trk_aid=607216972;dc_trk_cid=228291445;ord=[timestamp];dc_lat=;dc_rdid=;tag_f.gif\" attributionsrc=\"\" border=\"0\" height=\"1\" width=\"1\" alt=\"Advertisement\"\/><\/p>\n<p>Remake Black Flag wzbudza ogromne emocje, bo orygina\u0142 z 2013 roku uznawany jest za jedn\u0105 z najlepszych cz\u0119\u015bci serii, g\u0142\u00f3wnie dzi\u0119ki pirackiemu klimatowi, otwartemu morzu i charyzmatycznemu Edwardowi Kenwayowi. Wed\u0142ug przeciek\u00f3w gra ma by\u0107 bardziej RPG-owa, co sugeruje wi\u0119ksz\u0105 swobod\u0119 rozwoju postaci i system\u00f3w znanych z nowszych ods\u0142on. Je\u015bli doniesienia Hendersona si\u0119 potwierdz\u0105, oficjalna zapowied\u017a mo\u017ce nast\u0105pi\u0107 szybciej, ni\u017c wielu si\u0119 spodziewa. By\u0107 mo\u017ce na TGA 2025?<\/p>\n<p>Raport ujawnia te\u017c, \u017ce do 31 marca 2026 zadebiutuje remake Prince of Persia: Piaski Czasu.<\/p>\n","protected":false},"excerpt":{"rendered":"Wed\u0142ug najnowszych informacji ujawnionych przez Toma Hendersona, jednego z najbardziej wiarygodnych bran\u017cowych insider\u00f3w, Ubisoft przygotowuje si\u0119 do rych\u0142ej&hellip;\n","protected":false},"author":2,"featured_media":170,"comment_status":"","ping_status":"","sticky":false,"template":"","format":"standard","meta":{"footnotes":""},"categories":[20],"tags":[120,118,119,42,38,40,39,41,116,114,115,121,117],"class_list":{"0":"post-111842","1":"post","2":"type-post","3":"status-publish","4":"format-standard","5":"has-post-thumbnail","7":"category-nauka-i-technika","8":"tag-nauka","9":"tag-nauka-i-technika","10":"tag-naukatechnika","11":"tag-pl","12":"tag-poland","13":"tag-polish","14":"tag-polska","15":"tag-polski","16":"tag-science","17":"tag-science-and-technology","18":"tag-sciencetechnology","19":"tag-technika","20":"tag-technology"},"share_on_mastodon":{"url":"https:\/\/pubeurope.com\/@pl\/115587786141487633","error":""},"_links":{"self":[{"href":"https:\/\/www.europesays.com\/pl\/wp-json\/wp\/v2\/posts\/111842","targetHints":{"allow":["GET"]}}],"collection":[{"href":"https:\/\/www.europesays.com\/pl\/wp-json\/wp\/v2\/posts"}],"about":[{"href":"https:\/\/www.europesays.com\/pl\/wp-json\/wp\/v2\/types\/post"}],"author":[{"embeddable":true,"href":"https:\/\/www.europesays.com\/pl\/wp-json\/wp\/v2\/users\/2"}],"replies":[{"embeddable":true,"href":"https:\/\/www.europesays.com\/pl\/wp-json\/wp\/v2\/comments?post=111842"}],"version-history":[{"count":0,"href":"https:\/\/www.europesays.com\/pl\/wp-json\/wp\/v2\/posts\/111842\/revisions"}],"wp:featuredmedia":[{"embeddable":true,"href":"https:\/\/www.europesays.com\/pl\/wp-json\/wp\/v2\/media\/170"}],"wp:attachment":[{"href":"https:\/\/www.europesays.com\/pl\/wp-json\/wp\/v2\/media?parent=111842"}],"wp:term":[{"taxonomy":"category","embeddable":true,"href":"https:\/\/www.europesays.com\/pl\/wp-json\/wp\/v2\/categories?post=111842"},{"taxonomy":"post_tag","embeddable":true,"href":"https:\/\/www.europesays.com\/pl\/wp-json\/wp\/v2\/tags?post=111842"}],"curies":[{"name":"wp","href":"https:\/\/api.w.org\/{rel}","templated":true}]}}