{"id":111866,"date":"2025-11-21T13:07:10","date_gmt":"2025-11-21T13:07:10","guid":{"rendered":"https:\/\/www.europesays.com\/pl\/111866\/"},"modified":"2025-11-21T13:07:10","modified_gmt":"2025-11-21T13:07:10","slug":"miliony-na-przebudowe-przejazdow-kolejowych-trzy-w-wielkopolsce-maja-byc-bezpieczniejsze","status":"publish","type":"post","link":"https:\/\/www.europesays.com\/pl\/111866\/","title":{"rendered":"Miliony na przebudow\u0119 przejazd\u00f3w kolejowych. Trzy w Wielkopolsce maj\u0105 by\u0107 bezpieczniejsze"},"content":{"rendered":"<p>    PKP PLK przeznaczaj\u0105 na ten cel 24 mln z\u0142otych.<\/p>\n<p>Kolejarze w\u0142a\u015bnie podpisali umow\u0119 z firm\u0105 Trans-Tel na realizacj\u0119 kolejnego etapu modernizacji przejazd\u00f3w kolejowych w kraju. &#8211; Dotychczasowe urz\u0105dzenia przejazdowe zostan\u0105 wymienione na nowoczesne systemy sterowania ruchem i zabezpiecze\u0144, co zwi\u0119kszy bezpiecze\u0144stwo i umo\u017cliwi sprawne pokonanie tor\u00f3w. Redukcja awaryjno\u015bci oznacza wi\u0119ksz\u0105 ochron\u0119 dla wszystkich u\u017cytkownik\u00f3w przejazd\u00f3w &#8211; pasa\u017cer\u00f3w, poci\u0105g\u00f3w, kierowc\u00f3w, rowerzyst\u00f3w i pieszych &#8211; podkre\u015bla PKP PLK.<\/p>\n<p><a href=\"https:\/\/epoznan.pl\/adsysClick?id=20655\" target=\"_blank\" rel=\"nofollow noopener\">Totalna wyprzeda\u017c w Salonie Odzie\u017cy Shark! Rabaty 30%, 50%, a nawet 70%! Pozna\u0144, ul. Obornicka 251<\/a><\/p>\n<p>REKLAMA<\/p>\n<p>W ramach prac zmodernizowanych zostanie pi\u0119\u0107 przejazd\u00f3w w wojew\u00f3dztwie kujawsko-pomorskim, dwa przejazdy w wojew\u00f3dztwie lubuskim, trzy przejazdy w wojew\u00f3dztwie lubuskim oraz trzy przejazdy w Wielkopolsce. Nowy wygl\u0105d zyskaj\u0105 przejazdy w Rakoniewicach, Raszkowie oraz Nowych Skalmierzycach. <\/p>\n<p>&#8211; Prace obejm\u0105 m.in. likwidacj\u0119 posterunk\u00f3w dr\u00f3\u017cnika przejazdowego, a w miejsce likwidowanych posterunk\u00f3w zostan\u0105 zabudowane samoczynne systemy przejazdowe, urz\u0105dzenia sterowania ruchem kolejowym oraz sygnalizacji \u015bwietlno-d\u017awi\u0119kowej i p\u00f3\u0142rogatek. Dzi\u0119ki tym dzia\u0142aniom podniesiony zostanie standard bezpiecze\u0144stwa na skrzy\u017cowaniach tor\u00f3w z drogami, a przejazdy b\u0119d\u0105 bardziej niezawodne i sprawne &#8211; dodaje.<\/p>\n<p>Ca\u0142y projekt, w ramach kt\u00f3rego przebudowanych ma zosta\u0107 59 przejazd\u00f3w kolejowych, b\u0119dzie kosztowa\u0107 ponad 188 milion\u00f3w z\u0142otych. <\/p>\n","protected":false},"excerpt":{"rendered":"PKP PLK przeznaczaj\u0105 na ten cel 24 mln z\u0142otych. Kolejarze w\u0142a\u015bnie podpisali umow\u0119 z firm\u0105 Trans-Tel na realizacj\u0119&hellip;\n","protected":false},"author":2,"featured_media":111867,"comment_status":"","ping_status":"","sticky":false,"template":"","format":"standard","meta":{"footnotes":""},"categories":[16],"tags":[113,112,1205,1075,42,38,40,39,41,24495],"class_list":{"0":"post-111866","1":"post","2":"type-post","3":"status-publish","4":"format-standard","5":"has-post-thumbnail","7":"category-biznes","8":"tag-biznes","9":"tag-business","10":"tag-kolej","11":"tag-komunikacja","12":"tag-pl","13":"tag-poland","14":"tag-polish","15":"tag-polska","16":"tag-polski","17":"tag-przejazdy-kolejowe"},"share_on_mastodon":{"url":"https:\/\/pubeurope.com\/@pl\/115587844967127829","error":""},"_links":{"self":[{"href":"https:\/\/www.europesays.com\/pl\/wp-json\/wp\/v2\/posts\/111866","targetHints":{"allow":["GET"]}}],"collection":[{"href":"https:\/\/www.europesays.com\/pl\/wp-json\/wp\/v2\/posts"}],"about":[{"href":"https:\/\/www.europesays.com\/pl\/wp-json\/wp\/v2\/types\/post"}],"author":[{"embeddable":true,"href":"https:\/\/www.europesays.com\/pl\/wp-json\/wp\/v2\/users\/2"}],"replies":[{"embeddable":true,"href":"https:\/\/www.europesays.com\/pl\/wp-json\/wp\/v2\/comments?post=111866"}],"version-history":[{"count":0,"href":"https:\/\/www.europesays.com\/pl\/wp-json\/wp\/v2\/posts\/111866\/revisions"}],"wp:featuredmedia":[{"embeddable":true,"href":"https:\/\/www.europesays.com\/pl\/wp-json\/wp\/v2\/media\/111867"}],"wp:attachment":[{"href":"https:\/\/www.europesays.com\/pl\/wp-json\/wp\/v2\/media?parent=111866"}],"wp:term":[{"taxonomy":"category","embeddable":true,"href":"https:\/\/www.europesays.com\/pl\/wp-json\/wp\/v2\/categories?post=111866"},{"taxonomy":"post_tag","embeddable":true,"href":"https:\/\/www.europesays.com\/pl\/wp-json\/wp\/v2\/tags?post=111866"}],"curies":[{"name":"wp","href":"https:\/\/api.w.org\/{rel}","templated":true}]}}