{"id":111884,"date":"2025-11-21T13:19:08","date_gmt":"2025-11-21T13:19:08","guid":{"rendered":"https:\/\/www.europesays.com\/pl\/111884\/"},"modified":"2025-11-21T13:19:08","modified_gmt":"2025-11-21T13:19:08","slug":"znamy-date-i-miejsce-pogrzebu-zony-przemyslawa-babiarza-oto-szczegoly","status":"publish","type":"post","link":"https:\/\/www.europesays.com\/pl\/111884\/","title":{"rendered":"Znamy dat\u0119 i miejsce pogrzebu \u017cony Przemys\u0142awa Babiarza. Oto szczeg\u00f3\u0142y"},"content":{"rendered":"<p class=\"typography ids-typeset-body ids-typeset-body--preset-large link paragraph ids-paragraph ids-paragraph--default\">W \u015brod\u0119 p\u00f3\u017anym wieczorem media obieg\u0142a informacja o \u015bmierci \u017cony<a href=\"https:\/\/www.pomponik.pl\/plotki\/news-przemyslaw-babiarz-w-zalobie-smutne-wiesci-nadeszly-przed-po,nId,22456153\" target=\"_self\" rel=\"nofollow noopener\">\u00a0znanego i cenionego dziennikarza sportowego Przemys\u0142awa Babiarza, Marzeny Babiarz\u00a0<\/a>.<\/p>\n<p class=\"typography ids-typeset-body ids-typeset-body--preset-large link paragraph ids-paragraph ids-paragraph--default\">O tych smutnych doniesieniach poinformowano na stronie miasta Przemy\u015bla, z kt\u00f3rym zwi\u0105zana jest rodzina dziennikarza TVP.<\/p>\n<p class=\"typography ids-typeset-body ids-typeset-body--preset-large link paragraph ids-paragraph ids-paragraph--default\">&#8222;Ludzie, kt\u00f3rych kochamy, zostaj\u0105 na zawsze, bo zostawili \u015blady w naszych sercach. Panu Przemys\u0142awowi Babiarzowi wybitnemu dziennikarzowi i Honorowemu Obywatelowi Miasta Przemy\u015bla wyrazy g\u0142\u0119bokiego wsp\u00f3\u0142czucia oraz wsparcia w niezwykle trudnych chwilach po stracie \u017bony sk\u0142adaj\u0105 Prezydent Miasta Przemy\u015bla Wojciech Bakun oraz Przewodnicz\u0105cy Rady Miejskiej w Przemy\u015blu Marcin Kowalski&#8221; &#8211; przekazano.<\/p>\n<p>Iwona Pavlovi\u0107 o wygranej Bagiego. Odnosi si\u0119 do zani\u017cania ocenpomponik.pl<\/p>\n<p>Znamy dat\u0119 i miejsce pogrzebu \u017cony Przemys\u0142awa Babiarza. Oto szczeg\u00f3\u0142y<\/p>\n<p class=\"typography ids-typeset-body ids-typeset-body--preset-large link paragraph ids-paragraph ids-paragraph--default\">Nast\u0119pnie kondolencje Babiarzowi z\u0142o\u017cyli tak\u017ce koledzy i kole\u017canki z telewizji publicznej.<\/p>\n<p class=\"typography ids-typeset-body ids-typeset-body--preset-large link paragraph ids-paragraph ids-paragraph--default\">&#8222;Z g\u0142\u0119bokim smutkiem przyj\u0119li\u015bmy wiadomo\u015b\u0107 o \u015bmierci ukochanej Ma\u0142\u017conki Przemys\u0142awa Babiarza. Sk\u0142adamy Ci Przemku najszczersze kondolencje i \u0142\u0105czymy si\u0119 z Tob\u0105 w b\u00f3lu i \u017calu z powodu odej\u015bcia Marzeny. Przyjmij prosz\u0119 wyrazy otuchy i si\u0142y na nadchodz\u0105ce dni&#8221; &#8211; czytamy.<\/p>\n<p class=\"typography ids-typeset-body ids-typeset-body--preset-large link paragraph ids-paragraph ids-paragraph--default\">Przemys\u0142aw i Marzena Babiarz byli razem przez 30 lat. Poznali si\u0119 na targach spo\u017cywczych, gdzie Babiarz wyst\u0119powa\u0142 jako konferansjer, a ona handlowa\u0142a.<\/p>\n<p class=\"typography ids-typeset-body ids-typeset-body--preset-large link paragraph ids-paragraph ids-paragraph--default\">Chocia\u017c dziennikarz sportowy rzadko w wywiadach porusza\u0142 prywatne tematy, to jaki\u015b czas temu wyjawi\u0142, \u017ce jego ma\u0142\u017conka choruje.<\/p>\n<p class=\"typography ids-typeset-body ids-typeset-body--preset-large link paragraph ids-paragraph ids-paragraph--default\">&#8222;Choroba najpierw dotkn\u0119\u0142a mnie, a teraz dotyka moj\u0105 \u017con\u0119. Jednak wierz\u0119, \u017ce przejdziemy przez to mocniejsi&#8221; &#8211; powiedzia\u0142 Babiarz ponad rok temu w rozmowie z &#8222;Faktem&#8221;.<\/p>\n<p class=\"typography ids-typeset-body ids-typeset-body--preset-large link paragraph ids-paragraph ids-paragraph--default\">W pi\u0105tek poznali\u015bmy szczeg\u00f3\u0142y pogrzebu Marzeny Babiarz. Jak donosi portal o2.pl, organizatorem pogrzebu \u017cony Przemys\u0142awa Babiarza jest Dom Pogrzebowy Hades. Uroczysto\u015bci \u017ca\u0142obne maj\u0105 odby\u0107 si\u0119 w sobot\u0119, 22 listopada w Przemy\u015blu. Kobieta zostanie pochowana na Cmentarzu G\u0142\u00f3wnym.<\/p>\n<ul class=\"typography ids-typeset-body ids-typeset-body--preset-small list--article-list ids-list ids-list--unordered ids-list--size-small \" datatype=\"disc\">\n<li class=\"ids-list-item ids-list-item__content brief-list-item\"><a class=\"ids-undecorated-link link ids-link \" data-spons=\"false\" href=\"https:\/\/www.pomponik.pl\/relacje-i-zwiazki\/news-zmarla-zona-przemyslawa-babiarza-marzena-rzadko-pokazywala-s,nId,22456185\" rel=\"nofollow noopener\" target=\"_blank\">Zmar\u0142a \u017cona Przemys\u0142awa Babiarza. Marzena rzadko pokazywa\u0142a si\u0119 z nim publicznie<\/a><\/li>\n<li class=\"ids-list-item ids-list-item__content brief-list-item\"><a class=\"ids-undecorated-link link ids-link \" data-spons=\"false\" href=\"https:\/\/www.pomponik.pl\/plotki\/news-zaskakujaca-prawda-na-temat-przemyslawa-babiarza-malo-kto-o,nId,7849441\" rel=\"nofollow noopener\" target=\"_blank\">Zaskakuj\u0105ca prawda na temat Przemys\u0142awa Babiarza. Ma\u0142o kto o tym wiedzia\u0142<\/a><\/li>\n<\/ul>\n<p>Czytaj tak\u017ce:<a id=\"a-img\" class=\"hl-6\"><img class=\"hl-8\"\/><\/a><a id=\"a-main\" class=\"hl-9\"\/>Halo! Wejd\u017a na <a id=\"halo-text-a\" href=\"https:\/\/halotu.polsat.pl#parametr=link_halo\" rel=\"nofollow noopener\" target=\"_blank\">halotu.polsat.pl<\/a> i nie przegap naj\u015bwie\u017cszych informacji z poranka w Polsacie.<\/p>\n","protected":false},"excerpt":{"rendered":"W \u015brod\u0119 p\u00f3\u017anym wieczorem media obieg\u0142a informacja o \u015bmierci \u017cony\u00a0znanego i cenionego dziennikarza sportowego Przemys\u0142awa Babiarza, Marzeny Babiarz\u00a0.&hellip;\n","protected":false},"author":2,"featured_media":111885,"comment_status":"","ping_status":"","sticky":false,"template":"","format":"standard","meta":{"footnotes":""},"categories":[22],"tags":[122,42,38,40,39,41,123],"class_list":{"0":"post-111884","1":"post","2":"type-post","3":"status-publish","4":"format-standard","5":"has-post-thumbnail","7":"category-rozrywka","8":"tag-entertainment","9":"tag-pl","10":"tag-poland","11":"tag-polish","12":"tag-polska","13":"tag-polski","14":"tag-rozrywka"},"share_on_mastodon":{"url":"https:\/\/pubeurope.com\/@pl\/115587892000276036","error":""},"_links":{"self":[{"href":"https:\/\/www.europesays.com\/pl\/wp-json\/wp\/v2\/posts\/111884","targetHints":{"allow":["GET"]}}],"collection":[{"href":"https:\/\/www.europesays.com\/pl\/wp-json\/wp\/v2\/posts"}],"about":[{"href":"https:\/\/www.europesays.com\/pl\/wp-json\/wp\/v2\/types\/post"}],"author":[{"embeddable":true,"href":"https:\/\/www.europesays.com\/pl\/wp-json\/wp\/v2\/users\/2"}],"replies":[{"embeddable":true,"href":"https:\/\/www.europesays.com\/pl\/wp-json\/wp\/v2\/comments?post=111884"}],"version-history":[{"count":0,"href":"https:\/\/www.europesays.com\/pl\/wp-json\/wp\/v2\/posts\/111884\/revisions"}],"wp:featuredmedia":[{"embeddable":true,"href":"https:\/\/www.europesays.com\/pl\/wp-json\/wp\/v2\/media\/111885"}],"wp:attachment":[{"href":"https:\/\/www.europesays.com\/pl\/wp-json\/wp\/v2\/media?parent=111884"}],"wp:term":[{"taxonomy":"category","embeddable":true,"href":"https:\/\/www.europesays.com\/pl\/wp-json\/wp\/v2\/categories?post=111884"},{"taxonomy":"post_tag","embeddable":true,"href":"https:\/\/www.europesays.com\/pl\/wp-json\/wp\/v2\/tags?post=111884"}],"curies":[{"name":"wp","href":"https:\/\/api.w.org\/{rel}","templated":true}]}}