{"id":111896,"date":"2025-11-21T13:29:09","date_gmt":"2025-11-21T13:29:09","guid":{"rendered":"https:\/\/www.europesays.com\/pl\/111896\/"},"modified":"2025-11-21T13:29:09","modified_gmt":"2025-11-21T13:29:09","slug":"katastrofa-lotnicza-w-dubaju-maszyna-natychmiast-stanela-w-plonieniach","status":"publish","type":"post","link":"https:\/\/www.europesays.com\/pl\/111896\/","title":{"rendered":"Katastrofa lotnicza w Dubaju. Maszyna natychmiast stan\u0119\u0142a w p\u0142onieniach"},"content":{"rendered":"<p class=\"Paragraph_desktopParagraph__U31Gm\">Wed\u0142ug informacji przekazanych przez Indyjskie Si\u0142y Powietrzne, maszyna kilkakrotnie przelecia\u0142a nad obszarem pokaz\u00f3w, po czym nagle straci\u0142a kontrol\u0119 i gwa\u0142townie zanurkowa\u0142a w kierunku ziemi. W wyniku katastrofy pilot poni\u00f3s\u0142 \u015bmier\u0107 na miejscu. Na lotnisku Al Maktoum, gdzie odbywa\u0142y si\u0119 targi Dubai Air Show, po wypadku pojawi\u0142 si\u0119 g\u0119sty, czarny dym, a s\u0142u\u017cby ratunkowe natychmiast podj\u0119\u0142y dzia\u0142ania.<\/p>\n<ul class=\"OchatFollowUps_wrapper__1ry7X\">\n<li class=\"OchatFollowUps_item__Dhyly OchatFollowUps_itemDesktop__R6aBv\">Kto zgin\u0105\u0142 w katastrofie lotniczej w Dubaju?<\/li>\n<li class=\"OchatFollowUps_item__Dhyly OchatFollowUps_itemDesktop__R6aBv\">Co spowodowa\u0142o katastrof\u0119 samolotu?<\/li>\n<li class=\"OchatFollowUps_item__Dhyly OchatFollowUps_itemDesktop__R6aBv\">Gdzie odbywa\u0142 si\u0119 Dubai Air Show?<\/li>\n<li class=\"OchatFollowUps_item__Dhyly OchatFollowUps_itemDesktop__R6aBv\">Jakie dzia\u0142ania podj\u0119\u0142y Indyjskie Si\u0142y Powietrzne po wypadku?<\/li>\n<\/ul>\n<p class=\"Paragraph_desktopParagraph__U31Gm\">Indyjskie Si\u0142y Powietrzne w wydanym o\u015bwiadczeniu wyrazi\u0142y g\u0142\u0119bokie wsp\u00f3\u0142czucie rodzinie zmar\u0142ego pilota oraz zapewni\u0142y o wsparciu w tym trudnym czasie. Podkre\u015blono r\u00f3wnie\u017c, \u017ce powo\u0142ano specjaln\u0105 komisj\u0119 do zbadania okoliczno\u015bci katastrofy.<\/p>\n<p class=\"Paragraph_desktopParagraph__U31Gm\">Dubai Air Show, organizowane co dwa lata i przyci\u0105gaj\u0105 uwag\u0119 bran\u017cy lotniczej z ca\u0142ego \u015bwiata. W trakcie tegorocznej edycji du\u017ce zam\u00f3wienia na samoloty z\u0142o\u017cy\u0142y linie Emirates oraz FlyDubai, kt\u00f3re nale\u017c\u0105 do najwi\u0119kszych przewo\u017anik\u00f3w w regionie. W\u0142adze lotniska oraz dubajska policja nie udzieli\u0142y dotychczas oficjalnych komentarzy na temat pi\u0105tkowego wypadku.<\/p>\n<p class=\"Paragraph_desktopParagraph__U31Gm\">HAL Tejas to lekki, jednosilnikowy my\u015bliwiec produkowany przez pa\u0144stwow\u0105 firm\u0119 Hindustan Aeronautics Limited. Samolot zosta\u0142 zaprojektowany z my\u015bl\u0105 o wzmocnieniu indyjskich si\u0142 powietrznych, kt\u00f3re w ostatnich latach mierz\u0105 si\u0119 z rosn\u0105c\u0105 obecno\u015bci\u0105 wojskow\u0105 Chin w Azji Po\u0142udniowej. Tejas ma odegra\u0107 kluczow\u0105 rol\u0119 w modernizacji floty, zw\u0142aszcza w kontek\u015bcie zacie\u015bniania wsp\u00f3\u0142pracy obronnej Chin z Pakistanem.<\/p>\n","protected":false},"excerpt":{"rendered":"Wed\u0142ug informacji przekazanych przez Indyjskie Si\u0142y Powietrzne, maszyna kilkakrotnie przelecia\u0142a nad obszarem pokaz\u00f3w, po czym nagle straci\u0142a kontrol\u0119&hellip;\n","protected":false},"author":2,"featured_media":111897,"comment_status":"","ping_status":"","sticky":false,"template":"","format":"standard","meta":{"footnotes":""},"categories":[14],"tags":[32,33,27,34,35,28,31,53,25,52,68,51,55,40,41,47,80,29,30,50,26,82,83,84],"class_list":{"0":"post-111896","1":"post","2":"type-post","3":"status-publish","4":"format-standard","5":"has-post-thumbnail","7":"category-swiat","8":"tag-breaking-news","9":"tag-breakingnews","10":"tag-headlines","11":"tag-latest-news","12":"tag-latestnews","13":"tag-naglowki","14":"tag-najwazniejsze-artykuly","15":"tag-new_header","16":"tag-news","17":"tag-onet3","18":"tag-onet3d","19":"tag-onet3d_2i","20":"tag-phx","21":"tag-polish","22":"tag-polski","23":"tag-screening_general","24":"tag-swiat","25":"tag-top-stories","26":"tag-topstories","27":"tag-v2021","28":"tag-wiadomosci","29":"tag-world","30":"tag-world-news","31":"tag-worldnews"},"share_on_mastodon":{"url":"https:\/\/pubeurope.com\/@pl\/115587931413197504","error":""},"_links":{"self":[{"href":"https:\/\/www.europesays.com\/pl\/wp-json\/wp\/v2\/posts\/111896","targetHints":{"allow":["GET"]}}],"collection":[{"href":"https:\/\/www.europesays.com\/pl\/wp-json\/wp\/v2\/posts"}],"about":[{"href":"https:\/\/www.europesays.com\/pl\/wp-json\/wp\/v2\/types\/post"}],"author":[{"embeddable":true,"href":"https:\/\/www.europesays.com\/pl\/wp-json\/wp\/v2\/users\/2"}],"replies":[{"embeddable":true,"href":"https:\/\/www.europesays.com\/pl\/wp-json\/wp\/v2\/comments?post=111896"}],"version-history":[{"count":0,"href":"https:\/\/www.europesays.com\/pl\/wp-json\/wp\/v2\/posts\/111896\/revisions"}],"wp:featuredmedia":[{"embeddable":true,"href":"https:\/\/www.europesays.com\/pl\/wp-json\/wp\/v2\/media\/111897"}],"wp:attachment":[{"href":"https:\/\/www.europesays.com\/pl\/wp-json\/wp\/v2\/media?parent=111896"}],"wp:term":[{"taxonomy":"category","embeddable":true,"href":"https:\/\/www.europesays.com\/pl\/wp-json\/wp\/v2\/categories?post=111896"},{"taxonomy":"post_tag","embeddable":true,"href":"https:\/\/www.europesays.com\/pl\/wp-json\/wp\/v2\/tags?post=111896"}],"curies":[{"name":"wp","href":"https:\/\/api.w.org\/{rel}","templated":true}]}}