{"id":111915,"date":"2025-11-21T13:47:13","date_gmt":"2025-11-21T13:47:13","guid":{"rendered":"https:\/\/www.europesays.com\/pl\/111915\/"},"modified":"2025-11-21T13:47:13","modified_gmt":"2025-11-21T13:47:13","slug":"influencerka-wysmiewa-ostatnie-afery-z-tanca-z-gwiazdami-wymowny-opis","status":"publish","type":"post","link":"https:\/\/www.europesays.com\/pl\/111915\/","title":{"rendered":"Influencerka wy\u015bmiewa ostatnie afery z &#8222;Ta\u0144ca z gwiazdami&#8221;. Wymowny opis"},"content":{"rendered":"<p class=\"ods-c-paragraph \">Nie da si\u0119 ukry\u0107, \u017ce internauci niemal w ka\u017cdym sezonie &#8222;Ta\u0144ca z gwiazdami&#8221; doszukuj\u0105 si\u0119 romans\u00f3w mi\u0119dzy wybranymi uczestnikami. W przesz\u0142o\u015bci spekulowano o relacji Julii \u017bugaj i Wojciecha Kuciny, a wiosn\u0105 2025 r. tak\u017ce na temat znajomo\u015bci Filipa Gur\u0142acza i Agnieszki Kaczorowskiej, cho\u0107 obie pary stanowczo dementowa\u0142y plotki widz\u00f3w.<\/p>\n<p class=\"ods-c-paragraph \">Teraz, po ostatniej edycji popularnego show, podobne komentarze zacz\u0119\u0142y pojawia\u0107 si\u0119 w odniesieniu do relacji Katarzyny Zillmann i Janji Lesar, kt\u00f3re <a href=\"https:\/\/plejada.pl\/newsy\/katarzyna-zillmann-o-namietnych-zdjeciach-z-janja-lesar-blad-z-mojej-strony\/vlrtcd3\" id=\"28f91078-b893-4094-a037-d655f6c5e3e6\" rel=\"nofollow noopener\" target=\"_blank\">zosta\u0142y przy\u0142apane na czu\u0142ych gestach podczas after party<\/a>. Spekulacje zbieg\u0142y si\u0119 w czasie z <a href=\"https:\/\/plejada.pl\/newsy\/partnerka-katarzyny-zillmann-potwierdza-rozstanie-z-ukochana-nieaktualne-jak-cos\/xk5vr40\" id=\"8dc48115-7418-44bc-9d5d-23515c414bf4\" rel=\"nofollow noopener\" target=\"_blank\">informacj\u0105 o rozstaniu wio\u015blarki z Juli\u0105 Walczak.<\/a><\/p>\n<p>Dalszy ci\u0105g artyku\u0142u pod materia\u0142em wideo<\/p>\n<p> Co dok\u0142adnie powiedzia\u0142a Agnieszka Skrzeczkowska w swoim filmiku? <\/p>\n<p> Jakie relacje by\u0142y spekulowane w 'Ta\u0144cu z gwiazdami&#8217;? <\/p>\n<p> Z kim rozsta\u0142a si\u0119 Katarzyna Zillmann? <\/p>\n<p> Kiedy Agnieszka Skrzeczkowska wzi\u0119\u0142a \u015blub z Karolin\u0105? <\/p>\n<p>  Influencerka wy\u015bmiewa si\u0119 rozstania uczestnik\u00f3w po &#8222;Ta\u0144cu z gwiazdami&#8221;. Wymowny opis<\/p>\n<p class=\"ods-c-paragraph \">Agnieszka Skrzeczkowska \u017cartobliwie odnios\u0142a si\u0119 do tematu romans\u00f3w w &#8222;Ta\u0144cu z gwiazdami&#8221;, publikuj\u0105c nagranie w mediach spo\u0142eczno\u015bciowych, kt\u00f3re opatrzy\u0142a wymownym opisem.<\/p>\n<blockquote class=\"ods-o-quota\">\n<p class=\"ods-o-quota__paragraph\">Kiedy dzwoni\u0105 z &#8222;TzG&#8221; i namawiaj\u0105 mnie, \u017cebym pu\u015bci\u0142a swoj\u0105 \u017con\u0119 do programu<\/p>\n<\/blockquote>\n<p class=\"ods-c-paragraph \">\u2014 czytamy.<\/p>\n<p class=\"ods-c-paragraph \">Warto przypomnie\u0107, \u017ce influencerka nie tylko zgromadzi\u0142a spor\u0105 rzesz\u0119 fan\u00f3w w sieci, lecz tak\u017ce wraz ze swoj\u0105 ukochan\u0105, Karolin\u0105, pojawia\u0142a si\u0119 w popularnych programach, takich jak &#8222;Top Model&#8221; czy &#8222;Love Never Lies&#8221; \u2014 w tym drugim wsp\u00f3lnie triumfowa\u0142y, wygrywaj\u0105c show. Co ciekawe, <a href=\"https:\/\/plejada.pl\/newsy\/agnieszka-skrzeczkowska-i-karolina-brzuszczynska-wziely-slub-pokazaly-nagranie\/pf5n5k4\" id=\"ce0d5f8e-31e5-4266-9d60-d8d4757776c7\" rel=\"nofollow noopener\" target=\"_blank\">na pocz\u0105tku pa\u017adziernika zakochane wzi\u0119\u0142y upragniony \u015blub<\/a>.<\/p>\n<p>   <img decoding=\"async\" src=\"https:\/\/www.europesays.com\/pl\/wp-content\/uploads\/2025\/11\/cXRk9lBaHR0cHM6Ly9vY2RuLmV1L3B1bHNjbXMvTURBXy84YzBhNTZiNWNhMjIxNWZhNjU1NGJmZDY5NWQ3ZWQzMS5qcGeSlQMAA.jpeg\" height=\"628\" width=\"940\" alt=\"Agnieszka Skrzeczkowska i Karolina Brzuszczy\u0144ska\" loading=\"lazy\" class=\"ods-c-image__img ods-c-image__img--viewport-width\"\/><\/p>\n<p>Agnieszka Skrzeczkowska i Karolina Brzuszczy\u0144skaAndras Szilagyi \/ MW Media<\/p>\n<p class=\"ods-c-paragraph \">Dzi\u0119kujemy, \u017ce przeczyta\u0142a\u015b\/e\u015b nasz artyku\u0142 do ko\u0144ca. W serwisie Plejada.pl ka\u017cdego dnia piszemy o najwa\u017cniejszych wydarzeniach show-biznesowych. B\u0105d\u017a na bie\u017c\u0105co! <a rel=\"nofollow noopener\" href=\"https:\/\/profile.google.com\/cp\/Cg0vZy8xMWJ6X19wdHBx\" id=\"11f4338e-5187-45cb-894c-6459675ee646\" target=\"_blank\">Obserwuj<\/a> Plejad\u0119 w Google. Odwied\u017a nas tak\u017ce na <a rel=\"nofollow noopener\" href=\"https:\/\/www.facebook.com\/plejadapl\" id=\"9bba1d1e-0676-4979-9b5c-5e2139848f2f\" target=\"_blank\">Facebooku<\/a>, <a rel=\"nofollow noopener\" href=\"https:\/\/www.instagram.com\/plejadapl\/\" id=\"50e57d04-8b98-486c-9162-641b87c65bae\" target=\"_blank\">Instagramie<\/a>, <a rel=\"nofollow noopener\" href=\"https:\/\/www.youtube.com\/c\/plejada\" id=\"34bb7ef6-f98d-4297-975a-8bbf59668d19\" target=\"_blank\">YouTubie<\/a> oraz <a rel=\"nofollow noopener\" href=\"https:\/\/www.tiktok.com\/@plejada_pl\" id=\"26fb7726-7226-48f6-b4a3-93d51f5ca90e\" target=\"_blank\">TikToku<\/a>.<\/p>\n<p class=\"ods-c-paragraph \">Chcesz podzieli\u0107 si\u0119 ciekawym newsem lub zaproponowa\u0107 temat? Skontaktuj si\u0119 z nami, pisz\u0105c maila na adres: <a rel=\"nofollow noopener\" href=\"https:\/\/plejada.pl\/newsy\/influencerka-wysmiewa-ostatnie-afery-z-tanca-z-gwiazdami-wymowny-opis\/mailto:plejada@redakcjaonet.pl\" id=\"679476f5-951a-4d43-b20e-4c41a55710d8\" target=\"_blank\">plejada@redakcjaon<\/a><a rel=\"nofollow noopener\" href=\"https:\/\/et.pl\/\" id=\"039db9cc-8fed-4627-846d-d0372f6a53e2\" target=\"_blank\">et.pl<\/a>.<\/p>\n<p><script async src=\"\/\/www.instagram.com\/embed.js\"><\/script><script async src=\"\/\/www.tiktok.com\/embed.js\"><\/script><\/p>\n","protected":false},"excerpt":{"rendered":"Nie da si\u0119 ukry\u0107, \u017ce internauci niemal w ka\u017cdym sezonie &#8222;Ta\u0144ca z gwiazdami&#8221; doszukuj\u0105 si\u0119 romans\u00f3w mi\u0119dzy wybranymi&hellip;\n","protected":false},"author":2,"featured_media":111916,"comment_status":"","ping_status":"","sticky":false,"template":"","format":"standard","meta":{"footnotes":""},"categories":[22],"tags":[122,4328,3765,3561,48,125,46,42,38,40,39,41,123,47,1884],"class_list":{"0":"post-111915","1":"post","2":"type-post","3":"status-publish","4":"format-standard","5":"has-post-thumbnail","7":"category-rozrywka","8":"tag-entertainment","9":"tag-influencerzy","10":"tag-janja_lesar","11":"tag-katarzyna_zillmann","12":"tag-nat_styl","13":"tag-newsy","14":"tag-omp","15":"tag-pl","16":"tag-poland","17":"tag-polish","18":"tag-polska","19":"tag-polski","20":"tag-rozrywka","21":"tag-screening_general","22":"tag-taniec_z_gwiazdami"},"share_on_mastodon":{"url":"https:\/\/pubeurope.com\/@pl\/115588002193976287","error":""},"_links":{"self":[{"href":"https:\/\/www.europesays.com\/pl\/wp-json\/wp\/v2\/posts\/111915","targetHints":{"allow":["GET"]}}],"collection":[{"href":"https:\/\/www.europesays.com\/pl\/wp-json\/wp\/v2\/posts"}],"about":[{"href":"https:\/\/www.europesays.com\/pl\/wp-json\/wp\/v2\/types\/post"}],"author":[{"embeddable":true,"href":"https:\/\/www.europesays.com\/pl\/wp-json\/wp\/v2\/users\/2"}],"replies":[{"embeddable":true,"href":"https:\/\/www.europesays.com\/pl\/wp-json\/wp\/v2\/comments?post=111915"}],"version-history":[{"count":0,"href":"https:\/\/www.europesays.com\/pl\/wp-json\/wp\/v2\/posts\/111915\/revisions"}],"wp:featuredmedia":[{"embeddable":true,"href":"https:\/\/www.europesays.com\/pl\/wp-json\/wp\/v2\/media\/111916"}],"wp:attachment":[{"href":"https:\/\/www.europesays.com\/pl\/wp-json\/wp\/v2\/media?parent=111915"}],"wp:term":[{"taxonomy":"category","embeddable":true,"href":"https:\/\/www.europesays.com\/pl\/wp-json\/wp\/v2\/categories?post=111915"},{"taxonomy":"post_tag","embeddable":true,"href":"https:\/\/www.europesays.com\/pl\/wp-json\/wp\/v2\/tags?post=111915"}],"curies":[{"name":"wp","href":"https:\/\/api.w.org\/{rel}","templated":true}]}}