{"id":111921,"date":"2025-11-21T13:52:08","date_gmt":"2025-11-21T13:52:08","guid":{"rendered":"https:\/\/www.europesays.com\/pl\/111921\/"},"modified":"2025-11-21T13:52:08","modified_gmt":"2025-11-21T13:52:08","slug":"nie-zyje-oliwia-uciecha-tragiczna-smierc-nastolatki","status":"publish","type":"post","link":"https:\/\/www.europesays.com\/pl\/111921\/","title":{"rendered":"Nie \u017cyje Oliwia Uciecha. Tragiczna \u015bmier\u0107 nastolatki"},"content":{"rendered":"\n<p class=\"contentpart contentpart--default contentpart--text\" data-position=\"0\">Integracyjne Stowarzyszenie Wi\u015bla\u0144ska Jedynka poinformowa\u0142o o nag\u0142ej \u015bmierci Oliwii Uciechy. M\u0142oda zawodniczka, kt\u00f3rej u\u015bmiech i pasja by\u0142y znane wszystkim, zgin\u0119\u0142a w tragicznym wypadku samochodowym.<\/p>\n<p class=\"contentpart contentpart--default contentpart--text\" data-position=\"1\">&#8222;Z ogromnym smutkiem i \u017calem informujemy o tragicznej \u015bmierci naszej Oliwii. Odesz\u0142a od nas w tak m\u0142odym wieku pozostawiaj\u0105c po sobie pustk\u0119. Oliwia by\u0142a niezwykle utalentowan\u0105 i pracowit\u0105 zawodniczk\u0105, ale przede wszystkim wspania\u0142ym, skromnym i pe\u0142nym pasji cz\u0142owiekiem. Ka\u017cdy kto mia\u0142 okazj\u0119 j\u0105 pozna\u0107 zapami\u0119ta jej u\u015bmiech, skromno\u015b\u0107 i serce&#8221; &#8211; napisa\u0142 zarz\u0105d klubu.<\/p>\n<p> <img role=\"presentation\" src=\"https:\/\/std.wpcdn.pl\/images\/adv\/placeholder_wp.svg\" loading=\"lazy\" alt=\"\" decoding=\"async\"\/>  <\/p>\n<p class=\"contentpart contentpart--default contentpart--text\" data-position=\"2\">Do zdarzenia dosz\u0142o\u00a0w czwartek po po\u0142udniu na ulicy Katowickiej w Ustroniu. 21-letni kierowca BMW, jad\u0105c w kierunku Skoczowa, najecha\u0142 na mazd\u0119. Jej kieruj\u0105ca chcia\u0142a skr\u0119ci\u0107 w lewo. Niestety, w wyniku zderzenia jedna z pasa\u017cerek mazdy zmar\u0142a na miejscu.<\/p>\n<p class=\"contentpart contentpart--default contentpart--text\" data-position=\"3\">Kierowca BMW by\u0142 trze\u017awy, lecz policjanci zdecydowali si\u0119 na pobranie krwi do bada\u0144 i zatrzymanie jego prawa jazdy. Druga z pasa\u017cerek mazdy zosta\u0142a w stanie ci\u0119\u017ckim przetransportowana helikopterem do szpitala.<\/p>\n<p class=\"contentpart contentpart--default contentpart--text\" data-position=\"4\">Oliwia Uciecha wywodzi\u0142a si\u0119 ze sportowej rodziny. Jej m\u0142odsza siostra, 13-letnia Iga r\u00f3wnie\u017c gra w koszyk\u00f3wk\u0119. Reprezentuje klub TRS Si\u0142a Ustro\u0144. Oliwia jeszcze w ubieg\u0142y weekend gra\u0142a mecz ligowy w Wodzis\u0142awiu \u015al\u0105skim.<\/p>\n","protected":false},"excerpt":{"rendered":"Integracyjne Stowarzyszenie Wi\u015bla\u0144ska Jedynka poinformowa\u0142o o nag\u0142ej \u015bmierci Oliwii Uciechy. M\u0142oda zawodniczka, kt\u00f3rej u\u015bmiech i pasja by\u0142y znane&hellip;\n","protected":false},"author":2,"featured_media":111922,"comment_status":"","ping_status":"","sticky":false,"template":"","format":"standard","meta":{"footnotes":""},"categories":[5],"tags":[32,33,36,37,27,2449,34,35,28,31,25,42,38,40,39,41,29,30,26,4970],"class_list":{"0":"post-111921","1":"post","2":"type-post","3":"status-publish","4":"format-standard","5":"has-post-thumbnail","7":"category-naglowki","8":"tag-breaking-news","9":"tag-breakingnews","10":"tag-featured-news","11":"tag-featurednews","12":"tag-headlines","13":"tag-koszykowka","14":"tag-latest-news","15":"tag-latestnews","16":"tag-naglowki","17":"tag-najwazniejsze-artykuly","18":"tag-news","19":"tag-pl","20":"tag-poland","21":"tag-polish","22":"tag-polska","23":"tag-polski","24":"tag-top-stories","25":"tag-topstories","26":"tag-wiadomosci","27":"tag-wisla"},"share_on_mastodon":{"url":"https:\/\/pubeurope.com\/@pl\/115588022095490507","error":""},"_links":{"self":[{"href":"https:\/\/www.europesays.com\/pl\/wp-json\/wp\/v2\/posts\/111921","targetHints":{"allow":["GET"]}}],"collection":[{"href":"https:\/\/www.europesays.com\/pl\/wp-json\/wp\/v2\/posts"}],"about":[{"href":"https:\/\/www.europesays.com\/pl\/wp-json\/wp\/v2\/types\/post"}],"author":[{"embeddable":true,"href":"https:\/\/www.europesays.com\/pl\/wp-json\/wp\/v2\/users\/2"}],"replies":[{"embeddable":true,"href":"https:\/\/www.europesays.com\/pl\/wp-json\/wp\/v2\/comments?post=111921"}],"version-history":[{"count":0,"href":"https:\/\/www.europesays.com\/pl\/wp-json\/wp\/v2\/posts\/111921\/revisions"}],"wp:featuredmedia":[{"embeddable":true,"href":"https:\/\/www.europesays.com\/pl\/wp-json\/wp\/v2\/media\/111922"}],"wp:attachment":[{"href":"https:\/\/www.europesays.com\/pl\/wp-json\/wp\/v2\/media?parent=111921"}],"wp:term":[{"taxonomy":"category","embeddable":true,"href":"https:\/\/www.europesays.com\/pl\/wp-json\/wp\/v2\/categories?post=111921"},{"taxonomy":"post_tag","embeddable":true,"href":"https:\/\/www.europesays.com\/pl\/wp-json\/wp\/v2\/tags?post=111921"}],"curies":[{"name":"wp","href":"https:\/\/api.w.org\/{rel}","templated":true}]}}