{"id":111937,"date":"2025-11-21T14:03:11","date_gmt":"2025-11-21T14:03:11","guid":{"rendered":"https:\/\/www.europesays.com\/pl\/111937\/"},"modified":"2025-11-21T14:03:11","modified_gmt":"2025-11-21T14:03:11","slug":"wezwanie-do-zaplaty-mandatu-za-wycieraczka-policja-ostrzega-przed-falszywkami","status":"publish","type":"post","link":"https:\/\/www.europesays.com\/pl\/111937\/","title":{"rendered":"Wezwanie do zap\u0142aty mandatu za wycieraczk\u0105? Policja ostrzega przed fa\u0142szywkami"},"content":{"rendered":"<ul class=\"ods-m-bullet-list\">\n<li class=\"ods-a-bullet ods-a-bullet--bold\"> Fa\u0142szywe wezwania do zap\u0142aty pozostawiane s\u0105 zar\u00f3wno na parkingach, w strefach p\u0142atnego parkowania i poza nimi <\/li>\n<li class=\"ods-a-bullet ods-a-bullet--bold\"> Wezwanie do zap\u0142aty mo\u017ce dotyczy\u0107 nieop\u0142aconego postoju albo nieprawid\u0142owego parkowania <\/li>\n<li class=\"ods-a-bullet ods-a-bullet--bold\"> Bardzo cz\u0119sto, aby zorientowa\u0107 si\u0119, \u017ce mamy do czynienia z oszustwem, wystarczy znajomo\u015b\u0107\u00a0procedury mandatowej <\/li>\n<li data-section=\"ochat-summary-link\" class=\"ods-a-bullet ods-a-bullet--czatai\"> <a href=\"#\"><br \/>\n    Du\u017co czytania, a ma\u0142o czasu? Sprawd\u017a skr\u00f3t artyku\u0142u<br \/>\n<\/a> <\/li>\n<\/ul>\n<p>SPIS TRE\u015aCI<\/p>\n<ol class=\"ods-a-table-of-content__items\">\n<li class=\"ods-a-table-of-content__item\"><a href=\"#toc-mozesz-dostac-takze-falszywy-mandat-za-zle-parkowanie\" class=\"ods-a-table-of-content__link\">Mo\u017cesz dosta\u0107 tak\u017ce fa\u0142szywy mandat za z\u0142e parkowanie<\/a><\/li>\n<li class=\"ods-a-table-of-content__item\"><a href=\"#toc-skad-od-razu-wiadomo-ze-mandat-jest-falszywy\" class=\"ods-a-table-of-content__link\">Sk\u0105d od razu wiadomo, \u017ce &#8222;mandat&#8221; jest fa\u0142szywy?<\/a><\/li>\n<li class=\"ods-a-table-of-content__item\"><a href=\"#toc-policja-radzi-tego-nie-rob-bo-stracisz-pieniadze\" class=\"ods-a-table-of-content__link\">Policja radzi: tego nie r\u00f3b, bo stracisz pieni\u0105dze!<\/a><\/li>\n<\/ol>\n<p class=\"ods-c-paragraph \">Policjanci z Cieszyna uwa\u017caj\u0105, \u017ce wezwanie, jakie znalaz\u0142 za wycieraczk\u0105 mieszkaniec tego miasta, wygl\u0105da\u0142o bardzo wiarygodnie. Dokument by\u0142 zalaminowany, zawiera\u0142 numer rejestracyjny samochodu oraz dane konta bankowego, na kt\u00f3re nale\u017ca\u0142o wp\u0142aci\u0107 op\u0142at\u0119 karn\u0105. Wystawca wezwania domaga\u0142 si\u0119 200 z\u0142 i lojalnie uprzedza\u0142, \u017ce &#8222;w razie nieuiszczenia wp\u0142aty w terminie trzech dni kwota ulega podwy\u017cszeniu do 300 z\u0142&#8221;.<\/p>\n<p> Jakie wezwania do zap\u0142aty mog\u0105 by\u0107 fa\u0142szywe? <\/p>\n<p> Co zrobi\u0107, je\u015bli znajd\u0119 takie wezwanie za wycieraczk\u0105? <\/p>\n<p> Jak rozpozna\u0107, czy mandat jest prawdziwy? <\/p>\n<p> Czy mog\u0119 skanowa\u0107 kody QR z wezwa\u0144 do zap\u0142aty? <\/p>\n<p class=\"ods-c-paragraph \">Przeczytaj tak\u017ce: <a href=\"https:\/\/www.auto-swiat.pl\/wiadomosci\/aktualnosci\/jak-sprawdzic-czy-mandat-jest-prawdziwy-kiedy-nie-trzeba-placic-za-mandat\/dxzrz3j\" id=\"37d961db-ac85-4bc1-85ba-4b734f626420\" rel=\"nofollow noopener\" target=\"_blank\">Oszukuj\u0105 na CANARD. Kierowca musi patrze\u0107 na szczeg\u00f3\u0142y, kiedy dostanie taki list<\/a><\/p>\n<p><img decoding=\"async\" src=\"https:\/\/www.europesays.com\/pl\/wp-content\/uploads\/2025\/11\/6MPk9lBaHR0cHM6Ly9vY2RuLmV1L3B1bHNjbXMvTURBXy9jODE1YTQ2YmFkZTYwN2FiY2IyNTlhNzQ1ZTliNzcyZC5qcGeRlQLNB.jpeg\" height=\"375\" width=\"940\" alt=\"Takie wezwania zostawiali oszu\u015bci kierowcom w Cieszynie\" loading=\"lazy\" class=\"ods-c-image__img ods-c-image__img--viewport-width\"\/><\/p>\n<p>Takie wezwania zostawiali oszu\u015bci kierowcom w CieszyniePolicja<\/p>\n<p class=\"ods-c-paragraph \">Szczerze powiedziawszy, wezwanie to wygl\u0105da\u0142o podobnie jak wezwania wystawiane przez r\u00f3\u017cne firmy faktycznie zarz\u0105dzaj\u0105ce parkingami np. pod du\u017cymi sklepami. Czy takie &#8222;op\u0142aty za gapiostwo&#8221; (zwykle wystawiane za to, \u017ce kto\u015b nie pobra\u0142 darmowego biletu z parkometru) nale\u017cy op\u0142aca\u0107 czy te\u017c nie, to inny temat \u2013 tym razem jednak chodzi\u0142o o co\u015b innego: wezwanie pozostawi\u0142 za wycieraczk\u0105 mieszka\u0144ca Cieszyna pospolity oszust. Kierowca nabra\u0142 podejrze\u0144 i zg\u0142osi\u0142 spraw\u0119 Policji, szybko okaza\u0142o si\u0119, \u017ce na cieszy\u0144skich parkingach grasuj\u0105 oszu\u015bci.<\/p>\n<p>   Mo\u017cesz dosta\u0107 tak\u017ce fa\u0142szywy mandat za z\u0142e parkowanie<\/p>\n<p class=\"ods-c-paragraph \">Niedawno przed fa\u0142szywymi wezwaniami do zap\u0142aty ostrzega\u0142a te\u017c Krajowa Administracja Skarbowa. Te wezwania wygl\u0105da\u0142y o wiele bardziej profesjonalnie ni\u017c zalaminowany wydruk z przeno\u015bnej drukarki: by\u0142o logo KAS, flaga, podana podstawa prawna i kod QR. &#8222;Mandat mo\u017cliwy do op\u0142acenia drog\u0105 elektroniczn\u0105 w terminie 7 dni&#8221; \u2013 brzmia\u0142 napis.<\/p>\n<p class=\"ods-c-paragraph \">Mo\u017cna doda\u0107, \u017ce wskazana w &#8222;wezwaniu&#8221; podstawa prawna dotyczy parkowania, przepis ten brzmi:<\/p>\n<blockquote class=\"ods-o-quota\">\n<p class=\"ods-o-quota__paragraph\">Art. 47. 1. Dopuszcza si\u0119 zatrzymanie lub post\u00f3j na drodze dla pieszych ko\u0142ami jednego boku lub przedniej osi pojazdu samochodowego o dopuszczalnej masie ca\u0142kowitej nieprzekraczaj\u0105cej 2,5 t, pod warunkiem \u017ce:<\/p>\n<p class=\"ods-o-quota__paragraph\">1) na danym odcinku jezdni nie obowi\u0105zuje zakaz zatrzymania lub postoju;<\/p>\n<p class=\"ods-o-quota__paragraph\">2) szeroko\u015b\u0107 chodnika jest nie mniejsza ni\u017c 1,5 m i nie utrudni ruchu pieszych;<\/p>\n<p class=\"ods-o-quota__paragraph\">3) pojazd umieszczony przedni\u0105 osi\u0105 na drodze dla pieszych nie tamuje ruchu pojazd\u00f3w na jezdni.<\/p>\n<\/blockquote>\n<p class=\"ods-c-paragraph \">Zapewne niejeden kierowca zap\u0142aci\u0142, a tymczasem&#8230;<\/p>\n<p>Sk\u0105d od razu wiadomo, \u017ce &#8222;mandat&#8221; jest fa\u0142szywy?   <img decoding=\"async\" src=\"https:\/\/www.europesays.com\/pl\/wp-content\/uploads\/2025\/11\/00dk9lBaHR0cHM6Ly9vY2RuLmV1L3B1bHNjbXMvTURBXy81NGVhMDk3Yjc0NDdlMWQ5OGY5Yjk2ZWJkMmFiMjUzYy5qcGeRlQLNB.jpeg\" height=\"627\" width=\"940\" alt=\"Blokada na ko\u0142o \u2013 zdj\u0119cie ilustracyjne\" loading=\"lazy\" class=\"ods-c-image__img ods-c-image__img--viewport-width\"\/><\/p>\n<p>Blokada na ko\u0142o \u2013 zdj\u0119cie ilustracyjneDaniel Sztork \/ Shutterstock<\/p>\n<p class=\"ods-c-paragraph \">Rzecz w tym, \u017ce ani Policja, ani Krajowa Administracja Skarbowa, ani stra\u017ce miejskie nie maj\u0105 prawa wystawi\u0107 mandatu, maj\u0105c do dyspozycji jedynie numer rejestracyjny samochodu. Co do zasady samoch\u00f3d nie mo\u017ce w naszym imieniu przyj\u0105\u0107 mandatu \u2013 a zgoda na przyj\u0119cie mandatu jest niezb\u0119dna, aby mo\u017cna by\u0142o go wystawi\u0107.<\/p>\n<p class=\"ods-c-paragraph \">Je\u015bli wi\u0119c stra\u017c miejska, policja czy inne uprawnione s\u0142u\u017cby chc\u0105 ukara\u0107 kierowc\u0119 np. za nieprawid\u0142owe parkowanie, a kierowcy nie ma po r\u0119k\u0105, to albo blokuj\u0105 samoch\u00f3d, zmuszaj\u0105c kierowc\u0105 do wezwania ekipy zdejmuj\u0105cej blokady (i wtedy kierowca zostaje wylegitymowany), albo pozostawiaj\u0105 wezwanie za wycieraczk\u0105, kt\u00f3rego zignorowanie spowoduje, \u017ce w\u0142a\u015bciciel samochodu otrzyma stosowne wezwanie poczt\u0105.<\/p>\n<p class=\"ods-c-paragraph \">Wci\u0105\u017c m\u00f3wimy jednak o wezwaniu do z\u0142o\u017cenia wyja\u015bnie\u0144 \u2013 a nie wezwaniu do op\u0142acenia mandatu. Mo\u017ce si\u0119 bowiem zdarzy\u0107, \u017ce to nie w\u0142a\u015bciciel kierowa\u0142 samochodem i nie mo\u017ce odpowiada\u0107 za jego nieprawid\u0142owe zaparkowanie, w takim wypadku ma on jednak obowi\u0105zek wskaza\u0107 uprawnionym s\u0142u\u017cbom, kto w danym momencie dysponowa\u0142 samochodem (na marginesie: tego obowi\u0105zku w\u0142a\u015bciciel samochodu nie ma wobec prywatnego zarz\u0105dcy parkingu).<\/p>\n<p>Policja radzi: tego nie r\u00f3b, bo stracisz pieni\u0105dze!<\/p>\n<ul class=\"ods-m-bullet-list\">\n<li class=\"ods-a-bullet ods-a-bullet--normal\"> Nie skanuj \u017cadnych kod\u00f3w QR, mog\u0105 one prowadzi\u0107 wprost do niebezpiecznych stron internetowych; skanowanie kodu QR, by zap\u0142aci\u0107 &#8222;mandat&#8221;, tak\u017ce z oczywistych wzgl\u0119d\u00f3w jest bez sensu. <\/li>\n<li class=\"ods-a-bullet ods-a-bullet--normal\"> Nie r\u00f3b \u017cadnego przelewu, dop\u00f3ki nie potwierdzisz autentyczno\u015bci dokumentu <\/li>\n<li class=\"ods-a-bullet ods-a-bullet--normal\"> W razie jakiegokolwiek podejrzenia, \u017ce dokument nie jest autentyczny, nie dzwo\u0144 na wskazany numer telefonu <\/li>\n<li class=\"ods-a-bullet ods-a-bullet--normal\"> Wyszukaj na w\u0142asn\u0105 r\u0119k\u0119 dane teleadresowe urz\u0119du, kt\u00f3ry wystawi\u0142 wezwanie \u2013 dzwo\u0144 na numer podany na oficjalnej stronie urz\u0119du czy s\u0142u\u017cby, bo dowiedzie\u0107 si\u0119, czy rzeczywi\u015bcie &#8222;jest sprawa&#8221; <\/li>\n<li class=\"ods-a-bullet ods-a-bullet--normal\"> Je\u015bli s\u0105dzisz, \u017ce masz do czynienia z oszustwem, zawiadom policj\u0119 <\/li>\n<\/ul>\n","protected":false},"excerpt":{"rendered":"Fa\u0142szywe wezwania do zap\u0142aty pozostawiane s\u0105 zar\u00f3wno na parkingach, w strefach p\u0142atnego parkowania i poza nimi Wezwanie do&hellip;\n","protected":false},"author":2,"featured_media":111938,"comment_status":"","ping_status":"","sticky":false,"template":"","format":"standard","meta":{"footnotes":""},"categories":[16],"tags":[210,113,112,24509,1366,48,46,12815,3775,42,38,414,40,39,41,47,26],"class_list":{"0":"post-111937","1":"post","2":"type-post","3":"status-publish","4":"format-standard","5":"has-post-thumbnail","7":"category-biznes","8":"tag-aktualnosci","9":"tag-biznes","10":"tag-business","11":"tag-falszywe_wiadomosci","12":"tag-mandat","13":"tag-nat_styl","14":"tag-omp","15":"tag-oszusci","16":"tag-parkowanie","17":"tag-pl","18":"tag-poland","19":"tag-policja","20":"tag-polish","21":"tag-polska","22":"tag-polski","23":"tag-screening_general","24":"tag-wiadomosci"},"share_on_mastodon":{"url":"https:\/\/pubeurope.com\/@pl\/115588065440407809","error":""},"_links":{"self":[{"href":"https:\/\/www.europesays.com\/pl\/wp-json\/wp\/v2\/posts\/111937","targetHints":{"allow":["GET"]}}],"collection":[{"href":"https:\/\/www.europesays.com\/pl\/wp-json\/wp\/v2\/posts"}],"about":[{"href":"https:\/\/www.europesays.com\/pl\/wp-json\/wp\/v2\/types\/post"}],"author":[{"embeddable":true,"href":"https:\/\/www.europesays.com\/pl\/wp-json\/wp\/v2\/users\/2"}],"replies":[{"embeddable":true,"href":"https:\/\/www.europesays.com\/pl\/wp-json\/wp\/v2\/comments?post=111937"}],"version-history":[{"count":0,"href":"https:\/\/www.europesays.com\/pl\/wp-json\/wp\/v2\/posts\/111937\/revisions"}],"wp:featuredmedia":[{"embeddable":true,"href":"https:\/\/www.europesays.com\/pl\/wp-json\/wp\/v2\/media\/111938"}],"wp:attachment":[{"href":"https:\/\/www.europesays.com\/pl\/wp-json\/wp\/v2\/media?parent=111937"}],"wp:term":[{"taxonomy":"category","embeddable":true,"href":"https:\/\/www.europesays.com\/pl\/wp-json\/wp\/v2\/categories?post=111937"},{"taxonomy":"post_tag","embeddable":true,"href":"https:\/\/www.europesays.com\/pl\/wp-json\/wp\/v2\/tags?post=111937"}],"curies":[{"name":"wp","href":"https:\/\/api.w.org\/{rel}","templated":true}]}}